{"id":3048,"date":"2026-03-14T00:42:53","date_gmt":"2026-03-14T00:42:53","guid":{"rendered":"https:\/\/busondakika.com.tr\/?p=3048"},"modified":"2026-03-14T00:42:54","modified_gmt":"2026-03-14T00:42:54","slug":"edremit-belediyesi-iftar-sofralari-altinolukta-kuruldu","status":"publish","type":"post","link":"https:\/\/busondakika.com.tr\/?p=3048","title":{"rendered":"Edremit Belediyesi iftar sofralar\u0131 Alt\u0131noluk\u2019ta kuruldu"},"content":{"rendered":"<p> Edremit Belediyesi\u2019nin Ramazan ay\u0131 boyunca il\u00e7enin farkl\u0131 mahallelerinde kurdu\u011fu iftar sofralar\u0131 Alt\u0131noluk Mahallesi\u2019nde devam etti. T\u00fcrkan Saylan K\u00fclt\u00fcr Merkezi\u2019nde d\u00fczenlenen iftar program\u0131nda y\u00fczlerce vatanda\u015f ayn\u0131 sofrada bulu\u015farak oru\u00e7lar\u0131n\u0131 birlikte a\u00e7t\u0131.<\/p>\n<p>Edremit Belediyesi\u2019nin sosyal belediyecilik anlay\u0131\u015f\u0131yla d\u00fczenledi\u011fi toplu iftar programlar\u0131, Ramazan ay\u0131n\u0131n birlik, beraberlik ve payla\u015fma ruhunu il\u00e7enin d\u00f6rt bir yan\u0131nda ya\u015fat\u0131yor. Mahalle mahalle kurulan iftar sofralar\u0131 kom\u015fuluk ba\u011flar\u0131n\u0131 g\u00fc\u00e7lendirirken her kesimden vatanda\u015f\u0131 da bir araya getiriyor.<\/p>\n<p>Daha \u00f6nce Tuzcumurat, Ak\u00e7ay, Kad\u0131k\u00f6y, Alt\u0131nkum, \u0130brahimce ve G\u00fcre mahallelerinde kurulan g\u00f6n\u00fcl sofralar\u0131, Alt\u0131noluk Mahallesi\u2019nde vatanda\u015flar\u0131n yo\u011fun kat\u0131l\u0131m\u0131yla devam etti. T\u00fcrkan Saylan K\u00fclt\u00fcr Merkezi\u2019nde kurulan iftar sofras\u0131nda mahalle sakinleri, kom\u015fular ve aileler Ramazan\u2019\u0131n bereketini birlikte payla\u015ft\u0131.<\/p>\n<p>\u0130ftar program\u0131 \u00f6ncesinde Alt\u0131noluk\u2019ta vatanda\u015flarla bir araya gelen Edremit Belediye Ba\u015fkan\u0131 Mehmet Erta\u015f, esnaf\u0131 ziyaret ederek hay\u0131rl\u0131 ve bereketli kazan\u00e7lar diledi. Mahalle sakinleriyle sohbet eden ve talep ile \u00f6nerilerini dinleyen Ba\u015fkan Erta\u015f, hem\u015fehrilerini ak\u015fam d\u00fczenlenecek iftar program\u0131na davet etti.<\/p>\n<p>Edremit Belediye Ba\u015fkan\u0131 Mehmet Erta\u015f da iftar program\u0131na kat\u0131larak vatanda\u015flarla ayn\u0131 sofrada iftar yapt\u0131. \u0130ftar \u00f6ncesi ve sonras\u0131nda vatanda\u015flarla sohbet eden Ba\u015fkan Erta\u015f, Ramazan ay\u0131n\u0131n dayan\u0131\u015fma ve payla\u015fma ay\u0131 oldu\u011funa dikkat \u00e7ekti.<\/p>\n<p>Ba\u015fkan Erta\u015f yapt\u0131\u011f\u0131 a\u00e7\u0131klamada, \u201cBu ak\u015fam Alt\u0131noluk T\u00fcrkan Saylan K\u00fclt\u00fcr Merkezi\u2019nde kurdu\u011fumuz dayan\u0131\u015fma ve g\u00f6n\u00fcl sofram\u0131zda hem\u015fehrilerimizle ayn\u0131 \u00e7at\u0131n\u0131n alt\u0131nda, ayn\u0131 sofrada bulu\u015ftuk. Ramazan\u2019\u0131n bereketini, dayan\u0131\u015fman\u0131n s\u0131cakl\u0131\u011f\u0131n\u0131 ve birlikte olman\u0131n huzurunu hep birlikte hissettik. Bizlerle ayn\u0131 sofray\u0131 payla\u015fan t\u00fcm hem\u015fehrilerime y\u00fcrekten te\u015fekk\u00fcr ediyorum. Payla\u015fman\u0131n bereketini, birlikte olman\u0131n g\u00fcc\u00fcn\u00fc ve dayan\u0131\u015fman\u0131n s\u0131cakl\u0131\u011f\u0131n\u0131 hep birlikte ya\u015famaya devam edece\u011fiz\u201d dedi.<\/p>\n<p>Edremit Belediyesi\u2019nin Ramazan ay\u0131 boyunca farkl\u0131 mahallerde kurdu\u011fu iftar sofralar\u0131n\u0131n Cumhuriyet Mahallesi ile sona erece\u011fi bildirildi.<\/p>\n<p>\u00a0<\/p>\n<p>Kaynak: (BYZHA) Beyaz Haber Ajans\u0131<\/p>\n","protected":false},"excerpt":{"rendered":"<p>Edremit Belediyesi\u2019nin Ramazan ay\u0131 boyunca il\u00e7enin farkl\u0131 mahallelerinde kurdu\u011fu iftar sofralar\u0131 Alt\u0131noluk Mahallesi\u2019nde devam etti.<\/p>\n","protected":false},"author":1,"featured_media":3049,"comment_status":"open","ping_status":"open","sticky":false,"template":"","format":"standard","meta":{"footnotes":""},"categories":[21],"tags":[],"class_list":["post-3048","post","type-post","status-publish","format-standard","has-post-thumbnail","hentry","category-gundem"],"_links":{"self":[{"href":"https:\/\/busondakika.com.tr\/index.php?rest_route=\/wp\/v2\/posts\/3048","targetHints":{"allow":["GET"]}}],"collection":[{"href":"https:\/\/busondakika.com.tr\/index.php?rest_route=\/wp\/v2\/posts"}],"about":[{"href":"https:\/\/busondakika.com.tr\/index.php?rest_route=\/wp\/v2\/types\/post"}],"author":[{"embeddable":true,"href":"https:\/\/busondakika.com.tr\/index.php?rest_route=\/wp\/v2\/users\/1"}],"replies":[{"embeddable":true,"href":"https:\/\/busondakika.com.tr\/index.php?rest_route=%2Fwp%2Fv2%2Fcomments&post=3048"}],"version-history":[{"count":1,"href":"https:\/\/busondakika.com.tr\/index.php?rest_route=\/wp\/v2\/posts\/3048\/revisions"}],"predecessor-version":[{"id":3050,"href":"https:\/\/busondakika.com.tr\/index.php?rest_route=\/wp\/v2\/posts\/3048\/revisions\/3050"}],"wp:featuredmedia":[{"embeddable":true,"href":"https:\/\/busondakika.com.tr\/index.php?rest_route=\/wp\/v2\/media\/3049"}],"wp:attachment":[{"href":"https:\/\/busondakika.com.tr\/index.php?rest_route=%2Fwp%2Fv2%2Fmedia&parent=3048"}],"wp:term":[{"taxonomy":"category","embeddable":true,"href":"https:\/\/busondakika.com.tr\/index.php?rest_route=%2Fwp%2Fv2%2Fcategories&post=3048"},{"taxonomy":"post_tag","embeddable":true,"href":"https:\/\/busondakika.com.tr\/index.php?rest_route=%2Fwp%2Fv2%2Ftags&post=3048"}],"curies":[{"name":"wp","href":"https:\/\/api.w.org\/{rel}","templated":true}]}}