{"id":3051,"date":"2026-03-14T00:42:55","date_gmt":"2026-03-14T00:42:55","guid":{"rendered":"https:\/\/busondakika.com.tr\/?p=3051"},"modified":"2026-03-14T00:42:55","modified_gmt":"2026-03-14T00:42:55","slug":"malkarada-gecmis-donem-belediye-baskanlari-ve-meclis-uyeleri-iftarda-bulustu","status":"publish","type":"post","link":"https:\/\/busondakika.com.tr\/?p=3051","title":{"rendered":"Malkara\u2019da Ge\u00e7mi\u015f D\u00f6nem Belediye Ba\u015fkanlar\u0131 ve Meclis \u00dcyeleri \u0130ftarda Bulu\u015ftu"},"content":{"rendered":"\n<p style=\"text-align:justify;text-indent:35.4pt\"><span style=\"font-size:12pt\"><span style=\"line-height:115%\"><span style=\",serif\"><span style=\",sans-serif\">Malkara Belediyesi taraf\u0131ndan d\u00fczenlenen iftar program\u0131nda, ge\u00e7mi\u015f d\u00f6nem Malkara Belediye Ba\u015fkanlar\u0131 ve Belediye Meclis \u00dcyeleri ayn\u0131 sofrada bir araya geldi. 12 Mart 2026 Per\u015fembe ak\u015fam\u0131 ger\u00e7ekle\u015ftirilen programda Ramazan ay\u0131n\u0131n birlik, beraberlik ve dayan\u0131\u015fma ruhu payla\u015f\u0131ld\u0131.<\/span><\/span><\/span><\/span><\/p>\n<p style=\"text-align:justify;text-indent:35.4pt\"><span style=\"font-size:12pt\"><span style=\"line-height:115%\"><span style=\",serif\"><span style=\",sans-serif\">D\u00fczenlenen iftar program\u0131nda konu\u015fan Malkara Belediye Ba\u015fkan\u0131 Nergiz Karaa\u011fa\u00e7l\u0131 \u00d6zt\u00fcrk, ge\u00e7mi\u015f d\u00f6nemlerde Malkara\u2019ya hizmet etmi\u015f belediye ba\u015fkanlar\u0131 ve meclis \u00fcyeleriyle ayn\u0131 sofrada bulu\u015fman\u0131n anlaml\u0131 oldu\u011funu belirtti.<\/span><\/span><\/span><\/span><\/p>\n<p style=\"text-align:justify;text-indent:35.4pt\"><span style=\"font-size:12pt\"><span style=\"line-height:115%\"><span style=\",serif\"><span style=\",sans-serif\">Belediye Ba\u015fkan\u0131 Nergiz Karaa\u011fa\u00e7l\u0131 \u00d6zt\u00fcrk konu\u015fmas\u0131nda, \u201cGe\u00e7mi\u015f d\u00f6nem Malkara Belediye Ba\u015fkanlar\u0131m\u0131z ve Meclis \u00dcyelerimiz ile iftar program\u0131nda bir araya gelmenin mutlulu\u011funu ya\u015f\u0131yoruz. Malkaram\u0131za bug\u00fcne kadar verdikleri emek ve katk\u0131lar i\u00e7in her birine g\u00f6n\u00fclden te\u015fekk\u00fcr ediyorum. Ramazan ay\u0131; payla\u015fman\u0131n, dayan\u0131\u015fman\u0131n ve karde\u015fli\u011fin en g\u00fc\u00e7l\u00fc \u015fekilde hissedildi\u011fi m\u00fcbarek bir zaman dilimidir. Rabbim tuttu\u011fumuz oru\u00e7lar\u0131 ve yapt\u0131\u011f\u0131m\u0131z ibadetleri kabul eylesin. Ramazan\u2019\u0131n birlik, beraberlik ve karde\u015flik ikliminin daim olmas\u0131n\u0131 diliyorum\u201d ifadelerini kulland\u0131.<\/span><\/span><\/span><\/span><\/p>\n<p style=\"text-align:justify;text-indent:35.4pt\"><span style=\"font-size:12pt\"><span style=\"line-height:115%\"><span style=\",serif\"><span style=\",sans-serif\">\u0130ftar program\u0131, yap\u0131lan sohbetlerin ard\u0131ndan hat\u0131ra foto\u011fraf\u0131 \u00e7ekimi ile sona erdi.<\/span><\/span><\/span><\/span><\/p>\n<p style=\"text-align:justify;text-indent:35.4pt\">\u00a0<\/p>\n<p style=\"text-align:justify;text-indent:35.4pt\">\u00a0<\/p>\n<p>Kaynak: (BYZHA) Beyaz Haber Ajans\u0131<\/p>\n","protected":false},"excerpt":{"rendered":"<p>Malkara Belediyesi taraf\u0131ndan d\u00fczenlenen iftar program\u0131nda, ge\u00e7mi\u015f d\u00f6nem Malkara Belediye Ba\u015fkanlar\u0131 ve Belediye Meclis \u00dcyeleri ayn\u0131 sofrada bir araya geldi.<\/p>\n","protected":false},"author":1,"featured_media":3052,"comment_status":"open","ping_status":"open","sticky":false,"template":"","format":"standard","meta":{"footnotes":""},"categories":[21],"tags":[],"class_list":["post-3051","post","type-post","status-publish","format-standard","has-post-thumbnail","hentry","category-gundem"],"_links":{"self":[{"href":"https:\/\/busondakika.com.tr\/index.php?rest_route=\/wp\/v2\/posts\/3051","targetHints":{"allow":["GET"]}}],"collection":[{"href":"https:\/\/busondakika.com.tr\/index.php?rest_route=\/wp\/v2\/posts"}],"about":[{"href":"https:\/\/busondakika.com.tr\/index.php?rest_route=\/wp\/v2\/types\/post"}],"author":[{"embeddable":true,"href":"https:\/\/busondakika.com.tr\/index.php?rest_route=\/wp\/v2\/users\/1"}],"replies":[{"embeddable":true,"href":"https:\/\/busondakika.com.tr\/index.php?rest_route=%2Fwp%2Fv2%2Fcomments&post=3051"}],"version-history":[{"count":1,"href":"https:\/\/busondakika.com.tr\/index.php?rest_route=\/wp\/v2\/posts\/3051\/revisions"}],"predecessor-version":[{"id":3053,"href":"https:\/\/busondakika.com.tr\/index.php?rest_route=\/wp\/v2\/posts\/3051\/revisions\/3053"}],"wp:featuredmedia":[{"embeddable":true,"href":"https:\/\/busondakika.com.tr\/index.php?rest_route=\/wp\/v2\/media\/3052"}],"wp:attachment":[{"href":"https:\/\/busondakika.com.tr\/index.php?rest_route=%2Fwp%2Fv2%2Fmedia&parent=3051"}],"wp:term":[{"taxonomy":"category","embeddable":true,"href":"https:\/\/busondakika.com.tr\/index.php?rest_route=%2Fwp%2Fv2%2Fcategories&post=3051"},{"taxonomy":"post_tag","embeddable":true,"href":"https:\/\/busondakika.com.tr\/index.php?rest_route=%2Fwp%2Fv2%2Ftags&post=3051"}],"curies":[{"name":"wp","href":"https:\/\/api.w.org\/{rel}","templated":true}]}}