{"id":3057,"date":"2026-03-14T00:42:58","date_gmt":"2026-03-14T00:42:58","guid":{"rendered":"https:\/\/busondakika.com.tr\/?p=3057"},"modified":"2026-03-14T00:42:58","modified_gmt":"2026-03-14T00:42:58","slug":"sosyal-marketle-ihtiyac-sahiplerine-ramazan-destegi","status":"publish","type":"post","link":"https:\/\/busondakika.com.tr\/?p=3057","title":{"rendered":"Sosyal Marketle \u0130htiya\u00e7 Sahiplerine Ramazan Deste\u011fi"},"content":{"rendered":"<p> <b>Kahramankazan Belediyesi, Sosyal Destek Merkezi arac\u0131l\u0131\u011f\u0131yla ihtiya\u00e7 sahibi vatanda\u015flara destek sa\u011flamaya devam ediyor.<\/b><\/p>\n<p><b>\u00a0<\/b>Ramazan ay\u0131 dolay\u0131s\u0131yla belediye taraf\u0131ndan sosyal yard\u0131m kapsam\u0131nda Halk Kartlar\u0131na y\u00fcklenen bakiye ile vatanda\u015flar, Sosyal Marketten temel ihtiya\u00e7 \u00fcr\u00fcnlerini temin ederek al\u0131\u015fveri\u015f yap\u0131yor. Sosyal belediyecilik anlay\u0131\u015f\u0131yla y\u00fcr\u00fct\u00fclen uygulama sayesinde vatanda\u015flar, kendileri i\u00e7in haz\u0131rlanan sosyal marketten ihtiya\u00e7 duyduklar\u0131 \u00fcr\u00fcnleri se\u00e7erek al\u0131\u015fveri\u015f yapma imkan\u0131 buluyor.<\/p>\n<p>Kahramankazan Belediye Ba\u015fkan\u0131 Selim \u00c7\u0131rpano\u011flu, Ramazan ay\u0131n\u0131n payla\u015fma ve dayan\u0131\u015fma ay\u0131 oldu\u011funu belirterek: \u201c\u0130htiya\u00e7 sahibi vatanda\u015flar\u0131m\u0131z\u0131n her zaman yan\u0131nday\u0131z. Ramazan dolay\u0131s\u0131yla Halk Kartlara y\u00fcklenen desteklerle hem\u015fehrilerimizin temel ihtiya\u00e7lar\u0131n\u0131 kar\u015f\u0131lamalar\u0131na katk\u0131 sa\u011flamaya devam ediyoruz.\u201d dedi.<\/p>\n<p>\u00a0<\/p>\n<p>Kaynak: (BYZHA) Beyaz Haber Ajans\u0131<\/p>\n","protected":false},"excerpt":{"rendered":"<p>Kahramankazan Belediyesi, Sosyal Destek Merkezi arac\u0131l\u0131\u011f\u0131yla ihtiya\u00e7 sahibi vatanda\u015flara destek sa\u011flamaya devam ediyor.<\/p>\n","protected":false},"author":1,"featured_media":3058,"comment_status":"open","ping_status":"open","sticky":false,"template":"","format":"standard","meta":{"footnotes":""},"categories":[21],"tags":[],"class_list":["post-3057","post","type-post","status-publish","format-standard","has-post-thumbnail","hentry","category-gundem"],"_links":{"self":[{"href":"https:\/\/busondakika.com.tr\/index.php?rest_route=\/wp\/v2\/posts\/3057","targetHints":{"allow":["GET"]}}],"collection":[{"href":"https:\/\/busondakika.com.tr\/index.php?rest_route=\/wp\/v2\/posts"}],"about":[{"href":"https:\/\/busondakika.com.tr\/index.php?rest_route=\/wp\/v2\/types\/post"}],"author":[{"embeddable":true,"href":"https:\/\/busondakika.com.tr\/index.php?rest_route=\/wp\/v2\/users\/1"}],"replies":[{"embeddable":true,"href":"https:\/\/busondakika.com.tr\/index.php?rest_route=%2Fwp%2Fv2%2Fcomments&post=3057"}],"version-history":[{"count":1,"href":"https:\/\/busondakika.com.tr\/index.php?rest_route=\/wp\/v2\/posts\/3057\/revisions"}],"predecessor-version":[{"id":3059,"href":"https:\/\/busondakika.com.tr\/index.php?rest_route=\/wp\/v2\/posts\/3057\/revisions\/3059"}],"wp:featuredmedia":[{"embeddable":true,"href":"https:\/\/busondakika.com.tr\/index.php?rest_route=\/wp\/v2\/media\/3058"}],"wp:attachment":[{"href":"https:\/\/busondakika.com.tr\/index.php?rest_route=%2Fwp%2Fv2%2Fmedia&parent=3057"}],"wp:term":[{"taxonomy":"category","embeddable":true,"href":"https:\/\/busondakika.com.tr\/index.php?rest_route=%2Fwp%2Fv2%2Fcategories&post=3057"},{"taxonomy":"post_tag","embeddable":true,"href":"https:\/\/busondakika.com.tr\/index.php?rest_route=%2Fwp%2Fv2%2Ftags&post=3057"}],"curies":[{"name":"wp","href":"https:\/\/api.w.org\/{rel}","templated":true}]}}