{"id":3060,"date":"2026-03-14T00:42:59","date_gmt":"2026-03-14T00:42:59","guid":{"rendered":"https:\/\/busondakika.com.tr\/?p=3060"},"modified":"2026-03-14T00:43:00","modified_gmt":"2026-03-14T00:43:00","slug":"fatih-mahallesinde-asfalt-calismalari-suruyor","status":"publish","type":"post","link":"https:\/\/busondakika.com.tr\/?p=3060","title":{"rendered":"Fatih Mahallesi\u2019nde Asfalt \u00c7al\u0131\u015fmalar\u0131 S\u00fcr\u00fcyor"},"content":{"rendered":"<p> <b>Kahramankazan Belediye Ba\u015fkan\u0131 Selim \u00c7\u0131rpano\u011flu, Fatih Mahallesi\u2019nde devam eden asfalt \u00e7al\u0131\u015fmalar\u0131n\u0131 yerinde inceledi.<\/b><\/p>\n<p><b>\u00a0<\/b>Barbaros Hayrettin Pa\u015fa Caddesi\u2019nde y\u00fcr\u00fct\u00fclen \u00e7al\u0131\u015fmalar\u0131 sahada takip eden Ba\u015fkan \u00c7\u0131rpano\u011flu, ekiplerden \u00e7al\u0131\u015fmalar hakk\u0131nda bilgi ald\u0131. \u0130nceleme s\u0131ras\u0131nda \u00e7al\u0131\u015fanlara kolayl\u0131klar dileyen Ba\u015fkan \u00c7\u0131rpano\u011flu, il\u00e7ede ula\u015f\u0131m konforunu art\u0131rmaya y\u00f6nelik \u00e7al\u0131\u015fmalar\u0131n aral\u0131ks\u0131z s\u00fcrd\u00fc\u011f\u00fcn\u00fc belirtti. Ankara B\u00fcy\u00fck\u015fehir Belediyesi Fen \u0130\u015fleri Dairesi Ba\u015fkanl\u0131\u011f\u0131 ile Kahramankazan Belediyesi Fen \u0130\u015fleri M\u00fcd\u00fcrl\u00fc\u011f\u00fc i\u015f birli\u011finde y\u00fcr\u00fct\u00fclen asfalt \u00e7al\u0131\u015fmalar\u0131 kapsam\u0131nda cadde daha modern ve konforlu bir g\u00f6r\u00fcn\u00fcme kavu\u015fuyor.<\/p>\n<p>Ba\u015fkan \u00c7\u0131rpano\u011flu yapt\u0131\u011f\u0131 a\u00e7\u0131klamada: \u201cVatanda\u015flar\u0131m\u0131z\u0131n daha g\u00fcvenli ve konforlu yollarda ula\u015f\u0131m sa\u011flamas\u0131 i\u00e7in il\u00e7emizin farkl\u0131 noktalar\u0131nda \u00e7al\u0131\u015fmalar\u0131m\u0131z\u0131 s\u00fcrd\u00fcr\u00fcyoruz. Eme\u011fi ge\u00e7en t\u00fcm ekiplerimize te\u015fekk\u00fcr ediyor, kolayl\u0131klar diliyorum.\u201d ifadelerini kulland\u0131.<\/p>\n<p>\u00a0<\/p>\n<p>Kaynak: (BYZHA) Beyaz Haber Ajans\u0131<\/p>\n","protected":false},"excerpt":{"rendered":"<p>Kahramankazan Belediye Ba\u015fkan\u0131 Selim \u00c7\u0131rpano\u011flu, Fatih Mahallesi\u2019nde devam eden asfalt \u00e7al\u0131\u015fmalar\u0131n\u0131 yerinde inceledi.<\/p>\n","protected":false},"author":1,"featured_media":3061,"comment_status":"open","ping_status":"open","sticky":false,"template":"","format":"standard","meta":{"footnotes":""},"categories":[21],"tags":[],"class_list":["post-3060","post","type-post","status-publish","format-standard","has-post-thumbnail","hentry","category-gundem"],"_links":{"self":[{"href":"https:\/\/busondakika.com.tr\/index.php?rest_route=\/wp\/v2\/posts\/3060","targetHints":{"allow":["GET"]}}],"collection":[{"href":"https:\/\/busondakika.com.tr\/index.php?rest_route=\/wp\/v2\/posts"}],"about":[{"href":"https:\/\/busondakika.com.tr\/index.php?rest_route=\/wp\/v2\/types\/post"}],"author":[{"embeddable":true,"href":"https:\/\/busondakika.com.tr\/index.php?rest_route=\/wp\/v2\/users\/1"}],"replies":[{"embeddable":true,"href":"https:\/\/busondakika.com.tr\/index.php?rest_route=%2Fwp%2Fv2%2Fcomments&post=3060"}],"version-history":[{"count":1,"href":"https:\/\/busondakika.com.tr\/index.php?rest_route=\/wp\/v2\/posts\/3060\/revisions"}],"predecessor-version":[{"id":3062,"href":"https:\/\/busondakika.com.tr\/index.php?rest_route=\/wp\/v2\/posts\/3060\/revisions\/3062"}],"wp:featuredmedia":[{"embeddable":true,"href":"https:\/\/busondakika.com.tr\/index.php?rest_route=\/wp\/v2\/media\/3061"}],"wp:attachment":[{"href":"https:\/\/busondakika.com.tr\/index.php?rest_route=%2Fwp%2Fv2%2Fmedia&parent=3060"}],"wp:term":[{"taxonomy":"category","embeddable":true,"href":"https:\/\/busondakika.com.tr\/index.php?rest_route=%2Fwp%2Fv2%2Fcategories&post=3060"},{"taxonomy":"post_tag","embeddable":true,"href":"https:\/\/busondakika.com.tr\/index.php?rest_route=%2Fwp%2Fv2%2Ftags&post=3060"}],"curies":[{"name":"wp","href":"https:\/\/api.w.org\/{rel}","templated":true}]}}