{"id":3063,"date":"2026-03-14T00:43:00","date_gmt":"2026-03-14T00:43:00","guid":{"rendered":"https:\/\/busondakika.com.tr\/?p=3063"},"modified":"2026-03-14T00:43:01","modified_gmt":"2026-03-14T00:43:01","slug":"rieder-kulubunden-baskan-ismail-yetiskine-tesekkur-ziyareti","status":"publish","type":"post","link":"https:\/\/busondakika.com.tr\/?p=3063","title":{"rendered":"R\u0130EDER Kul\u00fcb\u00fc\u2019nden Ba\u015fkan \u0130smail Yeti\u015fkin\u2019e te\u015fekk\u00fcr ziyareti"},"content":{"rendered":"<p> Seferihisar Belediyesinin giri\u015fimleriyle d\u00fczenlenen \u201c\u0130leri S\u00fcr\u00fc\u015f Teknikleri\u201d e\u011fitimlerinin ard\u0131ndan, e\u011fitim s\u00fcrecine katk\u0131 sunan kurum ve kurulu\u015flar\u0131n temsilcileri Seferihisar Belediye Ba\u015fkan\u0131 \u0130smail Yeti\u015fkin\u2019i ziyaret etti.<\/p>\n<p>Uzman E\u011fitmen Tayfun G\u00fclhan taraf\u0131ndan 13 Aral\u0131k ve 22 \u015eubat tarihlerinde ger\u00e7ekle\u015ftirilen e\u011fitim program\u0131na kat\u0131lan ve b\u00f6lgede faaliyet g\u00f6steren Seferihisar R\u0130EDER Kul\u00fcb\u00fc \u00fcyeleri, e\u011fitimin d\u00fczenlenmesindeki katk\u0131lar\u0131ndan dolay\u0131 Ba\u015fkan Yeti\u015fkin\u2019e te\u015fekk\u00fcrlerini iletti.<\/p>\n<p>Ziyarette, trafik g\u00fcvenli\u011fi ve ileri s\u00fcr\u00fc\u015f teknikleri konusunda fark\u0131ndal\u0131k olu\u015fturmay\u0131 ama\u00e7layan e\u011fitimlerin \u00f6nemi vurgulan\u0131rken, bu t\u00fcr e\u011fitimlerin \u00f6n\u00fcm\u00fczdeki s\u00fcre\u00e7te de devam etmesi ve uygulamal\u0131 olarak daha geni\u015f kitlelere ula\u015ft\u0131r\u0131lmas\u0131 konusunda g\u00f6r\u00fc\u015f al\u0131\u015fveri\u015finde bulunuldu.<\/p>\n<p>R\u0130EDER Kul\u00fcb\u00fc \u00fcyeleri, e\u011fitimin ger\u00e7ekle\u015fmesine katk\u0131 sunan ba\u015fta Seferihisar Belediyesi olmak \u00fczere Seferihisar \u0130l\u00e7e Emniyet M\u00fcd\u00fcrl\u00fc\u011f\u00fc, Seferihisar Jandarma \u0130l\u00e7e Komutanl\u0131\u011f\u0131, Seferihisar Esnaf ve Sanatk\u00e2rlar Odas\u0131 ile \u015eof\u00f6rler ve Otomobilciler Esnaf Odas\u0131 yetkililerine de desteklerinden dolay\u0131 te\u015fekk\u00fcr etti.<\/p>\n<p>\u00a0<\/p>\n<p>Kaynak: (BYZHA) Beyaz Haber Ajans\u0131<\/p>\n","protected":false},"excerpt":{"rendered":"<p>Seferihisar Belediyesinin giri\u015fimleriyle d\u00fczenlenen \u201c\u0130leri S\u00fcr\u00fc\u015f Teknikleri\u201d e\u011fitimlerinin ard\u0131ndan, e\u011fitim s\u00fcrecine katk\u0131 sunan kurum ve kurulu\u015flar\u0131n temsilcileri Seferihisar Belediye Ba\u015fkan\u0131 \u0130smail Yeti\u015fkin\u2019i ziyaret etti.<\/p>\n","protected":false},"author":1,"featured_media":3064,"comment_status":"open","ping_status":"open","sticky":false,"template":"","format":"standard","meta":{"footnotes":""},"categories":[21],"tags":[],"class_list":["post-3063","post","type-post","status-publish","format-standard","has-post-thumbnail","hentry","category-gundem"],"_links":{"self":[{"href":"https:\/\/busondakika.com.tr\/index.php?rest_route=\/wp\/v2\/posts\/3063","targetHints":{"allow":["GET"]}}],"collection":[{"href":"https:\/\/busondakika.com.tr\/index.php?rest_route=\/wp\/v2\/posts"}],"about":[{"href":"https:\/\/busondakika.com.tr\/index.php?rest_route=\/wp\/v2\/types\/post"}],"author":[{"embeddable":true,"href":"https:\/\/busondakika.com.tr\/index.php?rest_route=\/wp\/v2\/users\/1"}],"replies":[{"embeddable":true,"href":"https:\/\/busondakika.com.tr\/index.php?rest_route=%2Fwp%2Fv2%2Fcomments&post=3063"}],"version-history":[{"count":1,"href":"https:\/\/busondakika.com.tr\/index.php?rest_route=\/wp\/v2\/posts\/3063\/revisions"}],"predecessor-version":[{"id":3065,"href":"https:\/\/busondakika.com.tr\/index.php?rest_route=\/wp\/v2\/posts\/3063\/revisions\/3065"}],"wp:featuredmedia":[{"embeddable":true,"href":"https:\/\/busondakika.com.tr\/index.php?rest_route=\/wp\/v2\/media\/3064"}],"wp:attachment":[{"href":"https:\/\/busondakika.com.tr\/index.php?rest_route=%2Fwp%2Fv2%2Fmedia&parent=3063"}],"wp:term":[{"taxonomy":"category","embeddable":true,"href":"https:\/\/busondakika.com.tr\/index.php?rest_route=%2Fwp%2Fv2%2Fcategories&post=3063"},{"taxonomy":"post_tag","embeddable":true,"href":"https:\/\/busondakika.com.tr\/index.php?rest_route=%2Fwp%2Fv2%2Ftags&post=3063"}],"curies":[{"name":"wp","href":"https:\/\/api.w.org\/{rel}","templated":true}]}}