{"id":3069,"date":"2026-03-14T00:43:03","date_gmt":"2026-03-14T00:43:03","guid":{"rendered":"https:\/\/busondakika.com.tr\/?p=3069"},"modified":"2026-03-14T00:43:04","modified_gmt":"2026-03-14T00:43:04","slug":"baskan-demirden-kagit-fabrikasi-tepkisi","status":"publish","type":"post","link":"https:\/\/busondakika.com.tr\/?p=3069","title":{"rendered":"Ba\u015fkan Demir\u2019den Ka\u011f\u0131t Fabrikas\u0131 Tepkisi"},"content":{"rendered":"\n<p style=\"margin-bottom:11px\"><span style=\"font-size:12pt\"><span style=\"line-height:115%\"><span style=\"font-family:Calibri,sans-serif\"><span style=\",serif\">Tar\u0131m alanlar\u0131 i\u00e7in yeterli su bulmakta zorlanan Torbal\u0131\u2019da tart\u0131\u015fma yaratacak bir karar al\u0131nd\u0131. \u00d6nceki gece Resmi Gazete\u2019de yay\u0131mlanan kararla il\u00e7ede 94 hektarl\u0131k alan Konya Ka\u011f\u0131t Sanayi ve Ticaret A.\u015e. \u0130zmir \u00d6zel End\u00fcstri B\u00f6lgesi olarak ilan edildi. Karar\u0131n ard\u0131ndan Torbal\u0131 Belediye Ba\u015fkan\u0131 \u00d6v\u00fcn\u00e7 Demir konuya ili\u015fkin a\u00e7\u0131klama yapt\u0131. Gazi Mustafa Kemal Mahallesi\u2019nde, Gurgur Da\u011f\u0131 ve Fetrek \u00c7ay\u0131 \u00e7evresinde kurulmas\u0131 planlanan ka\u011f\u0131t fabrikas\u0131na de\u011finen Ba\u015fkan Demir, tesisin su kaynaklar\u0131 a\u00e7\u0131s\u0131ndan ciddi riskler bar\u0131nd\u0131rd\u0131\u011f\u0131n\u0131 s\u00f6yledi.<\/span><\/span><\/span><\/span><\/p>\n<p style=\"margin-bottom:11px\"><span style=\"font-size:12pt\"><span style=\"line-height:115%\"><span style=\"font-family:Calibri,sans-serif\"><span style=\",serif\">Fabrikan\u0131n g\u00fcnl\u00fck yakla\u015f\u0131k 3 bin ton su t\u00fcketimi olaca\u011f\u0131n\u0131 ifade eden Demir, Torbal\u0131\u2019da bir ki\u015finin ortalama g\u00fcnl\u00fck su t\u00fcketiminin 150 litre oldu\u011funu hat\u0131rlatarak \u015fu bilgiyi payla\u015ft\u0131: \u201cFirman\u0131n g\u00fcnl\u00fck kullanaca\u011f\u0131 su miktar\u0131 yakla\u015f\u0131k 20 bin Torbal\u0131l\u0131n\u0131n bir g\u00fcnde kulland\u0131\u011f\u0131 suya denk geliyor. B\u00f6yle bir su t\u00fcketimi Torbal\u0131\u2019n\u0131n i\u00e7me suyunu ve tar\u0131msal sulama suyunu do\u011frudan azaltacak.\u201d <\/span><\/span><\/span><\/span><\/p>\n<p style=\"margin-bottom:11px\"><span style=\"font-size:12pt\"><span style=\"line-height:115%\"><span style=\"font-family:Calibri,sans-serif\"><span style=\",serif\">Bilirki\u015fi raporuna da de\u011finen Ba\u015fkan Demir, \u201cFabrikan\u0131n kurulmas\u0131n\u0131n il\u00e7emize bir \u00e7ok zarar verece\u011fi tespit edilmi\u015f, \u00fcstelik bu tespitler benim de\u011fil, itiraz\u0131m\u0131z sonucu a\u00e7t\u0131\u011f\u0131m\u0131z davan\u0131n hakiminin yani mahkemenin atad\u0131\u011f\u0131, firman\u0131n alm\u0131\u015f oldu\u011fu \u00c7ED raporunu red eden 4 \u00fc alan\u0131nda uzman profes\u00f6rlerden olu\u015fan bilim insanlar\u0131n\u0131n tespitleri\u201d dedi.<\/span><\/span><\/span><\/span><\/p>\n<p style=\"margin-bottom:11px\"><span style=\"font-size:12pt\"><span style=\"line-height:115%\"><span style=\"font-family:Calibri,sans-serif\"><b><span style=\",serif\">GURGUR DA\u011eI\u2019NDAK\u0130 SU KAYNAKLARINA D\u0130KKAT \u00c7EKT\u0130<\/span><\/b><\/span><\/span><\/span><\/p>\n<p style=\"margin-bottom:11px\"><span style=\"font-size:12pt\"><span style=\"line-height:115%\"><span style=\"font-family:Calibri,sans-serif\"><span style=\",serif\">Ba\u015fkan Demir, Gurgur Da\u011f\u0131 eteklerinde bulunan \u00fc\u00e7 b\u00fcy\u00fck su kuyusunun Torbal\u0131\u2019n\u0131n uzun y\u0131llar i\u00e7me suyu ihtiyac\u0131n\u0131 kar\u015f\u0131layabilecek kapasitede oldu\u011funu belirterek fabrikan\u0131n bu b\u00f6lgeye kurulmas\u0131n\u0131n \u00f6nemli bir risk olu\u015fturdu\u011funu dile getirdi. Ba\u015fkan Demir, bu kuyular\u0131n il\u00e7enin yakla\u015f\u0131k 50 y\u0131ll\u0131k su ihtiyac\u0131n\u0131 kar\u015f\u0131layabilecek kapasitede oldu\u011funa dikkat \u00e7ekti.<\/span><\/span><\/span><\/span><\/p>\n<p style=\"margin-bottom:11px\"><span style=\"font-size:12pt\"><span style=\"line-height:115%\"><span style=\"font-family:Calibri,sans-serif\"><b><span style=\",serif\">ATIK SULAR YERALTI SULARINI K\u0130RLETECEK<\/span><\/b><\/span><\/span><\/span><\/p>\n<p style=\"margin-bottom:11px\"><span style=\"font-size:12pt\"><span style=\"line-height:115%\"><span style=\"font-family:Calibri,sans-serif\"><span style=\",serif\">Fabrikadan \u00e7\u0131kacak at\u0131k sular\u0131n Fetrek \u00c7ay\u0131 \u00fczerinden yeralt\u0131 sular\u0131na kar\u0131\u015faca\u011f\u0131n\u0131 ifade eden Demir, bunun hem i\u00e7me suyu kaynaklar\u0131n\u0131 hem de tar\u0131msal sulamada kullan\u0131lan yeralt\u0131 sular\u0131n\u0131 kirletece\u011fini s\u00f6yledi. Demir ayr\u0131ca fabrikan\u0131n faaliyetleri sonucunda y\u0131lda 5 bin 200 ton kimyasal ve 3 bin 120 ton biyolojik at\u0131k olu\u015faca\u011f\u0131n\u0131n hesapland\u0131\u011f\u0131n\u0131 belirtti.<\/span><\/span><\/span><\/span><\/p>\n<p style=\"margin-bottom:11px\"><span style=\"font-size:12pt\"><span style=\"line-height:115%\"><span style=\"font-family:Calibri,sans-serif\"><b><span style=\",serif\">\u201cTORBALI T\u00dcRK\u0130YE\u2019N\u0130N \u00d6NEML\u0130 TARIM MERKEZLER\u0130NDEN B\u0130R\u0130\u201d<\/span><\/b><\/span><\/span><\/span><\/p>\n<p style=\"margin-bottom:11px\"><span style=\"font-size:12pt\"><span style=\"line-height:115%\"><span style=\"font-family:Calibri,sans-serif\"><span style=\",serif\">Torbal\u0131\u2019n\u0131n T\u00fcrkiye\u2019nin en verimli tar\u0131m ovalar\u0131ndan biri oldu\u011funu vurgulayan Demir, il\u00e7enin tar\u0131msal \u00fcretimdeki rol\u00fcne dikkat \u00e7ekti.<\/span><\/span><\/span><\/span><\/p>\n<p style=\"margin-bottom:11px\"><span style=\"font-size:12pt\"><span style=\"line-height:115%\"><span style=\"font-family:Calibri,sans-serif\"><span style=\",serif\">\u201cEge B\u00f6lgesi\u2019nin k\u0131\u015fl\u0131k sebze ihtiyac\u0131n\u0131n yakla\u015f\u0131k y\u00fczde 70\u2019i Torbal\u0131 Ovas\u0131\u2019ndan kar\u015f\u0131lan\u0131yor. Bu nedenle suyun azalmas\u0131 ya da kirlenmesi yaln\u0131zca Torbal\u0131\u2019y\u0131 de\u011fil, T\u00fcrkiye\u2019nin g\u0131da \u00fcretimini de do\u011frudan etkileyecek\u201d dedi. S\u00fcrecin ge\u00e7mi\u015fine de de\u011finen Ba\u015fkan Demir, \u201cBiz bu projeye kar\u015f\u0131 \u00e7\u0131karken ilk g\u00fcnden beri siyaseti bir kenara b\u0131rakt\u0131k, siyaset \u00fcst\u00fc g\u00f6rd\u00fck. CHP, AK Parti, ba\u015fta olmak \u00fczere t\u00fcm siyasi partilerin il\u00e7e ba\u015fkanl\u0131klar\u0131, Torbal\u0131 Ticaret Odas\u0131, t\u00fcm STK\u2019lar ve vatanda\u015flar\u0131m\u0131zla birlikte bu fabrikan\u0131n a\u00e7\u0131lmamas\u0131 i\u00e7in, Torbal\u0131\u2019n\u0131n gelece\u011fi i\u00e7in tek v\u00fccut olduk, m\u00fccadele ettik.\u201d dedi. Fabrikan\u0131n ald\u0131\u011f\u0131 \u00c7ED olumlu karar\u0131n\u0131n iptali i\u00e7in 7 Nisan 2025\u2019te dava a\u00e7t\u0131klar\u0131n\u0131 belirten Demir, mahkeme s\u00fcreci devam ederken Resmi Gazete\u2019de yay\u0131mlanan kararla alan\u0131n \u00f6zel end\u00fcstri b\u00f6lgesi ilan edildi\u011fini s\u00f6yleyerek \u201cBu kararla belediyemiz devre d\u0131\u015f\u0131 b\u0131rak\u0131ld\u0131 ve fabrikan\u0131n kurulmas\u0131n\u0131n \u00f6n\u00fc a\u00e7\u0131ld\u0131\u201d ifadelerini kulland\u0131.<\/span><\/span><\/span><\/span><\/p>\n<p style=\"margin-bottom:11px\"><span style=\"font-size:12pt\"><span style=\"line-height:115%\"><span style=\"font-family:Calibri,sans-serif\"><b><span style=\",serif\">\u201cYATIRIMA KAR\u015eI DE\u011e\u0130L\u0130Z\u201d<\/span><\/b><\/span><\/span><\/span><\/p>\n<p style=\"margin-bottom:11px\"><span style=\"font-size:12pt\"><span style=\"line-height:115%\"><span style=\"font-family:Calibri,sans-serif\"><span style=\",serif\">Torbal\u0131\u2019da yat\u0131r\u0131ma ve istihdama kar\u015f\u0131 olmad\u0131klar\u0131n\u0131 vurgulayan Demir, do\u011faya ve su kaynaklar\u0131na zarar verecek yat\u0131r\u0131mlara kar\u015f\u0131 m\u00fccadele edeceklerini belirtti.<\/span><\/span><\/span><\/span><\/p>\n<p style=\"margin-bottom:11px\"><span style=\"font-size:12pt\"><span style=\"line-height:115%\"><span style=\"font-family:Calibri,sans-serif\"><span style=\",serif\">\u201cTorbal\u0131\u2019n\u0131n suyunu, topra\u011f\u0131n\u0131 ve gelece\u011fini korumak i\u00e7in m\u00fccadelemizi hukuk \u00e7er\u00e7evesinde kararl\u0131l\u0131kla s\u00fcrd\u00fcrece\u011fiz\u201d dedi.<\/span><\/span><\/span><\/span><\/p>\n<p style=\"margin-bottom:11px\">\u00a0<\/p>\n<p>Kaynak: (BYZHA) Beyaz Haber Ajans\u0131<\/p>\n","protected":false},"excerpt":{"rendered":"<p>Tar\u0131m alanlar\u0131 i\u00e7in yeterli su bulmakta zorlanan Torbal\u0131\u2019da tart\u0131\u015fma yaratacak bir karar al\u0131nd\u0131.<\/p>\n","protected":false},"author":1,"featured_media":3070,"comment_status":"open","ping_status":"open","sticky":false,"template":"","format":"standard","meta":{"footnotes":""},"categories":[21],"tags":[],"class_list":["post-3069","post","type-post","status-publish","format-standard","has-post-thumbnail","hentry","category-gundem"],"_links":{"self":[{"href":"https:\/\/busondakika.com.tr\/index.php?rest_route=\/wp\/v2\/posts\/3069","targetHints":{"allow":["GET"]}}],"collection":[{"href":"https:\/\/busondakika.com.tr\/index.php?rest_route=\/wp\/v2\/posts"}],"about":[{"href":"https:\/\/busondakika.com.tr\/index.php?rest_route=\/wp\/v2\/types\/post"}],"author":[{"embeddable":true,"href":"https:\/\/busondakika.com.tr\/index.php?rest_route=\/wp\/v2\/users\/1"}],"replies":[{"embeddable":true,"href":"https:\/\/busondakika.com.tr\/index.php?rest_route=%2Fwp%2Fv2%2Fcomments&post=3069"}],"version-history":[{"count":1,"href":"https:\/\/busondakika.com.tr\/index.php?rest_route=\/wp\/v2\/posts\/3069\/revisions"}],"predecessor-version":[{"id":3071,"href":"https:\/\/busondakika.com.tr\/index.php?rest_route=\/wp\/v2\/posts\/3069\/revisions\/3071"}],"wp:featuredmedia":[{"embeddable":true,"href":"https:\/\/busondakika.com.tr\/index.php?rest_route=\/wp\/v2\/media\/3070"}],"wp:attachment":[{"href":"https:\/\/busondakika.com.tr\/index.php?rest_route=%2Fwp%2Fv2%2Fmedia&parent=3069"}],"wp:term":[{"taxonomy":"category","embeddable":true,"href":"https:\/\/busondakika.com.tr\/index.php?rest_route=%2Fwp%2Fv2%2Fcategories&post=3069"},{"taxonomy":"post_tag","embeddable":true,"href":"https:\/\/busondakika.com.tr\/index.php?rest_route=%2Fwp%2Fv2%2Ftags&post=3069"}],"curies":[{"name":"wp","href":"https:\/\/api.w.org\/{rel}","templated":true}]}}