{"id":3117,"date":"2026-03-14T00:43:28","date_gmt":"2026-03-14T00:43:28","guid":{"rendered":"https:\/\/busondakika.com.tr\/?p=3117"},"modified":"2026-03-14T00:43:29","modified_gmt":"2026-03-14T00:43:29","slug":"osmangazide-gonul-sofralari-buyuyor","status":"publish","type":"post","link":"https:\/\/busondakika.com.tr\/?p=3117","title":{"rendered":"Osmangazi\u2019de G\u00f6n\u00fcl Sofralar\u0131 B\u00fcy\u00fcyor"},"content":{"rendered":"<p> <span style=\"font-size:12pt\"><span style=\",serif\"><span style=\"font-size:11.0pt\"><span style=\",serif\">Ramazan ay\u0131n\u0131n manevi atmosferi Osmangazi\u2019de kurulan g\u00f6n\u00fcl sofralar\u0131nda ya\u015fanmaya devam ediyor. Bu kapsamda Osmangazi Belediye Ba\u015fkan\u0131 Erkan Ayd\u0131n, son olarak Alacah\u0131rka Mahallesi\u2019nde d\u00fczenlenen iftar program\u0131nda mahalle sakinleriyle ayn\u0131 sofray\u0131 payla\u015farak birlik, beraberlik ve dayan\u0131\u015fma mesajlar\u0131 verdi.<\/span><\/span><\/span><\/span><\/p>\n<p><span style=\"font-size:12pt\"><span style=\",serif\"><span style=\"font-size:11.0pt\"><span style=\",serif\">Osmangazi Belediyesi taraf\u0131ndan Alacah\u0131rka Pazar Alan\u0131\u2019nda d\u00fczenlenen iftar program\u0131nda vatanda\u015flar, Ramazan\u2019\u0131n bereketini ve payla\u015fma k\u00fclt\u00fcr\u00fcn\u00fc ayn\u0131 sofrada bulu\u015farak hissetti. \u0130ftar saatinin yakla\u015fmas\u0131yla birlikte pazar alan\u0131n\u0131 dolduran mahalle sakinleri kurulan uzun sofralarda yerlerini al\u0131rken, programa kat\u0131lan Osmangazi Belediye Ba\u015fkan\u0131 Erkan Ayd\u0131n\u2019a belediye ba\u015fkan yard\u0131mc\u0131lar\u0131 ve meclis \u00fcyeleri e\u015flik etti.<\/span><\/span><\/span><\/span><\/p>\n<p><span style=\"font-size:12pt\"><span style=\",serif\"><span style=\"font-size:11.0pt\"><span style=\",serif\">Vatanda\u015flar\u0131n yo\u011fun ilgisiyle kar\u015f\u0131lanan Ba\u015fkan Ayd\u0131n, masalar\u0131 tek tek dola\u015f\u0131p mahalle sakinleriyle sohbet ederek, talep ve \u00f6nerileri dinledi. Ramazan ay\u0131n\u0131n payla\u015fma, dayan\u0131\u015fma ve karde\u015flik duygular\u0131n\u0131 g\u00fc\u00e7lendirdi\u011fini vurgulayan Ayd\u0131n, Osmangazi\u2019de bu birlik ruhunu her zaman canl\u0131 tutmak i\u00e7in \u00e7al\u0131\u015ft\u0131klar\u0131n\u0131 ifade etti.<\/span><\/span><\/span><\/span><\/p>\n<p><span style=\"font-size:12pt\"><span style=\",serif\"><b><span style=\"font-size:11.0pt\"><span style=\",serif\">\u201cRamazan\u2019\u0131n Huzuru ve Bereketi Hepimizin \u00dczerinde Olsun\u201d<\/span><\/span><\/b><\/span><\/span><\/p>\n<p><span style=\"font-size:12pt\"><span style=\",serif\"><span style=\"font-size:11.0pt\"><span style=\",serif\">\u0130ftar vaktinin gelmesiyle birlikte dualar e\u015fli\u011finde oru\u00e7lar a\u00e7\u0131l\u0131rken, ayn\u0131 sofray\u0131 payla\u015fman\u0131n verdi\u011fi mutlulukla alanda g\u00fc\u00e7l\u00fc bir birlik atmosferi kendini g\u00f6sterdi. Ramazan boyunca farkl\u0131 mahallelerde d\u00fczenledikleri iftar programlar\u0131n\u0131n vatanda\u015flarla belediye y\u00f6netimini bir araya getiren \u00f6nemli bulu\u015fmalar oldu\u011funu belirten Ba\u015fkan Erkan Ayd\u0131n, s\u00f6zlerinde \u015fu ifadelere yer verdi:<\/span><\/span><\/span><\/span><\/p>\n<p><span style=\"font-size:12pt\"><span style=\",serif\"><span style=\"font-size:11.0pt\"><span style=\",serif\">\u201cOsmangazi Belediyesi olarak her ak\u015fam yakla\u015f\u0131k 4 bin vatanda\u015f\u0131m\u0131zla iftar sofralar\u0131nda bulu\u015fuyoruz. Ramazan ay\u0131 boyunca toplamda 120 bine yak\u0131n vatanda\u015f\u0131m\u0131zla iftar sofralar\u0131nda bir araya gelmi\u015f oluyoruz. Yine yakla\u015f\u0131k 20 bine yak\u0131n ihtiya\u00e7 sahibi vatanda\u015f\u0131m\u0131za da erzak yard\u0131mlar\u0131yla bir nebze olsun onlar\u0131n ihtiya\u00e7lar\u0131na kar\u015f\u0131l\u0131k vermeye \u00e7al\u0131\u015f\u0131yoruz. Ramazan\u2019\u0131n beraberli\u011fi, birli\u011fi, huzuru ve bereketi in\u015fallah hepimizin \u00fczerinde olsun. Allah bizleri \u00f6nce Kadir Gecesi\u2019ne, ard\u0131ndan Ramazan Bayram\u0131\u2019na eri\u015ftirsin. Nice Ramazanlara hep birlikte ula\u015fmay\u0131 diliyorum. Hepinize ayr\u0131 ayr\u0131 te\u015fekk\u00fcr ediyorum.\u201d<\/span><\/span><\/span><\/span><\/p>\n<p>\u00a0<\/p>\n<p>Kaynak: (BYZHA) Beyaz Haber Ajans\u0131<\/p>\n","protected":false},"excerpt":{"rendered":"<p>Ramazan ay\u0131n\u0131n manevi atmosferi Osmangazi\u2019de kurulan g\u00f6n\u00fcl sofralar\u0131nda ya\u015fanmaya devam ediyor.<\/p>\n","protected":false},"author":1,"featured_media":3118,"comment_status":"open","ping_status":"open","sticky":false,"template":"","format":"standard","meta":{"footnotes":""},"categories":[21],"tags":[],"class_list":["post-3117","post","type-post","status-publish","format-standard","has-post-thumbnail","hentry","category-gundem"],"_links":{"self":[{"href":"https:\/\/busondakika.com.tr\/index.php?rest_route=\/wp\/v2\/posts\/3117","targetHints":{"allow":["GET"]}}],"collection":[{"href":"https:\/\/busondakika.com.tr\/index.php?rest_route=\/wp\/v2\/posts"}],"about":[{"href":"https:\/\/busondakika.com.tr\/index.php?rest_route=\/wp\/v2\/types\/post"}],"author":[{"embeddable":true,"href":"https:\/\/busondakika.com.tr\/index.php?rest_route=\/wp\/v2\/users\/1"}],"replies":[{"embeddable":true,"href":"https:\/\/busondakika.com.tr\/index.php?rest_route=%2Fwp%2Fv2%2Fcomments&post=3117"}],"version-history":[{"count":1,"href":"https:\/\/busondakika.com.tr\/index.php?rest_route=\/wp\/v2\/posts\/3117\/revisions"}],"predecessor-version":[{"id":3119,"href":"https:\/\/busondakika.com.tr\/index.php?rest_route=\/wp\/v2\/posts\/3117\/revisions\/3119"}],"wp:featuredmedia":[{"embeddable":true,"href":"https:\/\/busondakika.com.tr\/index.php?rest_route=\/wp\/v2\/media\/3118"}],"wp:attachment":[{"href":"https:\/\/busondakika.com.tr\/index.php?rest_route=%2Fwp%2Fv2%2Fmedia&parent=3117"}],"wp:term":[{"taxonomy":"category","embeddable":true,"href":"https:\/\/busondakika.com.tr\/index.php?rest_route=%2Fwp%2Fv2%2Fcategories&post=3117"},{"taxonomy":"post_tag","embeddable":true,"href":"https:\/\/busondakika.com.tr\/index.php?rest_route=%2Fwp%2Fv2%2Ftags&post=3117"}],"curies":[{"name":"wp","href":"https:\/\/api.w.org\/{rel}","templated":true}]}}