{"id":3123,"date":"2026-03-14T00:43:32","date_gmt":"2026-03-14T00:43:32","guid":{"rendered":"https:\/\/busondakika.com.tr\/?p=3123"},"modified":"2026-03-14T00:43:33","modified_gmt":"2026-03-14T00:43:33","slug":"ayvalikta-1-sinif-atik-getirme-merkezinin-yapimina-baslaniyor","status":"publish","type":"post","link":"https:\/\/busondakika.com.tr\/?p=3123","title":{"rendered":"Ayval\u0131k\u2019ta 1. S\u0131n\u0131f At\u0131k Getirme Merkezi\u2019nin Yap\u0131m\u0131na Ba\u015flan\u0131yor"},"content":{"rendered":"\n<p style=\"margin-top:8px;margin-bottom:8px\"><span style=\"font-size:11pt\"><span style=\"line-height:115%\"><span style=\"font-family:Calibri,sans-serif\"><span style=\"font-size:12.0pt\"><span style=\"line-height:115%\"><span style=\",serif\">Ayval\u0131k Belediye Ba\u015fkan\u0131 Mesut Ergin, Ayval\u0131k\u2019ta \u00e7evre bilincini art\u0131rmak ve geri d\u00f6n\u00fc\u015f\u00fcm \u00e7al\u0131\u015fmalar\u0131n\u0131 g\u00fc\u00e7lendirmek amac\u0131yla 1. S\u0131n\u0131f At\u0131k Getirme Merkezi\u2019nin yap\u0131m\u0131na ba\u015flanaca\u011f\u0131n\u0131 a\u00e7\u0131klad\u0131.<\/span><\/span><\/span><\/span><\/span><\/span><\/p>\n<p style=\"margin-top:8px;margin-bottom:8px\"><span style=\"font-size:11pt\"><span style=\"line-height:115%\"><span style=\"font-family:Calibri,sans-serif\"><span style=\"font-size:12.0pt\"><span style=\"line-height:115%\"><span style=\",serif\">Ayval\u0131k Belediyesi taraf\u0131ndan hayata ge\u00e7irilecek olan proje kapsam\u0131nda kurulacak merkez, 2 bin 600 metrekarelik alanda in\u015fa edilecek ve yakla\u015f\u0131k 180 g\u00fcn i\u00e7erisinde tamamlanarak hizmete a\u00e7\u0131lacak. Modern ve \u00e7ok ama\u00e7l\u0131 olarak tasarlanan merkezde, geri d\u00f6n\u00fc\u015f\u00fcme y\u00f6nelik bir\u00e7ok hizmet tek \u00e7at\u0131 alt\u0131nda toplanacak.<\/span><\/span><\/span><\/span><\/span><\/span><\/p>\n<p style=\"margin-top:8px;margin-bottom:8px\"><span style=\"font-size:11pt\"><span style=\"line-height:115%\"><span style=\"font-family:Calibri,sans-serif\"><span style=\"font-size:12.0pt\"><span style=\"line-height:115%\"><span style=\",serif\">Ba\u015fkan Ergin, At\u0131k Getirme Merkezi\u2019nin yaln\u0131zca at\u0131klar\u0131n ayr\u0131\u015ft\u0131r\u0131ld\u0131\u011f\u0131 bir tesis olmayaca\u011f\u0131n\u0131 belirterek, \u201cBu merkezde at\u0131klar geri d\u00f6n\u00fc\u015f\u00fcme kazand\u0131r\u0131l\u0131rken ayn\u0131 zamanda vatanda\u015flar\u0131m\u0131z\u0131n \u00e7evre konusunda bilin\u00e7lenmesi de sa\u011flanacak. Ayval\u0131k Belediyesi At\u0131k Getirme Merkezi hem ayr\u0131\u015ft\u0131racak hem e\u011fitecek; geri d\u00f6n\u00fc\u015f\u00fcm sayesinde ekonomiye de katk\u0131 sunacak\u201d dedi.<\/span><\/span><\/span><\/span><\/span><\/span><\/p>\n<p style=\"margin-top:8px;margin-bottom:8px\"><span style=\"font-size:11pt\"><span style=\"line-height:115%\"><span style=\"font-family:Calibri,sans-serif\"><span style=\"font-size:12.0pt\"><span style=\"line-height:115%\"><span style=\",serif\">Merkezde 17 farkl\u0131 depo alan\u0131ndan olu\u015fan ayr\u0131\u015ft\u0131rma b\u00f6l\u00fcmleri, kantar sistemi ve hizmete uygun ara\u00e7 filosu yer alacak. Ayr\u0131ca at\u00f6lye \u00e7al\u0131\u015fma alanlar\u0131 ve e\u011fitim merkeziyle birlikte tesisin sosyal ya\u015fama entegre edilmesi hedefleniyor. <\/span><\/span><\/span><\/span><\/span><\/span><\/p>\n<p style=\"margin-top:8px;margin-bottom:8px\"><span style=\"font-size:11pt\"><span style=\"line-height:115%\"><span style=\"font-family:Calibri,sans-serif\"><span style=\"font-size:12.0pt\"><span style=\"line-height:115%\"><span style=\",serif\">Bu kapsamda her ya\u015ftan vatanda\u015fa y\u00f6nelik interaktif e\u011fitim programlar\u0131 d\u00fczenlenerek s\u0131f\u0131r at\u0131k bilincinin yayg\u0131nla\u015ft\u0131r\u0131lmas\u0131 ama\u00e7lan\u0131yor. \u00d6te yandan Ayval\u0131k genelinde at\u0131k y\u00f6netimini g\u00fc\u00e7lendirmek i\u00e7in yeni uygulamalar da devreye al\u0131nacak. <\/span><\/span><\/span><\/span><\/span><\/span><\/p>\n<p style=\"margin-top:8px;margin-bottom:8px\"><span style=\"font-size:11pt\"><span style=\"line-height:115%\"><span style=\"font-family:Calibri,sans-serif\"><span style=\"font-size:12.0pt\"><span style=\"line-height:115%\"><span style=\",serif\">Belediyenin planlamas\u0131na g\u00f6re her mahalleye mobil at\u0131k getirme merkezleri kurulacak, ilk etapta belirlenen mahallelere ise ikili sistem evsel at\u0131k ve geri d\u00f6n\u00fc\u015ft\u00fcr\u00fclebilir mavi at\u0131k konteynerleri yerle\u015ftirilecek.<\/span><\/span><\/span><\/span><\/span><\/span><\/p>\n<p style=\"margin-top:8px;margin-bottom:8px\"><span style=\"font-size:11pt\"><span style=\"line-height:115%\"><span style=\"font-family:Calibri,sans-serif\"><span style=\"font-size:12.0pt\"><span style=\"line-height:115%\"><span style=\",serif\">Ba\u015fkan Ergin, projenin Ayval\u0131k\u2019\u0131n \u00e7evre politikalar\u0131 a\u00e7\u0131s\u0131ndan \u00f6nemli bir ad\u0131m oldu\u011funu vurgulayarak, \u201cModern ve \u00e7ok ama\u00e7l\u0131 1. S\u0131n\u0131f At\u0131k Getirme Merkezimizle hem \u00e7evremizi koruyacak hem de at\u0131klar\u0131 ekonomiye kazand\u0131raca\u011f\u0131z. Ayval\u0131k\u2019\u0131m\u0131za hay\u0131rl\u0131 olsun&#8221; dedi.<\/span><\/span><\/span><\/span><\/span><\/span><\/p>\n<p style=\"margin-top:8px;margin-bottom:8px\">\u00a0<\/p>\n<p>Kaynak: (BYZHA) Beyaz Haber Ajans\u0131<\/p>\n","protected":false},"excerpt":{"rendered":"<p>Ayval\u0131k Belediye Ba\u015fkan\u0131 Mesut Ergin, Ayval\u0131k\u2019ta \u00e7evre bilincini art\u0131rmak ve geri d\u00f6n\u00fc\u015f\u00fcm \u00e7al\u0131\u015fmalar\u0131n\u0131 g\u00fc\u00e7lendirmek amac\u0131yla 1.<\/p>\n","protected":false},"author":1,"featured_media":3124,"comment_status":"open","ping_status":"open","sticky":false,"template":"","format":"standard","meta":{"footnotes":""},"categories":[21],"tags":[],"class_list":["post-3123","post","type-post","status-publish","format-standard","has-post-thumbnail","hentry","category-gundem"],"_links":{"self":[{"href":"https:\/\/busondakika.com.tr\/index.php?rest_route=\/wp\/v2\/posts\/3123","targetHints":{"allow":["GET"]}}],"collection":[{"href":"https:\/\/busondakika.com.tr\/index.php?rest_route=\/wp\/v2\/posts"}],"about":[{"href":"https:\/\/busondakika.com.tr\/index.php?rest_route=\/wp\/v2\/types\/post"}],"author":[{"embeddable":true,"href":"https:\/\/busondakika.com.tr\/index.php?rest_route=\/wp\/v2\/users\/1"}],"replies":[{"embeddable":true,"href":"https:\/\/busondakika.com.tr\/index.php?rest_route=%2Fwp%2Fv2%2Fcomments&post=3123"}],"version-history":[{"count":1,"href":"https:\/\/busondakika.com.tr\/index.php?rest_route=\/wp\/v2\/posts\/3123\/revisions"}],"predecessor-version":[{"id":3125,"href":"https:\/\/busondakika.com.tr\/index.php?rest_route=\/wp\/v2\/posts\/3123\/revisions\/3125"}],"wp:featuredmedia":[{"embeddable":true,"href":"https:\/\/busondakika.com.tr\/index.php?rest_route=\/wp\/v2\/media\/3124"}],"wp:attachment":[{"href":"https:\/\/busondakika.com.tr\/index.php?rest_route=%2Fwp%2Fv2%2Fmedia&parent=3123"}],"wp:term":[{"taxonomy":"category","embeddable":true,"href":"https:\/\/busondakika.com.tr\/index.php?rest_route=%2Fwp%2Fv2%2Fcategories&post=3123"},{"taxonomy":"post_tag","embeddable":true,"href":"https:\/\/busondakika.com.tr\/index.php?rest_route=%2Fwp%2Fv2%2Ftags&post=3123"}],"curies":[{"name":"wp","href":"https:\/\/api.w.org\/{rel}","templated":true}]}}