{"id":3132,"date":"2026-03-14T00:43:36","date_gmt":"2026-03-14T00:43:36","guid":{"rendered":"https:\/\/busondakika.com.tr\/?p=3132"},"modified":"2026-03-14T00:43:37","modified_gmt":"2026-03-14T00:43:37","slug":"iftar-sofrasi-goynukte-kuruldu","status":"publish","type":"post","link":"https:\/\/busondakika.com.tr\/?p=3132","title":{"rendered":"\u0130ftar sofras\u0131 G\u00f6yn\u00fck&#8217;te kuruldu"},"content":{"rendered":"<p> Kemer Belediye Ba\u015fkan\u0131 Necati Topalo\u011flu ev sahipli\u011finde d\u00fczenlenen iftar programlar\u0131, G\u00f6yn\u00fck Mahallesi ile devam etti.<\/p>\n<p>Kemer Belediye Ba\u015fkan\u0131 Necati Topalo\u011flu&#8217;nun \u201cHer mahalleye bir kapal\u0131 pazar yeri\u201d projesi kapsam\u0131nda G\u00f6yn\u00fck Mahallesi&#8217;ne kazand\u0131r\u0131lan kapal\u0131 pazar yerinde d\u00fczenlenen iftar yeme\u011fine, Kemer Belediye Ba\u015fkan Vekili Mustafa \u00c7elik, CHP Kemer \u0130l\u00e7e Ba\u015fkan\u0131 Sedat Karakaya, Kemer Belediye Ba\u015fkan Yard\u0131mc\u0131lar\u0131 Emin G\u00fcl, Semih Top, Mehmet Derya Baytekin, Furkan \u00dcst\u00fcnda\u011f, Kemer Belediye Meclis \u00dcyeleri Mustafa Bilici, Ali Akar, H\u00fcseyin \u00c7elik, Sema \u00d6zdemir, Kemer Belediyesi G\u00f6yn\u00fck Mahalle Sorumlusu Halit Canevi, Beldibi Mahalle Sorumlusu Cumali Akda\u011f, Kuzdere Mahale Sorumlusu Ayhan Y\u0131ld\u0131r\u0131m, belediye birim m\u00fcd\u00fcrleri ve vatanda\u015flar kat\u0131ld\u0131.<\/p>\n<p>\u0130ftar yeme\u011fi \u00f6ncesi kapal\u0131 pazar yerine gelen vatanda\u015flar\u0131 pazar yeri giri\u015finde Ba\u015fkan Vekili \u00c7elik ve beraberindekiler kar\u015f\u0131larken, Kur&#8217;an-\u0131 Kerim tilaveti ve dualar okundu.<\/p>\n<p>Ba\u015fkan Vekili \u00c7elik, vatanda\u015flarla selamla\u015farak masalar\u0131 tek tek dola\u015ft\u0131 ve iftar\u0131n\u0131 a\u00e7an vatanda\u015flar\u0131n ramazan ay\u0131n\u0131 tebrik etti.<\/p>\n<p>\u0130ftar yeme\u011fine kat\u0131lan vatanda\u015flar, iftar program\u0131 kapsam\u0131nda d\u00fczenlenen semazen g\u00f6sterisini ilgiyle izledi. G\u00f6steriyi baz\u0131 vatanda\u015flar cep telefonlar\u0131 ile g\u00f6r\u00fcnt\u00fcledi.<\/p>\n<p>\u0130ftar program\u0131, yap\u0131lan dua ile sona erdi. Bir sonraki iftar program\u0131n\u0131n, 14 Mart Cumartesi g\u00fcn\u00fc Beldibi Mahallesi&#8217;nde yer alan pazar yerinde yap\u0131laca\u011f\u0131 bildirildi.<\/p>\n<p>\u00a0<\/p>\n<p>Kaynak: (BYZHA) Beyaz Haber Ajans\u0131<\/p>\n","protected":false},"excerpt":{"rendered":"<p>Kemer Belediye Ba\u015fkan\u0131 Necati Topalo\u011flu ev sahipli\u011finde d\u00fczenlenen iftar programlar\u0131, G\u00f6yn\u00fck Mahallesi ile devam etti.<\/p>\n","protected":false},"author":1,"featured_media":3133,"comment_status":"open","ping_status":"open","sticky":false,"template":"","format":"standard","meta":{"footnotes":""},"categories":[21],"tags":[],"class_list":["post-3132","post","type-post","status-publish","format-standard","has-post-thumbnail","hentry","category-gundem"],"_links":{"self":[{"href":"https:\/\/busondakika.com.tr\/index.php?rest_route=\/wp\/v2\/posts\/3132","targetHints":{"allow":["GET"]}}],"collection":[{"href":"https:\/\/busondakika.com.tr\/index.php?rest_route=\/wp\/v2\/posts"}],"about":[{"href":"https:\/\/busondakika.com.tr\/index.php?rest_route=\/wp\/v2\/types\/post"}],"author":[{"embeddable":true,"href":"https:\/\/busondakika.com.tr\/index.php?rest_route=\/wp\/v2\/users\/1"}],"replies":[{"embeddable":true,"href":"https:\/\/busondakika.com.tr\/index.php?rest_route=%2Fwp%2Fv2%2Fcomments&post=3132"}],"version-history":[{"count":1,"href":"https:\/\/busondakika.com.tr\/index.php?rest_route=\/wp\/v2\/posts\/3132\/revisions"}],"predecessor-version":[{"id":3134,"href":"https:\/\/busondakika.com.tr\/index.php?rest_route=\/wp\/v2\/posts\/3132\/revisions\/3134"}],"wp:featuredmedia":[{"embeddable":true,"href":"https:\/\/busondakika.com.tr\/index.php?rest_route=\/wp\/v2\/media\/3133"}],"wp:attachment":[{"href":"https:\/\/busondakika.com.tr\/index.php?rest_route=%2Fwp%2Fv2%2Fmedia&parent=3132"}],"wp:term":[{"taxonomy":"category","embeddable":true,"href":"https:\/\/busondakika.com.tr\/index.php?rest_route=%2Fwp%2Fv2%2Fcategories&post=3132"},{"taxonomy":"post_tag","embeddable":true,"href":"https:\/\/busondakika.com.tr\/index.php?rest_route=%2Fwp%2Fv2%2Ftags&post=3132"}],"curies":[{"name":"wp","href":"https:\/\/api.w.org\/{rel}","templated":true}]}}