{"id":3156,"date":"2026-03-14T00:43:52","date_gmt":"2026-03-14T00:43:52","guid":{"rendered":"https:\/\/busondakika.com.tr\/?p=3156"},"modified":"2026-03-14T00:43:53","modified_gmt":"2026-03-14T00:43:53","slug":"yuvamiz-bakirkoyde-miniklere-sifir-atik-egitimi","status":"publish","type":"post","link":"https:\/\/busondakika.com.tr\/?p=3156","title":{"rendered":"Yuvam\u0131z Bak\u0131rk\u00f6y\u2019de Miniklere \u201cS\u0131f\u0131r At\u0131k\u201d E\u011fitimi"},"content":{"rendered":"<p> \u201cUluslararas\u0131 S\u0131f\u0131r At\u0131k Ay\u0131\u201d kapsam\u0131nda Bak\u0131rk\u00f6y Belediyesi \u0130klim De\u011fi\u015fikli\u011fi ve S\u0131f\u0131r At\u0131k M\u00fcd\u00fcrl\u00fc\u011f\u00fc taraf\u0131ndan Yuvam\u0131z Bak\u0131rk\u00f6y G\u00fcnd\u00fcz \u00c7ocuk Bak\u0131mevlerinde s\u0131f\u0131r at\u0131k e\u011fitimi verildi. E\u011fitim program\u0131 kapsam\u0131nda \u00e7ocuklar, at\u0131k malzemelerden k\u0131yafet ve \u00e7e\u015fitli e\u015fyalar tasarlayarak geri d\u00f6n\u00fc\u015f\u00fcm\u00fcn \u00f6nemini \u00f6\u011frendi.<\/p>\n<p>Bak\u0131rk\u00f6y Belediyesi \u0130klim De\u011fi\u015fikli\u011fi ve S\u0131f\u0131r At\u0131k M\u00fcd\u00fcrl\u00fc\u011f\u00fc, \u201cUluslararas\u0131 S\u0131f\u0131r At\u0131k Ay\u0131\u201d dolay\u0131s\u0131yla Yuvam\u0131z Bak\u0131rk\u00f6y G\u00fcnd\u00fcz \u00c7ocuk Bak\u0131mevlerinde \u00e7evre bilincini art\u0131rmaya y\u00f6nelik e\u011fitim program\u0131 d\u00fczenledi. Minik \u00f6\u011frencilere s\u0131f\u0131r at\u0131k ve geri d\u00f6n\u00fc\u015f\u00fcm\u00fcn \u00f6nemi hakk\u0131nda bilgi verilen e\u011fitimde, g\u00fcnl\u00fck hayatta ortaya \u00e7\u0131kan at\u0131klar\u0131n nas\u0131l yeniden de\u011ferlendirilebilece\u011fi anlat\u0131ld\u0131. E\u011fitim program\u0131 kapsam\u0131nda \u00e7ocuklar, at\u0131k malzemeleri kullanarak k\u0131yafetler ve \u00e7e\u015fitli e\u015fyalar tasarlad\u0131. Renkli g\u00f6r\u00fcnt\u00fclere sahne olan etkinlikte minikler hem e\u011flendi hem de geri d\u00f6n\u00fc\u015f\u00fcm konusunda fark\u0131ndal\u0131k kazand\u0131.<\/p>\n<p>\u00a0<\/p>\n<p>\u00a0<\/p>\n<p>Kaynak: (BYZHA) Beyaz Haber Ajans\u0131<\/p>\n","protected":false},"excerpt":{"rendered":"<p>\u201cUluslararas\u0131 S\u0131f\u0131r At\u0131k Ay\u0131\u201d kapsam\u0131nda Bak\u0131rk\u00f6y Belediyesi \u0130klim De\u011fi\u015fikli\u011fi ve S\u0131f\u0131r At\u0131k M\u00fcd\u00fcrl\u00fc\u011f\u00fc taraf\u0131ndan Yuvam\u0131z Bak\u0131rk\u00f6y G\u00fcnd\u00fcz \u00c7ocuk Bak\u0131mevlerinde s\u0131f\u0131r at\u0131k e\u011fitimi verildi.<\/p>\n","protected":false},"author":1,"featured_media":3157,"comment_status":"open","ping_status":"open","sticky":false,"template":"","format":"standard","meta":{"footnotes":""},"categories":[21],"tags":[],"class_list":["post-3156","post","type-post","status-publish","format-standard","has-post-thumbnail","hentry","category-gundem"],"_links":{"self":[{"href":"https:\/\/busondakika.com.tr\/index.php?rest_route=\/wp\/v2\/posts\/3156","targetHints":{"allow":["GET"]}}],"collection":[{"href":"https:\/\/busondakika.com.tr\/index.php?rest_route=\/wp\/v2\/posts"}],"about":[{"href":"https:\/\/busondakika.com.tr\/index.php?rest_route=\/wp\/v2\/types\/post"}],"author":[{"embeddable":true,"href":"https:\/\/busondakika.com.tr\/index.php?rest_route=\/wp\/v2\/users\/1"}],"replies":[{"embeddable":true,"href":"https:\/\/busondakika.com.tr\/index.php?rest_route=%2Fwp%2Fv2%2Fcomments&post=3156"}],"version-history":[{"count":1,"href":"https:\/\/busondakika.com.tr\/index.php?rest_route=\/wp\/v2\/posts\/3156\/revisions"}],"predecessor-version":[{"id":3158,"href":"https:\/\/busondakika.com.tr\/index.php?rest_route=\/wp\/v2\/posts\/3156\/revisions\/3158"}],"wp:featuredmedia":[{"embeddable":true,"href":"https:\/\/busondakika.com.tr\/index.php?rest_route=\/wp\/v2\/media\/3157"}],"wp:attachment":[{"href":"https:\/\/busondakika.com.tr\/index.php?rest_route=%2Fwp%2Fv2%2Fmedia&parent=3156"}],"wp:term":[{"taxonomy":"category","embeddable":true,"href":"https:\/\/busondakika.com.tr\/index.php?rest_route=%2Fwp%2Fv2%2Fcategories&post=3156"},{"taxonomy":"post_tag","embeddable":true,"href":"https:\/\/busondakika.com.tr\/index.php?rest_route=%2Fwp%2Fv2%2Ftags&post=3156"}],"curies":[{"name":"wp","href":"https:\/\/api.w.org\/{rel}","templated":true}]}}