{"id":3207,"date":"2026-03-14T00:44:19","date_gmt":"2026-03-14T00:44:19","guid":{"rendered":"https:\/\/busondakika.com.tr\/?p=3207"},"modified":"2026-03-14T00:44:20","modified_gmt":"2026-03-14T00:44:20","slug":"isudan-karamursele-215-milyon-tllik-altyapi-yatirimi","status":"publish","type":"post","link":"https:\/\/busondakika.com.tr\/?p=3207","title":{"rendered":"\u0130SU\u2019dan Karam\u00fcrsel\u2019e 215 Milyon TL\u2019lik Altyap\u0131 Yat\u0131r\u0131m\u0131"},"content":{"rendered":"<p> Kocaeli B\u00fcy\u00fck\u015fehir Belediyesi \u0130SU Genel M\u00fcd\u00fcrl\u00fc\u011f\u00fc, 2025 y\u0131l\u0131 yat\u0131r\u0131m program\u0131 kapsam\u0131nda Karam\u00fcrsel il\u00e7esinde ger\u00e7ekle\u015ftirdi\u011fi altyap\u0131 yat\u0131r\u0131mlar\u0131yla il\u00e7enin altyap\u0131 sistemlerini daha g\u00fc\u00e7l\u00fc, g\u00fcvenli ve s\u00fcrd\u00fcr\u00fclebilir bir yap\u0131ya kavu\u015fturdu. Y\u0131l boyunca planl\u0131 ve titizlikle y\u00fcr\u00fct\u00fclen \u00e7al\u0131\u015fmalar kapsam\u0131nda Karam\u00fcrsel\u2019e toplam 215.010.595,08 TL tutar\u0131nda yat\u0131r\u0131m kazand\u0131r\u0131ld\u0131.<br \/>KAPSAMLI ALTYAPI \u00c7ALI\u015eMALARI HAYATA GE\u00c7\u0130R\u0130LD\u0130<br \/>\u0130SU Genel M\u00fcd\u00fcrl\u00fc\u011f\u00fc taraf\u0131ndan y\u00fcr\u00fct\u00fclen \u00e7al\u0131\u015fmalar kapsam\u0131nda il\u00e7e genelinde 21.868 metre i\u00e7me suyu hatt\u0131, 8.558 metre kanalizasyon hatt\u0131 ve 1.153 metre ya\u011fmur suyu hatt\u0131 imalat\u0131 ger\u00e7ekle\u015ftirildi. Ayr\u0131ca 249 metre dere \u0131slah\u0131 \u00e7al\u0131\u015fmas\u0131 da tamamland\u0131. Hayata ge\u00e7irilen bu yat\u0131r\u0131mlarla mevcut altyap\u0131 sistemleri yenilenirken, geli\u015fen yerle\u015fim alanlar\u0131n\u0131n ihtiya\u00e7lar\u0131na cevap verebilecek daha g\u00fc\u00e7l\u00fc ve modern bir altyap\u0131 sistemi olu\u015fturuldu.<br \/>VATANDA\u015eLAR \u0130\u00c7\u0130N DAHA SA\u011eLIKLI VE G\u00dcVENL\u0130 H\u0130ZMET<br \/>Ger\u00e7ekle\u015ftirilen yat\u0131r\u0131mlarla birlikte Karam\u00fcrsel\u2019de i\u00e7me suyunun daha sa\u011fl\u0131kl\u0131 ve kesintisiz \u015fekilde vatanda\u015flara ula\u015ft\u0131r\u0131lmas\u0131 sa\u011flan\u0131rken, kanalizasyon hatlar\u0131n\u0131n g\u00fc\u00e7lendirilmesiyle \u00e7evre ve halk sa\u011fl\u0131\u011f\u0131n\u0131n korunmas\u0131na \u00f6nemli katk\u0131 sunuldu. Ya\u011fmur suyu hatlar\u0131 ve dere \u0131slah\u0131 \u00e7al\u0131\u015fmalar\u0131 sayesinde \u00f6zellikle yo\u011fun ya\u011f\u0131\u015f d\u00f6nemlerinde ya\u015fanabilecek su bask\u0131nlar\u0131n\u0131n \u00f6n\u00fcne ge\u00e7ilmesi hedeflenerek yerle\u015fim alanlar\u0131 i\u00e7in daha g\u00fcvenli bir \u015fehir altyap\u0131s\u0131 olu\u015fturuldu.<br \/>GELECE\u011eE HAZIR G\u00dc\u00c7L\u00dc ALTYAPI<br \/>Ger\u00e7ekle\u015ftirilen yat\u0131r\u0131mlar yaln\u0131zca mevcut ihtiya\u00e7lar\u0131 kar\u015f\u0131lamakla kalmay\u0131p Karam\u00fcrsel\u2019in gelecekteki n\u00fcfus art\u0131\u015f\u0131 ve \u015fehirle\u015fme s\u00fcre\u00e7lerine de haz\u0131rl\u0131k niteli\u011fi ta\u015f\u0131yor. Yap\u0131lan \u00e7al\u0131\u015fmalar sayesinde il\u00e7enin altyap\u0131 sistemi daha dayan\u0131kl\u0131, \u00e7evreci ve uzun \u00f6m\u00fcrl\u00fc bir yap\u0131ya kavu\u015furken vatanda\u015flar\u0131n ya\u015fam konforu da \u00f6nemli \u00f6l\u00e7\u00fcde art\u0131r\u0131ld\u0131.<br \/>Kocaeli genelinde s\u00fcrd\u00fcr\u00fclebilir altyap\u0131 anlay\u0131\u015f\u0131yla yat\u0131r\u0131mlar\u0131n\u0131 aral\u0131ks\u0131z s\u00fcrd\u00fcren \u0130SU Genel M\u00fcd\u00fcrl\u00fc\u011f\u00fc, 2025 y\u0131l\u0131nda oldu\u011fu gibi 2026 y\u0131l\u0131nda da g\u00fc\u00e7l\u00fc projeleriyle vatanda\u015flara sa\u011fl\u0131kl\u0131, g\u00fcvenli ve kesintisiz hizmet sunmaya devam edecek.<\/p>\n<p>\u00a0<\/p>\n<p>Kaynak: (BYZHA) Beyaz Haber Ajans\u0131<\/p>\n","protected":false},"excerpt":{"rendered":"<p>Kocaeli B\u00fcy\u00fck\u015fehir Belediyesi \u0130SU Genel M\u00fcd\u00fcrl\u00fc\u011f\u00fc, 2025 y\u0131l\u0131 yat\u0131r\u0131m program\u0131 kapsam\u0131nda Karam\u00fcrsel il\u00e7esinde ger\u00e7ekle\u015ftirdi\u011fi altyap\u0131 yat\u0131r\u0131mlar\u0131yla il\u00e7enin altyap\u0131 sistemlerini daha g\u00fc\u00e7l\u00fc, g\u00fcvenli ve s\u00fcrd\u00fcr\u00fclebilir bir yap\u0131ya kavu\u015fturdu.<\/p>\n","protected":false},"author":1,"featured_media":3208,"comment_status":"open","ping_status":"open","sticky":false,"template":"","format":"standard","meta":{"footnotes":""},"categories":[22],"tags":[],"class_list":["post-3207","post","type-post","status-publish","format-standard","has-post-thumbnail","hentry","category-ekonomi"],"_links":{"self":[{"href":"https:\/\/busondakika.com.tr\/index.php?rest_route=\/wp\/v2\/posts\/3207","targetHints":{"allow":["GET"]}}],"collection":[{"href":"https:\/\/busondakika.com.tr\/index.php?rest_route=\/wp\/v2\/posts"}],"about":[{"href":"https:\/\/busondakika.com.tr\/index.php?rest_route=\/wp\/v2\/types\/post"}],"author":[{"embeddable":true,"href":"https:\/\/busondakika.com.tr\/index.php?rest_route=\/wp\/v2\/users\/1"}],"replies":[{"embeddable":true,"href":"https:\/\/busondakika.com.tr\/index.php?rest_route=%2Fwp%2Fv2%2Fcomments&post=3207"}],"version-history":[{"count":1,"href":"https:\/\/busondakika.com.tr\/index.php?rest_route=\/wp\/v2\/posts\/3207\/revisions"}],"predecessor-version":[{"id":3209,"href":"https:\/\/busondakika.com.tr\/index.php?rest_route=\/wp\/v2\/posts\/3207\/revisions\/3209"}],"wp:featuredmedia":[{"embeddable":true,"href":"https:\/\/busondakika.com.tr\/index.php?rest_route=\/wp\/v2\/media\/3208"}],"wp:attachment":[{"href":"https:\/\/busondakika.com.tr\/index.php?rest_route=%2Fwp%2Fv2%2Fmedia&parent=3207"}],"wp:term":[{"taxonomy":"category","embeddable":true,"href":"https:\/\/busondakika.com.tr\/index.php?rest_route=%2Fwp%2Fv2%2Fcategories&post=3207"},{"taxonomy":"post_tag","embeddable":true,"href":"https:\/\/busondakika.com.tr\/index.php?rest_route=%2Fwp%2Fv2%2Ftags&post=3207"}],"curies":[{"name":"wp","href":"https:\/\/api.w.org\/{rel}","templated":true}]}}