{"id":3222,"date":"2026-03-14T00:44:30","date_gmt":"2026-03-14T00:44:30","guid":{"rendered":"https:\/\/busondakika.com.tr\/?p=3222"},"modified":"2026-03-14T00:44:31","modified_gmt":"2026-03-14T00:44:31","slug":"uskudarda-ismini-vermek-istemeyen-soylesi-ile-kadinlarin-sessiz-kalan-sorunlari-konusuldu","status":"publish","type":"post","link":"https:\/\/busondakika.com.tr\/?p=3222","title":{"rendered":"\u00dcsk\u00fcdar\u2019da \u201c\u0130smini Vermek \u0130stemeyen S\u00f6yle\u015fi\u201d ile Kad\u0131nlar\u0131n Sessiz Kalan Sorunlar\u0131 Konu\u015fuldu"},"content":{"rendered":"<p> <strong>\u00dcsk\u00fcdar Belediyesi ile Medicana \u00c7aml\u0131ca Hastanesi i\u015f birli\u011fiyle, D\u00fcnya Kad\u0131nlar G\u00fcn\u00fc kapsam\u0131nda d\u00fczenlenen \u201c\u0130smini Vermek \u0130stemeyen S\u00f6yle\u015fi: Konu\u015famad\u0131k\u00e7a B\u00fcy\u00fcyen Duygular\u201d program\u0131 Ba\u011flarba\u015f\u0131 K\u00fclt\u00fcr Merkezi \u00c7aml\u0131ca Salonu\u2019nda ger\u00e7ekle\u015ftirildi. Kad\u0131nlar\u0131n \u00e7o\u011fu zaman dile getirmekten \u00e7ekindi\u011fi sa\u011fl\u0131k, psikoloji ve toplumsal konular\u0131n ele al\u0131nd\u0131\u011f\u0131 s\u00f6yle\u015fide fark\u0131ndal\u0131k olu\u015fturulmas\u0131 hedeflendi.<\/strong><\/p>\n<p>Program\u0131n moderat\u00f6rl\u00fc\u011f\u00fcn\u00fc \u0130nci Ertu\u011frul \u00fcstlenirken, alan\u0131nda uzman isimler ve farkl\u0131 alanlardan konuklar kad\u0131nlar\u0131n ya\u015fam\u0131nda \u00e7o\u011fu zaman g\u00f6r\u00fcnmeyen veya konu\u015fulmayan konulara dair g\u00f6r\u00fc\u015flerini payla\u015ft\u0131.<\/p>\n<p>\u201cKad\u0131nlar\u0131n g\u00fc\u00e7lenmesini son derece k\u0131ymetli buluyoruz\u201d<\/p>\n<p>Programda konu\u015fan \u00dcsk\u00fcdar Belediye Ba\u015fkan Yard\u0131mc\u0131s\u0131 Amine Cansu \u00c7elik, yo\u011fun program\u0131 nedeniyle etkinli\u011fe kat\u0131lamayan \u00dcsk\u00fcdar Belediye Ba\u015fkan\u0131 Sinem Dedeta\u015f\u2019\u0131n selamlar\u0131n\u0131 ileterek s\u00f6zlerine ba\u015flad\u0131.<\/p>\n<p>\u00c7elik konu\u015fmas\u0131nda, kad\u0131nlar\u0131n fiziksel ve ruhsal sa\u011fl\u0131\u011f\u0131na dikkat \u00e7ekmek ve toplumsal hayattaki g\u00fc\u00e7lerini g\u00f6r\u00fcn\u00fcr k\u0131lmak amac\u0131yla d\u00fczenlenen program\u0131n \u00f6nemine de\u011finerek, alanlar\u0131nda \u00f6nemli bir birikime sahip konuklar\u0131n payla\u015ft\u0131\u011f\u0131 g\u00f6r\u00fc\u015f ve deneyimlerin kad\u0131n sa\u011fl\u0131\u011f\u0131, psikolojik dayan\u0131kl\u0131l\u0131k, sporun ya\u015fam\u0131m\u0131za katt\u0131\u011f\u0131 g\u00fc\u00e7 ve toplumsal dayan\u0131\u015fma a\u00e7\u0131s\u0131ndan son derece de\u011ferli oldu\u011funu ifade etti.<\/p>\n<p>\u00dcsk\u00fcdar Belediyesi ile Medicana \u00c7aml\u0131ca Hastanesi i\u015f birli\u011fiyle ger\u00e7ekle\u015ftirilen programda eme\u011fi ge\u00e7en herkese te\u015fekk\u00fcr eden \u00c7elik, kad\u0131nlar\u0131n hayat\u0131n her alan\u0131nda g\u00fc\u00e7lenmesini, dayan\u0131\u015fma ve ortak ak\u0131lla daha g\u00f6r\u00fcn\u00fcr hale gelmesini son derece k\u0131ymetli bulduklar\u0131n\u0131 belirtti.<\/p>\n<p><strong>Kad\u0131n sa\u011fl\u0131\u011f\u0131 ve psikolojik dayan\u0131kl\u0131l\u0131k ele al\u0131nd\u0131<\/strong><\/p>\n<p>S\u00f6yle\u015fide Kalp ve Damar Cerrahisi Uzman\u0131 Do\u00e7. Dr. Bahar Temur, \u201c\u0130smini Vermek \u0130stemeyen Kalp\u201d ba\u015fl\u0131kl\u0131 sunumunda kad\u0131nlarda kalp sa\u011fl\u0131\u011f\u0131n\u0131 etkileyen fakt\u00f6rlere de\u011findi. Temur, k\u0131r\u0131k kalp sendromu, stres kaynakl\u0131 kalp hastal\u0131klar\u0131 ve t\u00fckenmi\u015flik sendromunun kalp \u00fczerindeki etkileri hakk\u0131nda kat\u0131l\u0131mc\u0131lar\u0131 bilgilendirdi.<\/p>\n<p>Psikiyatri Uzman\u0131 Uzm. Dr. Meltem Vural ise \u201c\u0130smini Vermek \u0130stemeyen Cinsellik\u201d ba\u015fl\u0131kl\u0131 konu\u015fmas\u0131nda vajinismus, libido kayb\u0131, menopoz ve cinsel kimlik gibi toplumda \u00e7o\u011fu zaman konu\u015fulmaktan \u00e7ekinilen konular\u0131n asl\u0131nda tedavi edilebilir sa\u011fl\u0131k sorunlar\u0131 oldu\u011funa dikkat \u00e7ekti.<\/p>\n<p>Klinik Psikolog Cansu Kaya, \u201c\u0130smini Vermek \u0130stemeyen T\u00fckenmi\u015flik\u201d ba\u015fl\u0131kl\u0131 sunumunda kad\u0131nlar\u0131n i\u015f ve sosyal ya\u015famda g\u00f6r\u00fcnmeyen eme\u011fi, s\u00fcrekli eksik hissetme duygusu ve kendini geri plana atman\u0131n psikolojik etkileri \u00fczerine de\u011ferlendirmelerde bulundu.<\/p>\n<p><strong>Kad\u0131nlar\u0131n ya\u015fam deneyimleri farkl\u0131 ba\u015fl\u0131klarda ele al\u0131nd\u0131<\/strong><\/p>\n<p>Uzman Klinik Psikolog ve yazar Fundem Ece, \u201cAnne Olmak, Yetersizlik ve Su\u00e7luluk Hissi\u201d ba\u015fl\u0131kl\u0131 konu\u015fmas\u0131nda iyi anne olma bask\u0131s\u0131, \u00e7al\u0131\u015fan annelerin ya\u015fad\u0131\u011f\u0131 su\u00e7luluk duygusu ve \u00e7ocukluk deneyimlerinin annelik \u00fczerindeki etkilerini ele ald\u0131.<\/p>\n<p>THY Spor Kul\u00fcb\u00fc Kad\u0131n Voleybol Tak\u0131m\u0131 oyuncusu Melis Y\u0131lmaz ise \u201c\u0130smini Vermek \u0130stemeyen G\u00fc\u00e7\u201d ba\u015fl\u0131\u011f\u0131yla spor d\u00fcnyas\u0131nda kad\u0131n olman\u0131n zorluklar\u0131n\u0131, g\u00fc\u00e7l\u00fc g\u00f6r\u00fcnme bask\u0131s\u0131n\u0131 ve sporun kad\u0131nlar\u0131n hayat\u0131ndaki d\u00f6n\u00fc\u015ft\u00fcr\u00fcc\u00fc etkisini kat\u0131l\u0131mc\u0131larla payla\u015ft\u0131.<\/p>\n<p>\u00dcsk\u00fcdar Ac\u0131badem Mahalle Muhtar\u0131 Semra Ayd\u0131n da \u201c\u0130smini Vermek \u0130stemeyen Mahalle\u201d ba\u015fl\u0131kl\u0131 konu\u015fmas\u0131nda mahallelerde en s\u0131k gizlenen kad\u0131n sorunlar\u0131na, ev i\u00e7i fiziksel ve psikolojik \u015fiddete ve kad\u0131nlar\u0131n destek mekanizmalar\u0131na ula\u015fma s\u00fcre\u00e7lerine ili\u015fkin de\u011ferlendirmelerde bulundu.<\/p>\n<p>\u00dcsk\u00fcdar Belediyesi ve Medicana \u00c7aml\u0131ca Hastanesi i\u015f birli\u011fiyle d\u00fczenlenen s\u00f6yle\u015fi, kad\u0131nlar\u0131n sa\u011fl\u0131k, psikoloji ve toplumsal ya\u015famda \u00e7o\u011fu zaman dile getirilmeyen sorunlar\u0131n\u0131 g\u00f6r\u00fcn\u00fcr k\u0131lmay\u0131 ama\u00e7layan \u00f6nemli bir fark\u0131ndal\u0131k bulu\u015fmas\u0131 olarak tamamland\u0131.<\/p>\n<p>\u00a0<\/p>\n<p>Kaynak: (BYZHA) Beyaz Haber Ajans\u0131<\/p>\n","protected":false},"excerpt":{"rendered":"<p>\u00dcsk\u00fcdar Belediyesi ile Medicana \u00c7aml\u0131ca Hastanesi i\u015f birli\u011fiyle, D\u00fcnya Kad\u0131nlar G\u00fcn\u00fc kapsam\u0131nda d\u00fczenlenen \u201c\u0130smini Vermek \u0130stemeyen S\u00f6yle\u015fi: Konu\u015famad\u0131k\u00e7a B\u00fcy\u00fcyen Duygular\u201d program\u0131 Ba\u011flarba\u015f\u0131 K\u00fclt\u00fcr Merkezi \u00c7aml\u0131ca Salonu\u2019nda ger\u00e7ekle\u015ftirildi.<\/p>\n","protected":false},"author":1,"featured_media":3223,"comment_status":"open","ping_status":"open","sticky":false,"template":"","format":"standard","meta":{"footnotes":""},"categories":[20],"tags":[],"class_list":["post-3222","post","type-post","status-publish","format-standard","has-post-thumbnail","hentry","category-kultur-sanat"],"_links":{"self":[{"href":"https:\/\/busondakika.com.tr\/index.php?rest_route=\/wp\/v2\/posts\/3222","targetHints":{"allow":["GET"]}}],"collection":[{"href":"https:\/\/busondakika.com.tr\/index.php?rest_route=\/wp\/v2\/posts"}],"about":[{"href":"https:\/\/busondakika.com.tr\/index.php?rest_route=\/wp\/v2\/types\/post"}],"author":[{"embeddable":true,"href":"https:\/\/busondakika.com.tr\/index.php?rest_route=\/wp\/v2\/users\/1"}],"replies":[{"embeddable":true,"href":"https:\/\/busondakika.com.tr\/index.php?rest_route=%2Fwp%2Fv2%2Fcomments&post=3222"}],"version-history":[{"count":1,"href":"https:\/\/busondakika.com.tr\/index.php?rest_route=\/wp\/v2\/posts\/3222\/revisions"}],"predecessor-version":[{"id":3224,"href":"https:\/\/busondakika.com.tr\/index.php?rest_route=\/wp\/v2\/posts\/3222\/revisions\/3224"}],"wp:featuredmedia":[{"embeddable":true,"href":"https:\/\/busondakika.com.tr\/index.php?rest_route=\/wp\/v2\/media\/3223"}],"wp:attachment":[{"href":"https:\/\/busondakika.com.tr\/index.php?rest_route=%2Fwp%2Fv2%2Fmedia&parent=3222"}],"wp:term":[{"taxonomy":"category","embeddable":true,"href":"https:\/\/busondakika.com.tr\/index.php?rest_route=%2Fwp%2Fv2%2Fcategories&post=3222"},{"taxonomy":"post_tag","embeddable":true,"href":"https:\/\/busondakika.com.tr\/index.php?rest_route=%2Fwp%2Fv2%2Ftags&post=3222"}],"curies":[{"name":"wp","href":"https:\/\/api.w.org\/{rel}","templated":true}]}}