{"id":3237,"date":"2026-03-14T01:00:14","date_gmt":"2026-03-14T01:00:14","guid":{"rendered":"https:\/\/busondakika.com.tr\/?p=3237"},"modified":"2026-03-14T01:00:15","modified_gmt":"2026-03-14T01:00:15","slug":"istiklal-marsinin-anlam-ve-onemi-kto-karatayda-anlatildi","status":"publish","type":"post","link":"https:\/\/busondakika.com.tr\/?p=3237","title":{"rendered":"\u0130stiklal Mar\u015f\u0131\u2019n\u0131n Anlam ve \u00d6nemi KTO Karatay\u2019da Anlat\u0131ld\u0131"},"content":{"rendered":"\n<p style=\"margin-top:8px;margin-bottom:16px;text-align:justify;text-indent:35.4pt\"><span style=\"font-size:11pt\"><span style=\"line-height:150%\"><span style=\"font-family:Aptos,sans-serif\"><b><span style=\",serif\">\u0130stiklal Mar\u015f\u0131\u2019n\u0131n kabul\u00fcn\u00fcn 105. y\u0131l d\u00f6n\u00fcm\u00fc m\u00fcnasebetiyle Konya Ticaret Odas\u0131 (KTO) Karatay \u00dcniversitesi\u2019nde \u201c\u0130stiklal Mar\u015f\u0131\u2019n\u0131n Anlam ve \u00d6nemi\u201d konulu konferans d\u00fczenlendi.<\/span><\/b><\/span><\/span><\/span><\/p>\n<p style=\"margin-top:8px;margin-bottom:16px;text-align:justify;text-indent:35.4pt\"><span style=\"font-size:11pt\"><span style=\"line-height:150%\"><span style=\"font-family:Aptos,sans-serif\"><span style=\",serif\">KTO Karatay \u00dcniversitesi\u2019nde, \u0130stiklal Mar\u015f\u0131\u2019n\u0131n kabul\u00fcn\u00fcn 105. y\u0131l d\u00f6n\u00fcm\u00fc m\u00fcnasebetiyle \u201c\u0130stiklal Mar\u015f\u0131\u2019n\u0131n Anlam ve \u00d6nemi\u201d konulu konferans d\u00fczenlendi. Konferansa, \u0130ktisadi, \u0130dari ve Sosyal Bilimler Fak\u00fcltesi Tarih B\u00f6l\u00fcm Ba\u015fkan\u0131 Prof. Dr. Yusuf K\u00fc\u00e7\u00fckda\u011f, Tarih B\u00f6l\u00fcm\u00fc akademisyenlerinden Prof. Dr. Caner Arabac\u0131, gaziler, akademisyenler, \u00f6\u011frenciler ve \u00e7ok say\u0131da davetli kat\u0131ld\u0131. Sayg\u0131 duru\u015fu ve \u0130stiklal Mar\u015f\u0131\u2019n\u0131n okunmas\u0131yla ba\u015flayan konferans, Tarih B\u00f6l\u00fcm\u00fc akademisyenlerinden Prof. Dr. Caner Arabac\u0131\u2019n\u0131n sunumu ile ger\u00e7ekle\u015fti.<\/span><\/span><\/span><\/span><\/p>\n<p style=\"margin-top:8px;margin-bottom:16px;text-align:justify;text-indent:35.4pt\"><span style=\"font-size:11pt\"><span style=\"line-height:150%\"><span style=\"font-family:Aptos,sans-serif\"><b><span style=\",serif\">\u201c\u0130stiklal Mar\u015f\u0131, Milli Birli\u011fi ve B\u00fct\u00fcnl\u00fc\u011f\u00fc Simgeleyen Ses Bayra\u011f\u0131m\u0131zd\u0131r\u201d<\/span><\/b><\/span><\/span><\/span><\/p>\n<p style=\"margin-top:8px;margin-bottom:16px;text-align:justify;text-indent:35.4pt\"><span style=\"font-size:11pt\"><span style=\"line-height:150%\"><span style=\"font-family:Aptos,sans-serif\"><span style=\",serif\">\u0130stiklal Mar\u015f\u0131\u2019n\u0131n kabul\u00fc ile ilgili \u00f6nemli bilgiler payla\u015fan Prof. Dr. Caner Arabac\u0131; \u201cBug\u00fcn, \u00fcniversitemizde \u0130stiklal Mar\u015f\u0131&#8217;n\u0131n kabul\u00fcn\u00fcn 105. y\u0131l d\u00f6n\u00fcm\u00fcn\u00fc an\u0131yoruz. \u0130stiklal Mar\u015f\u0131, bizim milli birli\u011fimizi, b\u00fct\u00fcnl\u00fc\u011f\u00fcm\u00fcz\u00fc simgeleyen, ay y\u0131ld\u0131zl\u0131 bayra\u011f\u0131m\u0131z gibi ses bayra\u011f\u0131m\u0131zd\u0131r. Mill\u00ee mutabakat metnimiz, bulu\u015ftu\u011fumuz, birle\u015fti\u011fimiz, b\u00fct\u00fcnle\u015fti\u011fimiz mutabakat metnimizdir. 1920 y\u0131l\u0131nda mar\u015f yar\u0131\u015fmas\u0131 d\u00fczenlenir ve Mehmet Akif, 10 k\u0131tal\u0131k me\u015fhur mar\u015f\u0131 \u00fc\u00e7 g\u00fcnde bitirir ve bir k\u0131tas\u0131n\u0131 Tacettin Derg\u00e2h\u0131nda duvara \u00e7ak\u0131yla kaz\u0131r. \u015eiir, meclise gelmeden \u00f6nce Mehmet Akif&#8217;in ba\u015fyazar\u0131 oldu\u011fu Seb\u00eel\u00fcrre\u015f\u00e2d Dergisinde yay\u0131nlan\u0131r. Sonra, \u015fiiri 01 Mart 1921&#8217;de Hamdullah Suphi Tanr\u0131\u00f6ver o muhte\u015fem sesiyle mecliste 10 k\u0131ta olarak okur. Beyitler aras\u0131nda, k\u0131ta sonlar\u0131nda defalarca co\u015fkuyla alk\u0131\u015flan\u0131r. Daha sonra da 12 Mart&#8217;ta da b\u00fct\u00fcn milletvekilleri ayaktayken okunur. Mar\u015f oylama ile kanunla\u015f\u0131r, kanun h\u00fckm\u00fcne girer ve kabul edilir. Bu anlaml\u0131 g\u00fcnde bir kez daha hat\u0131rlayarak; bu milletin medeniyet de\u011ferleri, inanc\u0131, k\u00fclt\u00fcr\u00fc, bayra\u011f\u0131, mar\u015f\u0131, ezan\u0131 gibi birli\u011fi sa\u011flayan unsurlar\u0131na samimi ba\u011fl\u0131l\u0131\u011f\u0131m\u0131z\u0131 g\u00f6stermeliyiz\u201d \u015feklinde konu\u015ftu.<\/span><\/span><\/span><\/span><\/p>\n<p style=\"margin-top:8px;margin-bottom:16px;text-align:justify;text-indent:35.4pt\"><span style=\"font-size:11pt\"><span style=\"line-height:150%\"><span style=\"font-family:Aptos,sans-serif\"><span style=\",serif\">Konferans, g\u00fcn\u00fcn anlam ve \u00f6nemini anlatan konu\u015fman\u0131n ard\u0131ndan kat\u0131l\u0131mc\u0131lar\u0131n sorular\u0131n\u0131n cevaplanmas\u0131 ve toplu foto\u011fraf \u00e7ekimi ile sona erdi.<\/span><\/span><\/span><\/span><\/p>\n<p style=\"margin-top:8px;margin-bottom:16px;text-align:justify;text-indent:35.4pt\">\u00a0<\/p>\n<p style=\"margin-top:8px;margin-bottom:16px;text-align:justify;text-indent:35.4pt\">\u00a0<\/p>\n<p>Kaynak: (BYZHA) Beyaz Haber Ajans\u0131<\/p>\n","protected":false},"excerpt":{"rendered":"<p>\u0130stiklal Mar\u015f\u0131\u2019n\u0131n kabul\u00fcn\u00fcn 105.<\/p>\n","protected":false},"author":1,"featured_media":3238,"comment_status":"open","ping_status":"open","sticky":false,"template":"","format":"standard","meta":{"footnotes":""},"categories":[20],"tags":[],"class_list":["post-3237","post","type-post","status-publish","format-standard","has-post-thumbnail","hentry","category-kultur-sanat"],"_links":{"self":[{"href":"https:\/\/busondakika.com.tr\/index.php?rest_route=\/wp\/v2\/posts\/3237","targetHints":{"allow":["GET"]}}],"collection":[{"href":"https:\/\/busondakika.com.tr\/index.php?rest_route=\/wp\/v2\/posts"}],"about":[{"href":"https:\/\/busondakika.com.tr\/index.php?rest_route=\/wp\/v2\/types\/post"}],"author":[{"embeddable":true,"href":"https:\/\/busondakika.com.tr\/index.php?rest_route=\/wp\/v2\/users\/1"}],"replies":[{"embeddable":true,"href":"https:\/\/busondakika.com.tr\/index.php?rest_route=%2Fwp%2Fv2%2Fcomments&post=3237"}],"version-history":[{"count":1,"href":"https:\/\/busondakika.com.tr\/index.php?rest_route=\/wp\/v2\/posts\/3237\/revisions"}],"predecessor-version":[{"id":3239,"href":"https:\/\/busondakika.com.tr\/index.php?rest_route=\/wp\/v2\/posts\/3237\/revisions\/3239"}],"wp:featuredmedia":[{"embeddable":true,"href":"https:\/\/busondakika.com.tr\/index.php?rest_route=\/wp\/v2\/media\/3238"}],"wp:attachment":[{"href":"https:\/\/busondakika.com.tr\/index.php?rest_route=%2Fwp%2Fv2%2Fmedia&parent=3237"}],"wp:term":[{"taxonomy":"category","embeddable":true,"href":"https:\/\/busondakika.com.tr\/index.php?rest_route=%2Fwp%2Fv2%2Fcategories&post=3237"},{"taxonomy":"post_tag","embeddable":true,"href":"https:\/\/busondakika.com.tr\/index.php?rest_route=%2Fwp%2Fv2%2Ftags&post=3237"}],"curies":[{"name":"wp","href":"https:\/\/api.w.org\/{rel}","templated":true}]}}