{"id":3240,"date":"2026-03-14T01:00:16","date_gmt":"2026-03-14T01:00:16","guid":{"rendered":"https:\/\/busondakika.com.tr\/?p=3240"},"modified":"2026-03-14T01:00:17","modified_gmt":"2026-03-14T01:00:17","slug":"kalyon-kultur-filistine-destek-icin-sessiz-ayakkabilar-sergisini-hayata-gecirdi","status":"publish","type":"post","link":"https:\/\/busondakika.com.tr\/?p=3240","title":{"rendered":"Kalyon K\u00fclt\u00fcr, Filistin\u2019e Destek \u0130\u00e7in \u201cSessiz Ayakkab\u0131lar\u201d Sergisini Hayata Ge\u00e7irdi"},"content":{"rendered":"<p> <strong>Gazze\u2019de yar\u0131m kalan hayatlar\u0131n izini seramik ve resim sanat\u0131yla g\u00f6r\u00fcn\u00fcr k\u0131lan \u2018Sessiz Ayakkab\u0131lar\u2019 sergisi Kalyon K\u00fclt\u00fcr Zone\u2019da a\u00e7\u0131ld\u0131. Sanat\u00e7\u0131 Ali Uslu\u2019nun seramikten yapt\u0131\u011f\u0131 200 \u00e7ift \u00e7ocuk ayakkab\u0131s\u0131 ve iki tablodan olu\u015fan sergi, \u201cKalanlar\u201d Filistin sergisinin devam\u0131 niteli\u011fini ta\u015f\u0131yor.<\/strong>\u00a0<strong>Sergi, 30 Nisan tarihine kadar ziyaret edilebilecek.\u00a0<\/strong><\/p>\n<p><strong>\u00a0<\/strong>Sanat\u00e7\u0131 Ali Uslu\u2019nun eserlerinden olu\u015fan \u2018Sessiz Ayakkab\u0131lar\u2019 sergisi, Kalyon Vakf\u0131 Ba\u015fkan\u0131 Reyhan Kalyoncu\u2019nun ev sahipli\u011finde \u00dcsk\u00fcdar\u2019da bulunan Nev\u00e7ar\u015f\u0131 Al\u0131\u015fveri\u015f Merkezi\u2019ndeki Kalyon K\u00fclt\u00fcr Zone\u2019da d\u00fczenlenen t\u00f6renle a\u00e7\u0131ld\u0131.\u00a0<\/p>\n<p>K\u0131r\u0131lgan ancak kal\u0131c\u0131 bir malzeme olan seramikten yap\u0131lan ayakkab\u0131lar, sava\u015fta ya\u015fam\u0131n\u0131 yitiren \u00e7ocuklar\u0131n izlerini temsil ederken yoklu\u011fun maddesel bir haf\u0131zaya d\u00f6n\u00fc\u015fmesini sa\u011fl\u0131yor. Sahiplerinden geriye kalan ve zaman\u0131n i\u00e7inde donmu\u015f g\u00fcndelik nesneler olarak sessizce yerde duran bu ayakkab\u0131lar, y\u0131k\u0131nt\u0131lar i\u00e7indeki Gazze\u2019yi g\u00f6steren tablolarla birlikte sava\u015f\u0131n en a\u011f\u0131r y\u00fck\u00fcn\u00fc ta\u015f\u0131yan \u00e7ocuklar\u0131n masumiyetini sembolize ediyor.<\/p>\n<p><strong>Kalyon Vakf\u0131 Ba\u015fkan\u0131 Reyhan Kalyoncu<\/strong>\u00a0sergiyle ilgili \u015funlar\u0131 s\u00f6yledi: \u201cFilistin halk\u0131na destek olma amac\u0131yla ge\u00e7ti\u011fimiz aral\u0131k ay\u0131nda Kalyon K\u00fclt\u00fcr\u2019de \u201cKalanlar\u201d Filistin sergimizi hayata ge\u00e7irmi\u015ftik. Bug\u00fcn ise a\u00e7\u0131l\u0131\u015f\u0131n\u0131 yapt\u0131\u011f\u0131m\u0131z \u201cSessiz Ayakkab\u0131lar\u201d sergimizle; Filistin halk\u0131n\u0131n onurlu m\u00fccadelesine destek vermeye devam ediyoruz. Sava\u015f\u0131n en a\u011f\u0131r faturas\u0131n\u0131 her daim \u00e7ocuklar \u00f6d\u00fcyor. Filistin\u2019de son 2 senede; t\u00fcm insanl\u0131\u011f\u0131n g\u00f6zleri \u00f6n\u00fcnde 20 binden fazla \u00e7ocuk \u00f6ld\u00fcr\u00fcld\u00fc. On binlerce \u00e7ocuk annesiz, babas\u0131z b\u0131rak\u0131ld\u0131. Bana g\u00f6re burada, susturulmu\u015f \u00e7ocuk seslerinin \u00f6n\u00fcnde insanl\u0131\u011f\u0131n yoklamas\u0131n\u0131 yap\u0131yoruz. \u00c7ocuk ayakkab\u0131s\u0131 bize; oyunu, okulu, eve d\u00f6n\u00fc\u015f\u00fc hat\u0131rlat\u0131r. Bayram sabahlar\u0131n\u0131 hat\u0131rlat\u0131r. Ancak burada; yar\u0131m b\u0131rak\u0131lm\u0131\u015f \u00e7ocuklu\u011fu ve eve d\u00f6nemeyenlerin izini hat\u0131rlat\u0131yor. Bizler hat\u0131rlad\u0131k\u00e7a; g\u00f6k kubbeyi sa\u011f\u0131r eden sessizli\u011fin, vicdanlar\u0131n sesiyle y\u00fckselece\u011fine ve Gazze\u2019nin \u00fcst\u00fcne \u00e7\u00f6ken karanl\u0131\u011f\u0131n ayd\u0131nl\u0131\u011fa d\u00f6n\u00fc\u015fece\u011fine inan\u0131yoruz\u201d<\/p>\n<p><strong>Sanat\u00e7\u0131 Ali Uslu sergiye ili\u015fkin\u00a0<\/strong>\u201cGazze&#8217;de ya\u015fananlar, sadece b\u00f6lgesel bir sorun de\u011fil, ayn\u0131 zamanda k\u00fcresel bir endi\u015fe kayna\u011f\u0131 ve insanl\u0131k i\u00e7in bir vicdan s\u0131nav\u0131d\u0131r. 21. y\u00fczy\u0131lda maalesef ki insanl\u0131k onuru yerle bir olmu\u015ftur. Bir sanat\u00e7\u0131 olarak amac\u0131m Gazze\u2019deki masum \u00e7ocuklar\u0131n seslerini duyurabilmektir. \u00c7\u00fcnk\u00fc zulme kar\u015f\u0131 sessiz kalmak, zulme ortak olmakt\u0131r. \u00c7a\u011f\u0131m\u0131z g\u00fc\u00e7l\u00fcn\u00fcn zay\u0131f\u0131 ezdi\u011fi bir zaman dilimidir. Bir sanat\u00e7\u0131 olarak bana d\u00fc\u015fen; ezilen, ac\u0131 \u00e7eken mazlumlar\u0131n sesini duyurabilmektir. &#8220;Sessiz Ayakkab\u0131lar&#8221; sergisi de bu sesin yank\u0131s\u0131d\u0131r\u201d dedi.<\/p>\n<p>Serginin k\u00fcrat\u00f6rl\u00fc\u011f\u00fcn\u00fc yapan\u00a0<strong>Kalyon K\u00fclt\u00fcr Sanat Y\u00f6netmeni Asl\u0131 Bora\u00a0<\/strong>\u201cBu sergide Ali Uslu, Gazze\u2019de hayat\u0131n\u0131 kaybeden \u00e7ocuklar\u0131n ger\u00e7ek hik\u00e2yesinden yola \u00e7\u0131karak yokluk ve haf\u0131za \u00fczerine d\u00fc\u015f\u00fcnd\u00fcren g\u00fc\u00e7l\u00fc bir g\u00f6rsel dil kuruyor. Resimler ve \u00f6zellikle ayakkab\u0131lar, geride kalan izleri ve yar\u0131m kalm\u0131\u015f hayatlar\u0131 hat\u0131rlatan g\u00fc\u00e7l\u00fc bir imgeye d\u00f6n\u00fc\u015f\u00fcyor. Sergi, bireysel bir kayb\u0131 g\u00f6r\u00fcn\u00fcr k\u0131larken ayn\u0131 zamanda Gazze\u2019de yok olan say\u0131s\u0131z insan\u0131n b\u0131rakt\u0131\u011f\u0131 b\u00fcy\u00fck bo\u015flu\u011fu da d\u00fc\u015f\u00fcnd\u00fcr\u00fcyor. Bu \u00e7al\u0131\u015fmalar, izleyiciye yeni bir s\u00f6ylem sunmaktan ziyade g\u00fc\u00e7l\u00fc bir hat\u0131rlat\u0131c\u0131 i\u015flevi g\u00f6r\u00fcyor\u201d dedi.<\/p>\n<p>\u00a0<\/p>\n<p>\u00a0<\/p>\n<p>Kaynak: (BYZHA) Beyaz Haber Ajans\u0131<\/p>\n","protected":false},"excerpt":{"rendered":"<p>Gazze\u2019de yar\u0131m kalan hayatlar\u0131n izini seramik ve resim sanat\u0131yla g\u00f6r\u00fcn\u00fcr k\u0131lan \u2018Sessiz Ayakkab\u0131lar\u2019 sergisi Kalyon K\u00fclt\u00fcr Zone\u2019da a\u00e7\u0131ld\u0131.<\/p>\n","protected":false},"author":1,"featured_media":3241,"comment_status":"open","ping_status":"open","sticky":false,"template":"","format":"standard","meta":{"footnotes":""},"categories":[20],"tags":[],"class_list":["post-3240","post","type-post","status-publish","format-standard","has-post-thumbnail","hentry","category-kultur-sanat"],"_links":{"self":[{"href":"https:\/\/busondakika.com.tr\/index.php?rest_route=\/wp\/v2\/posts\/3240","targetHints":{"allow":["GET"]}}],"collection":[{"href":"https:\/\/busondakika.com.tr\/index.php?rest_route=\/wp\/v2\/posts"}],"about":[{"href":"https:\/\/busondakika.com.tr\/index.php?rest_route=\/wp\/v2\/types\/post"}],"author":[{"embeddable":true,"href":"https:\/\/busondakika.com.tr\/index.php?rest_route=\/wp\/v2\/users\/1"}],"replies":[{"embeddable":true,"href":"https:\/\/busondakika.com.tr\/index.php?rest_route=%2Fwp%2Fv2%2Fcomments&post=3240"}],"version-history":[{"count":1,"href":"https:\/\/busondakika.com.tr\/index.php?rest_route=\/wp\/v2\/posts\/3240\/revisions"}],"predecessor-version":[{"id":3242,"href":"https:\/\/busondakika.com.tr\/index.php?rest_route=\/wp\/v2\/posts\/3240\/revisions\/3242"}],"wp:featuredmedia":[{"embeddable":true,"href":"https:\/\/busondakika.com.tr\/index.php?rest_route=\/wp\/v2\/media\/3241"}],"wp:attachment":[{"href":"https:\/\/busondakika.com.tr\/index.php?rest_route=%2Fwp%2Fv2%2Fmedia&parent=3240"}],"wp:term":[{"taxonomy":"category","embeddable":true,"href":"https:\/\/busondakika.com.tr\/index.php?rest_route=%2Fwp%2Fv2%2Fcategories&post=3240"},{"taxonomy":"post_tag","embeddable":true,"href":"https:\/\/busondakika.com.tr\/index.php?rest_route=%2Fwp%2Fv2%2Ftags&post=3240"}],"curies":[{"name":"wp","href":"https:\/\/api.w.org\/{rel}","templated":true}]}}