{"id":3243,"date":"2026-03-14T01:00:18","date_gmt":"2026-03-14T01:00:18","guid":{"rendered":"https:\/\/busondakika.com.tr\/?p=3243"},"modified":"2026-03-14T01:00:18","modified_gmt":"2026-03-14T01:00:18","slug":"okan-universitesi-ogrencileri-texhibition-istanbul-fuarinda-yaraticiliklarini-sergiledi","status":"publish","type":"post","link":"https:\/\/busondakika.com.tr\/?p=3243","title":{"rendered":"Okan \u00dcniversitesi \u00d6\u011frencileri Texhibition \u0130stanbul Fuar\u0131\u2019nda Yarat\u0131c\u0131l\u0131klar\u0131n\u0131 Sergiledi"},"content":{"rendered":"<p> \u0130stanbul Okan \u00dcniversitesi Tekstil ve Moda Tasar\u0131m\u0131 B\u00f6l\u00fcm\u00fc \u00f6\u011frencileri, \u0130stanbul Fuar Merkezi\u2019nde ger\u00e7ekle\u015ftirilen Texhibition \u0130stanbul Kuma\u015f, \u0130plik ve Tekstil Aksesuarlar\u0131 Fuar\u0131\u2019na kat\u0131ld\u0131. Fuarda yer alan tek akademik kurum olma \u00f6zelli\u011fini ta\u015f\u0131yan b\u00f6l\u00fcm \u00f6\u011frencileri, kendilerine ayr\u0131lan\u00a0<strong>\u201cRE:BORN\u201d<\/strong>\u00a0\u00f6zel at\u00f6lye alan\u0131nda \u00f6zg\u00fcn tasar\u0131mlar ortaya koydu.<\/p>\n<p>Konfeksiyon Yan Sanayicileri Derne\u011fi (KYSD) taraf\u0131ndan sa\u011flanan tekstil yan sanayi \u00fcr\u00fcnlerini yenilik\u00e7i ve sanatsal bir yakla\u015f\u0131mla tasar\u0131mlara d\u00f6n\u00fc\u015ft\u00fcren \u00f6\u011frenciler, \u00fc\u00e7 g\u00fcn s\u00fcren yarat\u0131c\u0131 \u00fcretim s\u00fcrecinde sekt\u00f6r profesyonellerinin takdirini kazand\u0131. KYSD Ba\u015fkan\u0131 Murat \u00d6zpehlivan\u2019\u0131n deste\u011fiyle hayata ge\u00e7irilen at\u00f6lye, \u0130stanbul Okan \u00dcniversitesi\u2019nin tasar\u0131m odakl\u0131 e\u011fitim anlay\u0131\u015f\u0131n\u0131 ve sekt\u00f6rle kurdu\u011fu g\u00fc\u00e7l\u00fc i\u015f birli\u011fini bir kez daha ortaya koydu.<\/p>\n<h3>Tasar\u0131mlar, sekt\u00f6r\u00fcn \u00f6nde gelen isimleri taraf\u0131ndan de\u011ferlendirildi<\/h3>\n<p>Fuar\u0131n son g\u00fcn\u00fcnde \u00f6\u011frencilerin hayal g\u00fcc\u00fcyle \u015fekillenen \u00f6zg\u00fcn tasar\u0131mlar, moda ve tekstil d\u00fcnyas\u0131n\u0131n sayg\u0131n isimlerinden olu\u015fan j\u00fcri taraf\u0131ndan de\u011ferlendirildi. J\u00fcride TETS\u0130AD Y\u00f6netim Kurulu Ba\u015fkan\u0131 Murat \u015eahinler, Can Tekstil Y\u00f6netim Kurulu Ba\u015fkan\u0131 Mustafa Can, Bossa Denim\u2019den Besim \u00d6zbek, Cotton Fabric Y\u00f6netim Kurulu Ba\u015fkan\u0131 \u0130rfan Y\u0131ld\u0131z, moda tasar\u0131mc\u0131s\u0131 Tatiana Taniusa, sanat\u00e7\u0131 Serkan \u015eerefhano\u011flu ve Tasar\u0131m Kitab\u0131 kurucusu Burak \u015ei\u015fman yer ald\u0131.<\/p>\n<p>J\u00fcrinin de\u011ferlendirmeleri sonucunda\u00a0<strong>Ceylan G\u00fcnay, Bengisu G\u00fcm\u00fc\u015fkanat ve Kurt Efe Dalagan<\/strong>\u00a0birincilik \u00f6d\u00fcl\u00fcn\u00fc kazan\u0131rken;\u00a0<strong>Hasibe Pe\u00e7e ve Melek Bahar G\u00fcm\u00fc\u015f<\/strong>\u00a0ikincili\u011fe,\u00a0<strong>Zeynep Er ve Simay \u00c7ankaya<\/strong>\u00a0ise \u00fc\u00e7\u00fcnc\u00fcl\u00fc\u011fe lay\u0131k g\u00f6r\u00fcld\u00fc.<\/p>\n<p>\u00a0<\/p>\n<p>\u00a0<\/p>\n<p>Kaynak: (BYZHA) Beyaz Haber Ajans\u0131<\/p>\n","protected":false},"excerpt":{"rendered":"<p>\u0130stanbul Okan \u00dcniversitesi Tekstil ve Moda Tasar\u0131m\u0131 B\u00f6l\u00fcm\u00fc \u00f6\u011frencileri, \u0130stanbul Fuar Merkezi\u2019nde ger\u00e7ekle\u015ftirilen Texhibition \u0130stanbul Kuma\u015f, \u0130plik ve Tekstil Aksesuarlar\u0131 Fuar\u0131\u2019na kat\u0131ld\u0131.<\/p>\n","protected":false},"author":1,"featured_media":3244,"comment_status":"open","ping_status":"open","sticky":false,"template":"","format":"standard","meta":{"footnotes":""},"categories":[20],"tags":[],"class_list":["post-3243","post","type-post","status-publish","format-standard","has-post-thumbnail","hentry","category-kultur-sanat"],"_links":{"self":[{"href":"https:\/\/busondakika.com.tr\/index.php?rest_route=\/wp\/v2\/posts\/3243","targetHints":{"allow":["GET"]}}],"collection":[{"href":"https:\/\/busondakika.com.tr\/index.php?rest_route=\/wp\/v2\/posts"}],"about":[{"href":"https:\/\/busondakika.com.tr\/index.php?rest_route=\/wp\/v2\/types\/post"}],"author":[{"embeddable":true,"href":"https:\/\/busondakika.com.tr\/index.php?rest_route=\/wp\/v2\/users\/1"}],"replies":[{"embeddable":true,"href":"https:\/\/busondakika.com.tr\/index.php?rest_route=%2Fwp%2Fv2%2Fcomments&post=3243"}],"version-history":[{"count":1,"href":"https:\/\/busondakika.com.tr\/index.php?rest_route=\/wp\/v2\/posts\/3243\/revisions"}],"predecessor-version":[{"id":3245,"href":"https:\/\/busondakika.com.tr\/index.php?rest_route=\/wp\/v2\/posts\/3243\/revisions\/3245"}],"wp:featuredmedia":[{"embeddable":true,"href":"https:\/\/busondakika.com.tr\/index.php?rest_route=\/wp\/v2\/media\/3244"}],"wp:attachment":[{"href":"https:\/\/busondakika.com.tr\/index.php?rest_route=%2Fwp%2Fv2%2Fmedia&parent=3243"}],"wp:term":[{"taxonomy":"category","embeddable":true,"href":"https:\/\/busondakika.com.tr\/index.php?rest_route=%2Fwp%2Fv2%2Fcategories&post=3243"},{"taxonomy":"post_tag","embeddable":true,"href":"https:\/\/busondakika.com.tr\/index.php?rest_route=%2Fwp%2Fv2%2Ftags&post=3243"}],"curies":[{"name":"wp","href":"https:\/\/api.w.org\/{rel}","templated":true}]}}