{"id":3255,"date":"2026-03-14T01:00:24","date_gmt":"2026-03-14T01:00:24","guid":{"rendered":"https:\/\/busondakika.com.tr\/?p=3255"},"modified":"2026-03-14T01:00:25","modified_gmt":"2026-03-14T01:00:25","slug":"ayse-kulin-kadikoyde-okurlariyla-bulusuyor","status":"publish","type":"post","link":"https:\/\/busondakika.com.tr\/?p=3255","title":{"rendered":"Ay\u015fe Kulin Kad\u0131k\u00f6y\u2019de Okurlar\u0131yla Bulu\u015fuyor"},"content":{"rendered":"<p> <b>T\u00fcrk edebiyat\u0131n\u0131n sevilen yazarlar\u0131ndan Ay\u015fe Kulin, Kad\u0131k\u00f6y Belediyesi taraf\u0131ndan d\u00fczenlenen s\u00f6yle\u015fi kapsam\u0131nda okurlar\u0131yla bulu\u015facak.<\/b><br \/>Kad\u0131k\u00f6y Belediyesi Tarih, Edebiyat ve Sanat K\u00fct\u00fcphanesi (TESAK)\u2019ta, T\u00fcrk edebiyat\u0131n\u0131n sevilen yazarlar\u0131ndan Ay\u015fe Kulin, edebiyatseverlerle bir araya gelecek. \u201cHayat, Hik\u00e2yeye D\u00f6n\u00fc\u015f\u00fcnce: Ay\u015fe Kulin ile Roman\u0131n Tan\u0131kl\u0131\u011f\u0131\u201d ba\u015fl\u0131kl\u0131 s\u00f6yle\u015fi, 15 Mart Pazar g\u00fcn\u00fc saat 14.00\u2019te TESAK Konferans Salonu\u2019nda ger\u00e7ekle\u015ftirilecek.<br \/>Didem Bay\u0131nd\u0131r\u2019\u0131n moderat\u00f6rl\u00fc\u011f\u00fcnde yap\u0131lacak s\u00f6yle\u015fide, edebiyat\u0131n haf\u0131zay\u0131 nas\u0131l korudu\u011fu, ge\u00e7mi\u015fin anlat\u0131ya nas\u0131l d\u00f6n\u00fc\u015ft\u00fc\u011f\u00fc ve roman\u0131n bir tan\u0131kl\u0131k bi\u00e7imi olarak ne ifade etti\u011fi konu\u015fulacak.<br \/>Romanlar\u0131nda T\u00fcrkiye\u2019nin yak\u0131n tarihini, toplumsal de\u011fi\u015fimleri ve g\u00fc\u00e7l\u00fc insan hik\u00e2yelerini yal\u0131n ve s\u00fcr\u00fckleyici bir anlat\u0131mla ele alan Ay\u015fe Kulin, eserlerinde \u00e7o\u011fu zaman ger\u00e7ek ya\u015fam \u00f6yk\u00fclerinden ve tarihsel olaylardan ilham al\u0131yor. Ad\u0131: Aylin, Nefes Nefese, Sevdalinka, Veda, Kanad\u0131 K\u0131r\u0131k Ku\u015flar ve Umut: Hayat Akan Bir Sudur gibi \u00e7ok satan romanlar\u0131yla tan\u0131nan Kulin, \u00f6zellikle biyografik romanlar\u0131nda belgesel niteli\u011fi ta\u015f\u0131yan anlat\u0131m tarz\u0131yla \u00f6ne \u00e7\u0131k\u0131yor.<\/p>\n<p>TAR\u0130H: 15 Mart Pazar<br \/>SAAT: 14.00<br \/>YER: Kad\u0131k\u00f6y Belediyesi Tarih, Edebiyat ve Sanat K\u00fct\u00fcphanesi (TESAK)<br \/>\u00a0<\/p>\n<p>\u00a0<\/p>\n<p>Kaynak: (BYZHA) Beyaz Haber Ajans\u0131<\/p>\n","protected":false},"excerpt":{"rendered":"<p>T\u00fcrk edebiyat\u0131n\u0131n sevilen yazarlar\u0131ndan Ay\u015fe Kulin, Kad\u0131k\u00f6y Belediyesi taraf\u0131ndan d\u00fczenlenen s\u00f6yle\u015fi kapsam\u0131nda okurlar\u0131yla bulu\u015facak.<\/p>\n","protected":false},"author":1,"featured_media":3256,"comment_status":"open","ping_status":"open","sticky":false,"template":"","format":"standard","meta":{"footnotes":""},"categories":[20],"tags":[],"class_list":["post-3255","post","type-post","status-publish","format-standard","has-post-thumbnail","hentry","category-kultur-sanat"],"_links":{"self":[{"href":"https:\/\/busondakika.com.tr\/index.php?rest_route=\/wp\/v2\/posts\/3255","targetHints":{"allow":["GET"]}}],"collection":[{"href":"https:\/\/busondakika.com.tr\/index.php?rest_route=\/wp\/v2\/posts"}],"about":[{"href":"https:\/\/busondakika.com.tr\/index.php?rest_route=\/wp\/v2\/types\/post"}],"author":[{"embeddable":true,"href":"https:\/\/busondakika.com.tr\/index.php?rest_route=\/wp\/v2\/users\/1"}],"replies":[{"embeddable":true,"href":"https:\/\/busondakika.com.tr\/index.php?rest_route=%2Fwp%2Fv2%2Fcomments&post=3255"}],"version-history":[{"count":1,"href":"https:\/\/busondakika.com.tr\/index.php?rest_route=\/wp\/v2\/posts\/3255\/revisions"}],"predecessor-version":[{"id":3257,"href":"https:\/\/busondakika.com.tr\/index.php?rest_route=\/wp\/v2\/posts\/3255\/revisions\/3257"}],"wp:featuredmedia":[{"embeddable":true,"href":"https:\/\/busondakika.com.tr\/index.php?rest_route=\/wp\/v2\/media\/3256"}],"wp:attachment":[{"href":"https:\/\/busondakika.com.tr\/index.php?rest_route=%2Fwp%2Fv2%2Fmedia&parent=3255"}],"wp:term":[{"taxonomy":"category","embeddable":true,"href":"https:\/\/busondakika.com.tr\/index.php?rest_route=%2Fwp%2Fv2%2Fcategories&post=3255"},{"taxonomy":"post_tag","embeddable":true,"href":"https:\/\/busondakika.com.tr\/index.php?rest_route=%2Fwp%2Fv2%2Ftags&post=3255"}],"curies":[{"name":"wp","href":"https:\/\/api.w.org\/{rel}","templated":true}]}}