{"id":3267,"date":"2026-03-14T01:00:31","date_gmt":"2026-03-14T01:00:31","guid":{"rendered":"https:\/\/busondakika.com.tr\/?p=3267"},"modified":"2026-03-14T01:00:32","modified_gmt":"2026-03-14T01:00:32","slug":"bu-gecede-iyilige-rehber-edenler-bulustu","status":"publish","type":"post","link":"https:\/\/busondakika.com.tr\/?p=3267","title":{"rendered":"Bu gecede iyili\u011fe rehber edenler bulu\u015ftu"},"content":{"rendered":"<p> Kocaeli B\u00fcy\u00fck\u015fehir Belediyesi\u2019nin Ramazan ay\u0131nda ba\u015flatt\u0131\u011f\u0131 \u0130yilik K\u0131lavuzu Yar\u0131\u015fmas\u0131\u2019nda dereceye giren 21 tak\u0131ma \u00f6d\u00fclleri takdim edildi. \u00d6d\u00fcl gecesi program\u0131nda konu\u015fan Genel Sekreter Dr. Hayri Bara\u00e7l\u0131, \u201c\u0130yilik esas\u0131nda damarlar\u0131m\u0131zdaki kan gibidir. Bu kan\u0131 bizler do\u011fru bir \u015fekilde ta\u015f\u0131mam\u0131z gerekiyor\u201d dedi.<\/p>\n<p><b>BU YARI\u015eMA \u0130Y\u0130L\u0130K R\u00dcZG\u00c2RLARI EST\u0130RD\u0130<\/b><\/p>\n<p>Ramazan ay\u0131n\u0131n manevi atmosferinde \u201cS\u00f6z\u00fcn\u00fc tut, s\u00f6z\u00fcn\u00fc hat\u0131rla, kendine bir iyilik yap\u201d ana slogan\u0131yla \u0130yilik K\u0131lavuzu Yar\u0131\u015fmas\u0131\u2019n\u0131 ba\u015flatan Kocaeli B\u00fcy\u00fck\u015fehir Belediyesi, 33 g\u00fcn boyunca \u015fehrin d\u00f6rt bir yan\u0131nda iyilik r\u00fczg\u00e2rlar\u0131 estirdi. Ortaokul, lise ve gen\u00e7 yeti\u015fkin kategorilerinde 1.500 gencin yar\u0131\u015ft\u0131\u011f\u0131 \u0130yilik K\u0131lavuzu\u2019nda 300 tak\u0131m Ramazan ruhunu anlatan bir kavram etraf\u0131nda okul tadilat\u0131, cami temizli\u011fi, \u015fehitlik ve hasta ziyareti gibi \u00e7e\u015fitli g\u00f6revleri yerine getirerek iyilik yar\u0131\u015f\u0131n\u0131 tamamlad\u0131.<\/p>\n<p><b>\u00d6D\u00dcL GECES\u0130NE YO\u011eUN KATILIM VARDI<\/b><\/p>\n<p>Kocaeli Kongre Merkezi\u2019nde ger\u00e7ekle\u015ftirilen 2026 \u0130yilik K\u0131lavuzu \u00d6d\u00fcl Gecesi\u2019ne Kocaeli B\u00fcy\u00fck\u015fehir Belediyesi Genel Sekreteri Dr. Hayri Bara\u00e7l\u0131, Genel Sekreter Yard\u0131mc\u0131s\u0131 Do\u00e7. Dr. Ali Ye\u015fildal, Gen\u00e7lik ve Spor Hizmetleri Dairesi Ba\u015fkan\u0131 Ra\u015fit Fidan, KO\u00dc Rekt\u00f6r Yard\u0131mc\u0131s\u0131 Prof. Dr. Elif \u00d6\u011f\u00fct, \u0130l Milli E\u011fitim M\u00fcd\u00fcr Yard\u0131mc\u0131s\u0131 Mustafa Ya\u011f\u0131z, g\u00f6n\u00fcll\u00fcl\u00fck projeleri ile \u0130yilik K\u0131lavuzu\u2019na destek veren esnaf ve sanatk\u00e2r odalar\u0131, hem\u015fehri dernekleri, STK temsilcileri, e\u011fitmenler, \u00f6\u011frenciler ve davetliler kat\u0131ld\u0131.<\/p>\n<p><b>\u201c\u0130Y\u0130L\u0130K DAMARLARIMIZDAK\u0130 KAN G\u0130B\u0130D\u0130R\u201d<\/b><\/p>\n<p>2026 \u0130yilik K\u0131lavuzu \u00d6d\u00fcl Gecesi\u2019nde konu\u015fan Genel Sekreter Dr. Hayri Bara\u00e7l\u0131, \u201cKocaeli B\u00fcy\u00fck\u015fehir iyilik kavram\u0131yla beraber sadece Ramazan\u2019da de\u011fil 365 g\u00fcn boyunca iyili\u011fi kendine hedef edinmi\u015f bir belediyecilik anlay\u0131\u015f\u0131 i\u00e7inde \u00e7al\u0131\u015fmalar\u0131n\u0131 devam ettiriyor. Bizler de ekip ruhu i\u00e7erisinde vatanda\u015flar\u0131m\u0131za faydal\u0131 projeler \u00fcretebilmek i\u00e7in bir\u00e7ok \u00e7al\u0131\u015fmaya imza at\u0131yoruz. Bug\u00fcn istiklal Mar\u015f\u0131\u2019n\u0131n 105. y\u0131l\u0131n\u0131 kutluyoruz. Sizler de \u00fclkemiz ad\u0131na imza atabilecek pozisyona geldi\u011finizde unutmaman\u0131z gereken bir \u015fey var. \u0130yilik esas\u0131nda damarlar\u0131m\u0131zdaki kan gibidir. Bu kan\u0131 bizler do\u011fru bir \u015fekilde ta\u015f\u0131mam\u0131z gerekiyor. Allah g\u00f6r\u00fcyormu\u015f\u00e7as\u0131na bir ya\u015fam felsefesi i\u00e7erisinde hareket etmemiz laz\u0131m. \u0130nsanlara yard\u0131m etmek ve insan\u0131 bir de\u011fer olarak g\u00f6rmek bizim en temel unsurumuz olacak. Kocaeli B\u00fcy\u00fck\u015fehir\u2019in esas belediyecilik anlay\u0131\u015f\u0131yla iyilik ad\u0131na ger\u00e7ekle\u015ftirdi\u011fi bir\u00e7ok proje var. Tazelenme Merkezi, Gonca Engelsiz Ya\u015fam Merkezi, Lokomotif \u00c7ocuk K\u00f6yleri gibi gen\u00e7lere, orta ya\u015fl\u0131lara ve ya\u015f alm\u0131\u015flara dokunabilecek bir\u00e7ok projeye ba\u015fkan\u0131m\u0131z\u0131n liderli\u011finde imza at\u0131yoruz\u201d dedi.<\/p>\n<p><b>\u201cB\u00dcY\u00dcK PROJELERE \u0130MZA ATACA\u011eIZ\u201d<\/b><\/p>\n<p>Bara\u00e7l\u0131 konu\u015fmas\u0131n\u0131n devam\u0131nda \u015funlar\u0131 aktard\u0131: \u201cKocaeli esas\u0131nda iyilik \u015fehirleri modellemesi i\u00e7erisinde birinci s\u0131rada yer al\u0131yor. Bunu g\u00f6z ard\u0131 etmememiz laz\u0131m. \u0130n\u015fallah \u00f6n\u00fcm\u00fczdeki s\u00fcre\u00e7te bunun markalamas\u0131n\u0131 ger\u00e7ekle\u015ftirip yapaca\u011f\u0131z. \u00c7\u00fcnk\u00fc iyilik \u015fehirleri hakikaten yar\u0131\u015fmaya meydan vermeden ve bir \u015fekliyle beraber insanlar\u0131n g\u00f6nl\u00fcne girebilecek ve g\u00f6n\u00fcl belediyecili\u011fini ortaya koyabilecek bir anlay\u0131\u015fla \u00e7al\u0131\u015fmalar\u0131m\u0131z devam edecek. Kocaeli B\u00fcy\u00fck\u015fehir Belediyesi olarak Cumhurba\u015fkan\u0131m\u0131z\u0131n liderli\u011finde iyilik sanca\u011f\u0131n\u0131 y\u00fcceltmeyi kendimize hedef edindik. Ba\u015fkan\u0131m\u0131zla, siz gen\u00e7lerle, hocalar\u0131m\u0131zla, sivil toplum kurulu\u015flar\u0131m\u0131zla beraber in\u015fallah \u00f6n\u00fcm\u00fczdeki s\u00fcre\u00e7te b\u00fcy\u00fck projelere imza ataca\u011f\u0131z. Ger\u00e7ekle\u015ftirdi\u011fimiz \u0130yilik K\u0131lavuzu Yar\u0131\u015fmas\u0131\u2019n\u0131n \u00f6d\u00fcl t\u00f6reni hakikaten bizim i\u00e7in de \u00e7ok heyecan verici. \u0130n\u015fallah sizlere verilen bu \u00f6d\u00fcllerin hay\u0131rlara vesile olmas\u0131n\u0131 Allah\u2019tan diliyorum.\u201d Bara\u00e7l\u0131\u2019n\u0131n konu\u015fmas\u0131n\u0131n ard\u0131ndan \u0130yilik K\u0131lavuzu\u2019na g\u00f6n\u00fcll\u00fcl\u00fck projeleriyle g\u00fc\u00e7 katan kurum ve kurulu\u015flara plaket verildi.<\/p>\n<p><b>21 TAKIMA \u00d6D\u00dcLLER\u0130 TAKD\u0130M ED\u0130LD\u0130<\/b><\/p>\n<p>\u0130yili\u011fi yaymak i\u00e7in yola \u00e7\u0131kanlar\u0131n bulu\u015fma noktas\u0131 olan \u201c\u0130yilik K\u0131lavuzu\u201d hareketinde, 300 tak\u0131mdan dereceye giren 21\u2019ine t\u00f6renle \u00f6d\u00fclleri takdim edildi. \u00d6te yandan yar\u0131\u015fmada ortaokul kategorisinde be\u015finci olan \u201c\u0130yilikle Y\u00fcr\u00fcmek Tak\u0131m\u0131\u201d, kendi aralar\u0131nda sadaka niyetine toplad\u0131klar\u0131 paray\u0131 Umre ziyareti kazanan \u201cSab\u0131rla Y\u00fcr\u00fcyenler Tak\u0131m\u0131\u2019na\u201d vererek K\u00e2be\u2019nin g\u00f6lgesinde \u00e7ocuklar\u0131 sevindirmelerini istedi.<\/p>\n<p><b>B\u0130R\u0130NC\u0130L\u0130K \u00d6D\u00dcLLER\u0130<\/b><\/p>\n<p>Ortaokul kategorisinde \u201cSab\u0131rla Y\u00fcr\u00fcyenler\u201d (Umre ziyareti), lise kategorisinde \u201cDe\u011fer Rotas\u0131\u201d (Balkan turu), gen\u00e7 yeti\u015fkin kategorisinde \u201cAdalet Ufku\u201d (Umre ziyareti) birinci oldu. Tak\u0131mlara \u00f6d\u00fcllerini Kocaeli B\u00fcy\u00fck\u015fehir Belediyesi Genel Sekreteri Dr. Hayri Bara\u00e7l\u0131 takdim etti.<\/p>\n<p><b>\u0130K\u0130NC\u0130L\u0130K \u00d6D\u00dcLLER\u0130<\/b><\/p>\n<p>Ortaokul kategorisinde \u201c\u015e\u00fck\u00fcr Yolu\u201d (diz\u00fcst\u00fc bilgisayar), lise kategorisinde \u201c\u0130yilik:2-0\u201d (diz\u00fcst\u00fc bilgisayar), gen\u00e7 yeti\u015fkin kategorisinde \u201cErdem Halkas\u0131\u201d (diz\u00fcst\u00fc bilgisayar) ikinci oldu. Tak\u0131mlara \u00f6d\u00fcllerini Kocaeli B\u00fcy\u00fck\u015fehir Belediyesi Genel Sekreteri Dr. Hayri Bara\u00e7l\u0131 takdim etti.<\/p>\n<p><b>\u00dc\u00c7\u00dcNC\u00dcL\u00dcK \u00d6D\u00dcLLER\u0130<\/b><\/p>\n<p>Ortaokul kategorisinde \u201cG\u00f6n\u00fcl Ekseni\u201d (tablet bilgisayar), lise kategorisinde \u201cVicdan Kap\u0131s\u0131\u201d (tablet bilgisayar), gen\u00e7 yeti\u015fkin kategorisinde \u201c\u0130yilik \u00dclkesinden Notlar\u201d (tablet bilgisayar) \u00fc\u00e7\u00fcnc\u00fc oldu. Tak\u0131mlara \u00f6d\u00fcllerini Kocaeli \u00dcniversitesi Rekt\u00f6r Yard\u0131mc\u0131s\u0131 Prof. Dr. Elif \u00d6\u011f\u00fct takdim etti.<\/p>\n<p><b>D\u00d6RD\u00dcNC\u00dcL\u00dcK \u00d6D\u00dcLLER\u0130<\/b><\/p>\n<p>Ortaokul kategorisinde \u201cDerin Nefes\u201d (10 bin TL\u2019lik teknoloji \u00e7eki), lise kategorisinde \u201cFedak\u00e2rl\u0131k Ruhu\u201d (10 bin TL\u2019lik teknoloji \u00e7eki), gen\u00e7 yeti\u015fkin kategorisinde \u201cSorumluluk Hatt\u0131\u201d (10 bin TL\u2019lik teknoloji \u00e7eki) d\u00f6rd\u00fcnc\u00fc oldu. Tak\u0131mlara \u00f6d\u00fcllerini Gen\u00e7lik ve Spor Hizmetleri Dairesi Ba\u015fkan\u0131 Ra\u015fit Fidan takdim etti.<\/p>\n<p><b>BE\u015e\u0130NC\u0130L\u0130K \u00d6D\u00dcLLER\u0130<\/b><\/p>\n<p>Ortaokul kategorisinde \u201c\u0130yilikle Y\u00fcr\u00fcmek\u201d (10 bin TL\u2019lik teknoloji \u00e7eki), lise kategorisinde \u201cAdalet \u00c7izgisi\u201d (10 bin TL\u2019lik teknoloji \u00e7eki), gen\u00e7 yeti\u015fkin kategorisinde \u201cYolun Hakk\u0131n\u0131 Verenler\u201d (10 bin TL\u2019lik teknoloji \u00e7eki) be\u015finci oldu. Tak\u0131mlara \u00f6d\u00fcllerini \u0130l Milli E\u011fitim M\u00fcd\u00fcr Yard\u0131mc\u0131s\u0131 Mustafa Ya\u011f\u0131z takdim etti.<\/p>\n<p><b>B\u0130R\u0130NC\u0130 J\u00dcR\u0130 \u00d6ZEL \u00d6D\u00dcLLER\u0130<\/b><\/p>\n<p>Ortaokul kategorisinde \u201cE\u015fikte Bekleyenler\u201d (10 bin TL\u2019lik teknoloji \u00e7eki), lise kategorisinde \u201cAhlak Nizam\u0131\u201d (10 bin TL\u2019lik teknoloji \u00e7eki), gen\u00e7 yeti\u015fkin kategorisinde \u201cBakanlar\u201d ve \u201cG\u00f6renler\u201d (10 bin TL\u2019lik teknoloji \u00e7eki) j\u00fcri \u00f6zel \u00f6d\u00fcl\u00fcn\u00fcn sahibi oldu. Tak\u0131mlara \u00f6d\u00fcllerini B\u00fcy\u00fck\u015fehir Belediyesi Genel Sekreter Yard\u0131mc\u0131s\u0131 Do\u00e7. Dr. Ali Ye\u015fildal takdim etti.<\/p>\n<p><b>\u0130K\u0130NC\u0130 J\u00dcR\u0130 \u00d6ZEL \u00d6D\u00dcLLER\u0130<\/b><\/p>\n<p>Ortaokul kategorisinde \u201cVicdan Bilinci\u201d (10 bin TL\u2019lik teknoloji \u00e7eki), lise kategorisinde \u201cDerin \u0130rade\u201d (10 bin TL\u2019lik teknoloji \u00e7eki), gen\u00e7 yeti\u015fkin kategorisinde \u201cYolda Sadakat\u201d (10 bin TL\u2019lik teknoloji \u00e7eki) j\u00fcri \u00f6zel \u00f6d\u00fcl\u00fcn\u00fcn sahibi oldu. Tak\u0131mlara \u00f6d\u00fcllerini Kocaeli \u00dcniversitesi Rekt\u00f6r Yard\u0131mc\u0131s\u0131 Prof. Dr. Elif \u00d6\u011f\u00fct takdim etti.<\/p>\n<p>\u00a0<\/p>\n<p>Kaynak: (BYZHA) Beyaz Haber Ajans\u0131<\/p>\n","protected":false},"excerpt":{"rendered":"<p>Kocaeli B\u00fcy\u00fck\u015fehir Belediyesi\u2019nin Ramazan ay\u0131nda ba\u015flatt\u0131\u011f\u0131 \u0130yilik K\u0131lavuzu Yar\u0131\u015fmas\u0131\u2019nda dereceye giren 21 tak\u0131ma \u00f6d\u00fclleri takdim edildi.<\/p>\n","protected":false},"author":1,"featured_media":3268,"comment_status":"open","ping_status":"open","sticky":false,"template":"","format":"standard","meta":{"footnotes":""},"categories":[20],"tags":[],"class_list":["post-3267","post","type-post","status-publish","format-standard","has-post-thumbnail","hentry","category-kultur-sanat"],"_links":{"self":[{"href":"https:\/\/busondakika.com.tr\/index.php?rest_route=\/wp\/v2\/posts\/3267","targetHints":{"allow":["GET"]}}],"collection":[{"href":"https:\/\/busondakika.com.tr\/index.php?rest_route=\/wp\/v2\/posts"}],"about":[{"href":"https:\/\/busondakika.com.tr\/index.php?rest_route=\/wp\/v2\/types\/post"}],"author":[{"embeddable":true,"href":"https:\/\/busondakika.com.tr\/index.php?rest_route=\/wp\/v2\/users\/1"}],"replies":[{"embeddable":true,"href":"https:\/\/busondakika.com.tr\/index.php?rest_route=%2Fwp%2Fv2%2Fcomments&post=3267"}],"version-history":[{"count":1,"href":"https:\/\/busondakika.com.tr\/index.php?rest_route=\/wp\/v2\/posts\/3267\/revisions"}],"predecessor-version":[{"id":3269,"href":"https:\/\/busondakika.com.tr\/index.php?rest_route=\/wp\/v2\/posts\/3267\/revisions\/3269"}],"wp:featuredmedia":[{"embeddable":true,"href":"https:\/\/busondakika.com.tr\/index.php?rest_route=\/wp\/v2\/media\/3268"}],"wp:attachment":[{"href":"https:\/\/busondakika.com.tr\/index.php?rest_route=%2Fwp%2Fv2%2Fmedia&parent=3267"}],"wp:term":[{"taxonomy":"category","embeddable":true,"href":"https:\/\/busondakika.com.tr\/index.php?rest_route=%2Fwp%2Fv2%2Fcategories&post=3267"},{"taxonomy":"post_tag","embeddable":true,"href":"https:\/\/busondakika.com.tr\/index.php?rest_route=%2Fwp%2Fv2%2Ftags&post=3267"}],"curies":[{"name":"wp","href":"https:\/\/api.w.org\/{rel}","templated":true}]}}