{"id":3276,"date":"2026-03-14T01:00:36","date_gmt":"2026-03-14T01:00:36","guid":{"rendered":"https:\/\/busondakika.com.tr\/?p=3276"},"modified":"2026-03-14T01:00:37","modified_gmt":"2026-03-14T01:00:37","slug":"istiklal-marsinin-kabulunun-105-yilinda-bornovada-birlik-ve-minnet-duygulari-ayni-sofrada-bulustu","status":"publish","type":"post","link":"https:\/\/busondakika.com.tr\/?p=3276","title":{"rendered":"\u0130stiklal Mar\u015f\u0131\u2019n\u0131n kabul\u00fcn\u00fcn 105. y\u0131l\u0131nda Bornova\u2019da birlik ve minnet duygular\u0131 ayn\u0131 sofrada bulu\u015ftu"},"content":{"rendered":"<p> Bornova Belediyesi, \u015fehit aileleri ve gaziler i\u00e7in iftar program\u0131 d\u00fczenledi. \u0130stiklal Mar\u015f\u0131\u2019n\u0131n kabul\u00fcn\u00fcn 105. y\u0131l\u0131 dolay\u0131s\u0131yla kat\u0131l\u0131mc\u0131lar hep birlikte \u0130stiklal Mar\u015f\u0131\u2019n\u0131 okurken program semazen g\u00f6sterisiyle anlam kazand\u0131. Bornova Belediye Ba\u015fkan\u0131 \u00d6mer E\u015fki de masalar\u0131 tek tek dola\u015farak \u015fehit yak\u0131nlar\u0131 ve gazilerle sohbet etti ve birlik, dayan\u0131\u015fma mesaj\u0131 verdi.<\/p>\n<p>Bornova Belediyesi, \u015fehit aileleri ve gaziler onuruna anlaml\u0131 bir iftar program\u0131 d\u00fczenledi. Atat\u00fcrk Mahallesi Dr. S\u0131rr\u0131 Aydo\u011fan K\u00fclt\u00fcr Merkezi\u2019nde ger\u00e7ekle\u015ftirilen organizasyonda, \u0130stiklal Mar\u015f\u0131\u2019n\u0131n kabul\u00fcn\u00fcn 105. y\u0131l\u0131 dolay\u0131s\u0131yla t\u00fcm kat\u0131l\u0131mc\u0131lar hep birlikte \u0130stiklal Mar\u015f\u0131\u2019n\u0131 co\u015fkuyla okudu.<\/p>\n<p><b>\u00a0\u015eehit aileleri ve gazilere vefa<\/b><\/p>\n<p>\u015eehit aileleri ve gazilerin yo\u011fun kat\u0131l\u0131m g\u00f6sterdi\u011fi programda manevi atmosfer semazen g\u00f6sterisiyle daha da anlam kazand\u0131. Bornova Belediye Ba\u015fkan\u0131 \u00d6mer E\u015fki de iftara kat\u0131larak t\u00fcm masalar\u0131 tek tek dola\u015ft\u0131, \u015fehit yak\u0131nlar\u0131 ve gazilerle sohbet etti.<b>\u00a0<\/b><\/p>\n<p>Programda \u015eehit Aileleri ve Gaziler Derne\u011fi Genel Ba\u015fkan\u0131 Erdem \u00c7er\u00e7io\u011flu, Ba\u015fkan \u00d6mer E\u015fki\u2019ye \u00e7i\u00e7ek takdim etti. \u015eehit Gazi-Sen Konfederasyonu \u0130zmir \u0130l Ba\u015fkan\u0131 Bur\u00e7in Dal ise E\u015fki\u2019ye plaket verdi.<\/p>\n<p><b>\u201c\u0130stiklal Mar\u015f\u0131 bize korkmamay\u0131 emreder\u201d\u00a0<\/b><\/p>\n<p>Ramazan ay\u0131n\u0131n manevi atmosferinde \u015fehit aileleri ve gazilerle ayn\u0131 sofray\u0131 payla\u015fman\u0131n b\u00fcy\u00fck bir onur oldu\u011funu belirten Bornova Belediye Ba\u015fkan\u0131 \u00d6mer E\u015fki, konu\u015fmas\u0131nda duygusal mesajlar verdi. \u015eehit ailelerinin ve gazilerin ac\u0131lar\u0131n\u0131n hi\u00e7bir zaman dinmedi\u011fini bildiklerini ifade eden E\u015fki, \u0130stiklal Mar\u015f\u0131\u2019n\u0131n milletin karakterini ve direncini anlatan en g\u00fc\u00e7l\u00fc metinlerden biri oldu\u011funu s\u00f6yledi.<\/p>\n<p>\u0130stiklal Mar\u015f\u0131\u2019n\u0131n \u201cKorkma\u201d s\u00f6z\u00fcyle ba\u015flad\u0131\u011f\u0131n\u0131 hat\u0131rlatan E\u015fki, bunun T\u00fcrk milletine verilen en b\u00fcy\u00fck emirlerden biri oldu\u011funu vurgulayarak \u015f\u00f6yle konu\u015ftu:<\/p>\n<p>\u201cBiz de bug\u00fcn biliyoruz ki cumhuriyetimize, birli\u011fimize ve b\u00fct\u00fcnl\u00fc\u011f\u00fcm\u00fcze; u\u011fruna kan ak\u0131t\u0131lan, can verilen b\u00fct\u00fcn milli de\u011ferlerimize y\u00f6nelik i\u00e7eriden ve d\u0131\u015far\u0131dan sald\u0131r\u0131lar var. Ama \u0130stiklal Mar\u015f\u0131\u2019ndan ald\u0131\u011f\u0131m\u0131z emir gere\u011fi asla korkmayaca\u011f\u0131z. Bu \u00fclkeyi, bu topraklar\u0131, bayra\u011f\u0131n\u0131 seven herkes birlik ve beraberlik i\u00e7inde olmak zorunda. Mustafa Kemal Atat\u00fcrk\u2019\u00fcn \u00e7izdi\u011fi yol, bu millet i\u00e7in en g\u00fc\u00e7l\u00fc rehberdir. Bu yolda y\u00fcr\u00fcyen bir milleti kimse y\u0131kamaz.\u201d<b>\u00a0<\/b><\/p>\n<p>Konu\u015fmas\u0131n\u0131n sonunda \u015fehit aileleri ve gazilere te\u015fekk\u00fcr eden E\u015fki, \u201cBu m\u00fcbarek Ramazan\u2019da bizimle ayn\u0131 sofrada oldu\u011funuz i\u00e7in hepinize minnettar\u0131z. Asla hakk\u0131n\u0131z \u00f6denmez. Bir karde\u015finiz, bir evlad\u0131n\u0131z olarak \u00f6mr\u00fcm boyunca sizlerin yan\u0131nda olmaya \u00e7al\u0131\u015faca\u011f\u0131m\u201d dedi.<\/p>\n<p>\u00a0<\/p>\n<p>Kaynak: (BYZHA) Beyaz Haber Ajans\u0131<\/p>\n","protected":false},"excerpt":{"rendered":"<p>Bornova Belediyesi, \u015fehit aileleri ve gaziler i\u00e7in iftar program\u0131 d\u00fczenledi.<\/p>\n","protected":false},"author":1,"featured_media":3277,"comment_status":"open","ping_status":"open","sticky":false,"template":"","format":"standard","meta":{"footnotes":""},"categories":[20],"tags":[],"class_list":["post-3276","post","type-post","status-publish","format-standard","has-post-thumbnail","hentry","category-kultur-sanat"],"_links":{"self":[{"href":"https:\/\/busondakika.com.tr\/index.php?rest_route=\/wp\/v2\/posts\/3276","targetHints":{"allow":["GET"]}}],"collection":[{"href":"https:\/\/busondakika.com.tr\/index.php?rest_route=\/wp\/v2\/posts"}],"about":[{"href":"https:\/\/busondakika.com.tr\/index.php?rest_route=\/wp\/v2\/types\/post"}],"author":[{"embeddable":true,"href":"https:\/\/busondakika.com.tr\/index.php?rest_route=\/wp\/v2\/users\/1"}],"replies":[{"embeddable":true,"href":"https:\/\/busondakika.com.tr\/index.php?rest_route=%2Fwp%2Fv2%2Fcomments&post=3276"}],"version-history":[{"count":1,"href":"https:\/\/busondakika.com.tr\/index.php?rest_route=\/wp\/v2\/posts\/3276\/revisions"}],"predecessor-version":[{"id":3278,"href":"https:\/\/busondakika.com.tr\/index.php?rest_route=\/wp\/v2\/posts\/3276\/revisions\/3278"}],"wp:featuredmedia":[{"embeddable":true,"href":"https:\/\/busondakika.com.tr\/index.php?rest_route=\/wp\/v2\/media\/3277"}],"wp:attachment":[{"href":"https:\/\/busondakika.com.tr\/index.php?rest_route=%2Fwp%2Fv2%2Fmedia&parent=3276"}],"wp:term":[{"taxonomy":"category","embeddable":true,"href":"https:\/\/busondakika.com.tr\/index.php?rest_route=%2Fwp%2Fv2%2Fcategories&post=3276"},{"taxonomy":"post_tag","embeddable":true,"href":"https:\/\/busondakika.com.tr\/index.php?rest_route=%2Fwp%2Fv2%2Ftags&post=3276"}],"curies":[{"name":"wp","href":"https:\/\/api.w.org\/{rel}","templated":true}]}}