{"id":3279,"date":"2026-03-14T01:00:38","date_gmt":"2026-03-14T01:00:38","guid":{"rendered":"https:\/\/busondakika.com.tr\/?p=3279"},"modified":"2026-03-14T01:00:38","modified_gmt":"2026-03-14T01:00:38","slug":"yesilin-altin-damlasi-fotograf-yarismasinda-kazananlar-aciklandi","status":"publish","type":"post","link":"https:\/\/busondakika.com.tr\/?p=3279","title":{"rendered":"\u2018\u2019Ye\u015filin Alt\u0131n Damlas\u0131\u2019\u2019 Foto\u011fraf Yar\u0131\u015fmas\u0131\u2019nda kazananlar a\u00e7\u0131kland\u0131"},"content":{"rendered":"<p> T\u00fcrkiye\u2019nin k\u00f6kl\u00fc zeytin ve zeytinya\u011f\u0131 k\u00fclt\u00fcr\u00fcn\u00fc sanat\u0131n evrensel diliyle g\u00f6r\u00fcn\u00fcr k\u0131lmay\u0131 ama\u00e7layan \u201cYe\u015filin Alt\u0131n Damlas\u0131; T\u00fcrkiye\u2019nin Zeytin ve Zeytinya\u011f\u0131 Miras\u0131 2. Ulusal Foto\u011fraf Yar\u0131\u015fmas\u0131\u201dn\u0131n kazananlar\u0131 belli oldu.<\/p>\n<p>Ege Zeytin ve Zeytinya\u011f\u0131 \u0130hracat\u00e7\u0131lar\u0131 Birli\u011fi taraf\u0131ndan d\u00fczenlenen yar\u0131\u015fma; T\u00fcrkiye\u2019nin zeytin \u00fcretim k\u00fclt\u00fcr\u00fcn\u00fc, zeytin hasad\u0131n\u0131n eme\u011fini, zeytin a\u011fac\u0131n\u0131n do\u011fayla kurdu\u011fu kadim ba\u011f\u0131 ve zeytinya\u011f\u0131n\u0131n sofralardaki yolculu\u011funu foto\u011fraf sanat\u0131 ile belgeledi. Yar\u0131\u015fmaya T\u00fcrkiye\u2019nin d\u00f6rt bir yan\u0131ndan foto\u011fraf\u00e7\u0131lar yo\u011fun ilgi g\u00f6sterdi.<\/p>\n<p>T\u00fcrkiye\u2019nin zeytin ve zeytinya\u011f\u0131 miras\u0131n\u0131n g\u00f6rsel haf\u0131zas\u0131n\u0131 olu\u015fturmay\u0131 hedefleyen yar\u0131\u015fmada, j\u00fcri de\u011ferlendirmesi sonucunda dereceye giren ve sergilenmeye de\u011fer bulunan eserler belirlendi.<\/p>\n<p>Yar\u0131\u015fman\u0131n Proje Y\u00f6neticisi ve J\u00fcri \u00dcyesi Aysun Aras, yar\u0131\u015fman\u0131n sonu\u00e7lar\u0131na ili\u015fkin yapt\u0131\u011f\u0131 de\u011ferlendirmede zeytinin yaln\u0131zca bir tar\u0131m \u00fcr\u00fcn\u00fc de\u011fil, ayn\u0131 zamanda Anadolu\u2019nun binlerce y\u0131ll\u0131k k\u00fclt\u00fcrel miras\u0131n\u0131n \u00f6nemli bir par\u00e7as\u0131 oldu\u011funu vurgulad\u0131.<\/p>\n<p>Aysun Aras a\u00e7\u0131klamas\u0131nda \u015fu ifadeleri kulland\u0131:<\/p>\n<p>\u201cZeytin a\u011fac\u0131 bu topraklar\u0131n en g\u00fc\u00e7l\u00fc sembollerinden biridir. Bar\u0131\u015f\u0131n, bereketin ve s\u00fcrd\u00fcr\u00fclebilirli\u011fin simgesi olan zeytin; \u00fcreticimizin eme\u011fini, k\u00fclt\u00fcr\u00fcm\u00fcz\u00fcn s\u00fcreklili\u011fini ve gastronomimizin zenginli\u011fini temsil ediyor. Ye\u015filin Alt\u0131n Damlas\u0131; T\u00fcrkiye\u2019nin Zeytin ve Zeytinya\u011f\u0131 Miras\u0131 2. Ulusal Foto\u011fraf Yar\u0131\u015fmam\u0131zla kadim miras\u0131m\u0131z sanat\u0131n diliyle anlatmay\u0131, zeytin ve zeytinya\u011f\u0131 k\u00fclt\u00fcr\u00fcm\u00fcz\u00fc daha geni\u015f kitlelere ula\u015ft\u0131rmay\u0131 ama\u00e7l\u0131yoruz.\u201d<\/p>\n<p>Yar\u0131\u015fman\u0131n Proje Y\u00f6neticisi ve J\u00fcri \u00dcyesi \u0130smail Sel\u00e7uk, yar\u0131\u015fman\u0131n ayn\u0131 zamanda zeytin ve zeytinya\u011f\u0131 sekt\u00f6r\u00fcn\u00fcn tan\u0131t\u0131m\u0131na \u00f6nemli katk\u0131 sa\u011flad\u0131\u011f\u0131n\u0131 belirterek \u015funlar\u0131 s\u00f6yledi: \u00a0<\/p>\n<p>\u201cT\u00fcrkiye bug\u00fcn d\u00fcnyan\u0131n en \u00f6nemli zeytin ve zeytinya\u011f\u0131 \u00fcretici \u00fclkelerinden biri konumunda. Zeytin a\u011fac\u0131n\u0131n bereketini ve bu k\u00fclt\u00fcr\u00fcn insan hik\u00e2yelerini foto\u011fraf kareleriyle kay\u0131t alt\u0131na almak hem k\u00fclt\u00fcrel miras\u0131m\u0131z\u0131 korumak hem de uluslararas\u0131 tan\u0131t\u0131m a\u00e7\u0131s\u0131ndan b\u00fcy\u00fck de\u011fer ta\u015f\u0131yor. Yar\u0131\u015fmaya kat\u0131lan t\u00fcm foto\u011fraf\u00e7\u0131lar\u0131m\u0131za te\u015fekk\u00fcr ediyor, dereceye giren eser sahiplerini tebrik ediyoruz. T\u00fcm j\u00fcri \u00fcyelerimize katk\u0131lar\u0131ndan ve emeklerinden dolay\u0131 \u015f\u00fckranlar\u0131m\u0131z\u0131 sunuyoruz.\u201d\u00a0<\/p>\n<p>Yar\u0131\u015fmaya g\u00f6nderilen foto\u011fraflar aras\u0131nda \u00f6zellikle zeytin hasad\u0131, \u00fcreticilerin eme\u011fi, zeytinliklerin do\u011fal peyzaj\u0131 ve zeytinya\u011f\u0131n\u0131n sofralara uzanan hik\u00e2yesini anlatan g\u00fc\u00e7l\u00fc g\u00f6rsel anlat\u0131mlar \u00f6ne \u00e7\u0131kt\u0131.<\/p>\n<p><strong>\u00d6d\u00fcl Alan \u0130simler<\/strong><\/p>\n<p><strong>Serbest Kategori (Dijital Renkli ve\/veya Siyah-Beyaz)<\/strong><\/p>\n<p>Birincilik \u00d6d\u00fcl\u00fc<\/p>\n<p>\u0130lhan Uzunismail<\/p>\n<p>\u0130kincilik \u00d6d\u00fcl\u00fc<\/p>\n<p>G\u00fcrsel Egemen Ergin<\/p>\n<p>\u00dc\u00e7\u00fcnc\u00fcl\u00fck \u00d6d\u00fcl\u00fc<\/p>\n<p>Eseng\u00fcl Al\u0131c\u0131\u00a0<\/p>\n<p><strong>Kurgu ve Yarat\u0131c\u0131 Foto\u011fraf Kategori<\/strong><\/p>\n<p>Birincilik \u00d6d\u00fcl\u00fc<\/p>\n<p>Serdar Ayd\u0131n<\/p>\n<p>\u0130kincilik \u00d6d\u00fcl\u00fc<\/p>\n<p>Filiz \u00c7arko\u011flu<\/p>\n<p>\u00dc\u00e7\u00fcnc\u00fcl\u00fck \u00d6d\u00fcl\u00fc<\/p>\n<p>H\u00fcseyin Karahan<\/p>\n<p>\u201cYe\u015filin Alt\u0131n Damlas\u0131; T\u00fcrkiye\u2019nin Zeytin ve Zeytinya\u011f\u0131 Miras\u0131 2. Ulusal Foto\u011fraf Yar\u0131\u015fmas\u0131\u201d, zeytin a\u011fac\u0131n\u0131n Anadolu\u2019daki binlerce y\u0131ll\u0131k yolculu\u011funu sanat arac\u0131l\u0131\u011f\u0131yla anlat\u0131rken, T\u00fcrkiye\u2019nin zeytin ve zeytinya\u011f\u0131 k\u00fclt\u00fcr\u00fcn\u00fcn gelecek ku\u015faklara aktar\u0131lmas\u0131na da katk\u0131 sunmay\u0131 hedefliyor.<\/p>\n<p>Yar\u0131\u015fmayla ilgili detayl\u0131 bilgiye linkten ula\u015fabilirsiniz;<\/p>\n<p>https:\/\/tfsfonayliyarismalar.org\/tr\/yarisma\/detay\/yesilin-altin-damlasi-turkiye-nin-zeytin-ve-zeytinyagi-mirasi-2-ulusal-fotograf-yarismasi-tr\u00a0<\/p>\n<p>\u00a0<\/p>\n<p>\u00a0<\/p>\n<p>Kaynak: (BYZHA) Beyaz Haber Ajans\u0131<\/p>\n","protected":false},"excerpt":{"rendered":"<p>T\u00fcrkiye\u2019nin k\u00f6kl\u00fc zeytin ve zeytinya\u011f\u0131 k\u00fclt\u00fcr\u00fcn\u00fc sanat\u0131n evrensel diliyle g\u00f6r\u00fcn\u00fcr k\u0131lmay\u0131 ama\u00e7layan \u201cYe\u015filin Alt\u0131n Damlas\u0131; T\u00fcrkiye\u2019nin Zeytin ve Zeytinya\u011f\u0131 Miras\u0131 2.<\/p>\n","protected":false},"author":1,"featured_media":3280,"comment_status":"open","ping_status":"open","sticky":false,"template":"","format":"standard","meta":{"footnotes":""},"categories":[20],"tags":[],"class_list":["post-3279","post","type-post","status-publish","format-standard","has-post-thumbnail","hentry","category-kultur-sanat"],"_links":{"self":[{"href":"https:\/\/busondakika.com.tr\/index.php?rest_route=\/wp\/v2\/posts\/3279","targetHints":{"allow":["GET"]}}],"collection":[{"href":"https:\/\/busondakika.com.tr\/index.php?rest_route=\/wp\/v2\/posts"}],"about":[{"href":"https:\/\/busondakika.com.tr\/index.php?rest_route=\/wp\/v2\/types\/post"}],"author":[{"embeddable":true,"href":"https:\/\/busondakika.com.tr\/index.php?rest_route=\/wp\/v2\/users\/1"}],"replies":[{"embeddable":true,"href":"https:\/\/busondakika.com.tr\/index.php?rest_route=%2Fwp%2Fv2%2Fcomments&post=3279"}],"version-history":[{"count":1,"href":"https:\/\/busondakika.com.tr\/index.php?rest_route=\/wp\/v2\/posts\/3279\/revisions"}],"predecessor-version":[{"id":3281,"href":"https:\/\/busondakika.com.tr\/index.php?rest_route=\/wp\/v2\/posts\/3279\/revisions\/3281"}],"wp:featuredmedia":[{"embeddable":true,"href":"https:\/\/busondakika.com.tr\/index.php?rest_route=\/wp\/v2\/media\/3280"}],"wp:attachment":[{"href":"https:\/\/busondakika.com.tr\/index.php?rest_route=%2Fwp%2Fv2%2Fmedia&parent=3279"}],"wp:term":[{"taxonomy":"category","embeddable":true,"href":"https:\/\/busondakika.com.tr\/index.php?rest_route=%2Fwp%2Fv2%2Fcategories&post=3279"},{"taxonomy":"post_tag","embeddable":true,"href":"https:\/\/busondakika.com.tr\/index.php?rest_route=%2Fwp%2Fv2%2Ftags&post=3279"}],"curies":[{"name":"wp","href":"https:\/\/api.w.org\/{rel}","templated":true}]}}