{"id":3282,"date":"2026-03-14T01:00:39","date_gmt":"2026-03-14T01:00:39","guid":{"rendered":"https:\/\/busondakika.com.tr\/?p=3282"},"modified":"2026-03-14T01:00:40","modified_gmt":"2026-03-14T01:00:40","slug":"didim-belediyesi-deniz-yildizlari-kresi-ogrencilerinden-12-marta-anlamli-etkinlik","status":"publish","type":"post","link":"https:\/\/busondakika.com.tr\/?p=3282","title":{"rendered":"Didim Belediyesi Deniz Y\u0131ld\u0131zlar\u0131 Kre\u015fi \u00d6\u011frencilerinden 12 Mart\u2019a Anlaml\u0131 Etkinlik"},"content":{"rendered":"\n<p style=\"margin-bottom:11px\"><span style=\"font-size:12pt\"><span style=\"line-height:115%\"><span style=\"font-family:Calibri,sans-serif\"><span style=\",serif\">Didim Belediyesi b\u00fcnyesinde hizmet veren Deniz Y\u0131ld\u0131zlar\u0131 Kre\u015f ve G\u00fcnd\u00fcz Bak\u0131mevi \u00f6\u011frencileri, 12 Mart \u0130stiklal Mar\u015f\u0131\u2019n\u0131n Kabul\u00fc ve Mehmet Akif Ersoy\u2019u Anma G\u00fcn\u00fc dolay\u0131s\u0131yla anlaml\u0131 bir etkinlik ger\u00e7ekle\u015ftirdi. Kre\u015f \u00f6\u011frencileri taraf\u0131ndan haz\u0131rlanan programda minikler, T\u00fcrk bayraklar\u0131 e\u015fli\u011finde \u0130stiklal Mar\u015f\u0131\u2019n\u0131 okuyarak duygu dolu anlar ya\u015fatt\u0131.<\/span><\/span><\/span><\/span><\/p>\n<p style=\"margin-bottom:11px\"><span style=\"font-size:12pt\"><span style=\"line-height:115%\"><span style=\"font-family:Calibri,sans-serif\"><span style=\",serif\">\u00d6\u011fretmenleri e\u015fli\u011finde haz\u0131rlanan programda minikler, milli de\u011ferlerin \u00f6nemini vurgulayan g\u00f6steriler sergiledi. \u00d6\u011frencilerin haz\u0131rlad\u0131\u011f\u0131 etkinlik izleyenler taraf\u0131ndan b\u00fcy\u00fck alk\u0131\u015f al\u0131rken program sonunda \u00f6\u011frencilerle birlikte hat\u0131ra foto\u011fraflar\u0131 \u00e7ekildi.<\/span><\/span><\/span><\/span><\/p>\n<p style=\"margin-bottom:11px\"><span style=\"font-size:12pt\"><span style=\"line-height:115%\"><span style=\"font-family:Calibri,sans-serif\"><span style=\",serif\">Ba\u015fkan Hatice Gen\u00e7ay\u2019dan Mesaj<\/span><\/span><\/span><\/span><\/p>\n<p style=\"margin-bottom:11px\"><span style=\"font-size:12pt\"><span style=\"line-height:115%\"><span style=\"font-family:Calibri,sans-serif\"><span style=\",serif\">Etkinli\u011fe ili\u015fkin de\u011ferlendirmede bulunan Didim Belediye Ba\u015fkan\u0131 Hatice Gen\u00e7ay, \u201c\u0130stiklal Mar\u015f\u0131\u2019m\u0131z\u0131n kabul\u00fcn\u00fcn y\u0131l d\u00f6n\u00fcm\u00fcnde, gelece\u011fimizin teminat\u0131 olan \u00e7ocuklar\u0131m\u0131z\u0131n b\u00f6yle anlaml\u0131 bir etkinlikle milli de\u011ferlerimizi \u00f6\u011frenmesi bizler i\u00e7in \u00e7ok k\u0131ymetli. Ba\u015fta b\u00fcy\u00fck \u015fairimiz Mehmet Akif Ersoy olmak \u00fczere t\u00fcm kahramanlar\u0131m\u0131z\u0131 sayg\u0131 ve minnetle an\u0131yorum.\u201d ifadelerini kulland\u0131.<\/span><\/span><\/span><\/span><\/p>\n<p style=\"margin-bottom:11px\">\u00a0<\/p>\n<p>Kaynak: (BYZHA) Beyaz Haber Ajans\u0131<\/p>\n","protected":false},"excerpt":{"rendered":"<p>Didim Belediyesi b\u00fcnyesinde hizmet veren Deniz Y\u0131ld\u0131zlar\u0131 Kre\u015f ve G\u00fcnd\u00fcz Bak\u0131mevi \u00f6\u011frencileri, 12 Mart \u0130stiklal Mar\u015f\u0131\u2019n\u0131n Kabul\u00fc ve Mehmet Akif Ersoy\u2019u Anma G\u00fcn\u00fc dolay\u0131s\u0131yla anlaml\u0131 bir etkinlik ger\u00e7ekle\u015ftirdi.<\/p>\n","protected":false},"author":1,"featured_media":3283,"comment_status":"open","ping_status":"open","sticky":false,"template":"","format":"standard","meta":{"footnotes":""},"categories":[20],"tags":[],"class_list":["post-3282","post","type-post","status-publish","format-standard","has-post-thumbnail","hentry","category-kultur-sanat"],"_links":{"self":[{"href":"https:\/\/busondakika.com.tr\/index.php?rest_route=\/wp\/v2\/posts\/3282","targetHints":{"allow":["GET"]}}],"collection":[{"href":"https:\/\/busondakika.com.tr\/index.php?rest_route=\/wp\/v2\/posts"}],"about":[{"href":"https:\/\/busondakika.com.tr\/index.php?rest_route=\/wp\/v2\/types\/post"}],"author":[{"embeddable":true,"href":"https:\/\/busondakika.com.tr\/index.php?rest_route=\/wp\/v2\/users\/1"}],"replies":[{"embeddable":true,"href":"https:\/\/busondakika.com.tr\/index.php?rest_route=%2Fwp%2Fv2%2Fcomments&post=3282"}],"version-history":[{"count":1,"href":"https:\/\/busondakika.com.tr\/index.php?rest_route=\/wp\/v2\/posts\/3282\/revisions"}],"predecessor-version":[{"id":3284,"href":"https:\/\/busondakika.com.tr\/index.php?rest_route=\/wp\/v2\/posts\/3282\/revisions\/3284"}],"wp:featuredmedia":[{"embeddable":true,"href":"https:\/\/busondakika.com.tr\/index.php?rest_route=\/wp\/v2\/media\/3283"}],"wp:attachment":[{"href":"https:\/\/busondakika.com.tr\/index.php?rest_route=%2Fwp%2Fv2%2Fmedia&parent=3282"}],"wp:term":[{"taxonomy":"category","embeddable":true,"href":"https:\/\/busondakika.com.tr\/index.php?rest_route=%2Fwp%2Fv2%2Fcategories&post=3282"},{"taxonomy":"post_tag","embeddable":true,"href":"https:\/\/busondakika.com.tr\/index.php?rest_route=%2Fwp%2Fv2%2Ftags&post=3282"}],"curies":[{"name":"wp","href":"https:\/\/api.w.org\/{rel}","templated":true}]}}