{"id":3291,"date":"2026-03-14T01:00:44","date_gmt":"2026-03-14T01:00:44","guid":{"rendered":"https:\/\/busondakika.com.tr\/?p=3291"},"modified":"2026-03-14T01:00:44","modified_gmt":"2026-03-14T01:00:44","slug":"ayvalikta-kadin-oyunlari-festivali-cuma-aksami-basliyor","status":"publish","type":"post","link":"https:\/\/busondakika.com.tr\/?p=3291","title":{"rendered":"Ayval\u0131k\u2019ta Kad\u0131n Oyunlar\u0131 Festivali Cuma Ak\u015fam\u0131 Ba\u015fl\u0131yor"},"content":{"rendered":"\n<p style=\"margin-top:8px;margin-bottom:8px\"><span style=\"font-size:11pt\"><span style=\"line-height:115%\"><span style=\"font-family:Calibri,sans-serif\"><span style=\"font-size:12.0pt\"><span style=\"line-height:115%\"><span style=\",serif\">Ayval\u0131k Belediyesi\u2019nin ev sahipli\u011finde bu y\u0131l 6\u2019nc\u0131s\u0131 d\u00fczenlenen Kad\u0131n Oyunlar\u0131 Festivali, Ayval\u0131k\u2019\u0131n yeni k\u00fclt\u00fcr ve sanat noktas\u0131 Rauf Denkta\u015f K\u00fclt\u00fcr Merkezi\u2019nde tiyatroseverlerle bulu\u015fuyor.<\/span><\/span><\/span><\/span><\/span><\/span><\/p>\n<p style=\"margin-top:8px;margin-bottom:8px\"><span style=\"font-size:11pt\"><span style=\"line-height:115%\"><span style=\"font-family:Calibri,sans-serif\"><span style=\"font-size:12.0pt\"><span style=\"line-height:115%\"><span style=\",serif\">T\u00fcrkiye\u2019nin ve Avrupa\u2019n\u0131n kad\u0131n temal\u0131 ilk ve tek tiyatro festivali olma \u00f6zelli\u011fini ta\u015f\u0131yan Kad\u0131n Oyunlar\u0131 Festivali\u2019ne alt\u0131nc\u0131 y\u0131l\u0131nda da ev sahipli\u011fi yapmaktan b\u00fcy\u00fck mutluluk duyduklar\u0131n\u0131 belirten Ayval\u0131k Belediye Ba\u015fkan\u0131 Mesut Ergin, festivalin her y\u0131l b\u00fcy\u00fcyerek daha geni\u015f kitlelere ula\u015ft\u0131\u011f\u0131n\u0131 s\u00f6yledi.<\/span><\/span><\/span><\/span><\/span><\/span><\/p>\n<p style=\"margin-top:8px;margin-bottom:8px\"><span style=\"font-size:11pt\"><span style=\"line-height:115%\"><span style=\"font-family:Calibri,sans-serif\"><span style=\"font-size:12.0pt\"><span style=\"line-height:115%\"><span style=\",serif\">Festival, 13 Mart Cuma ak\u015fam\u0131 sahnelenecek \u201cG\u00f6zba\u011fc\u0131\u201d adl\u0131 oyunla a\u00e7\u0131l\u0131\u015f\u0131n\u0131 yapacak. Be\u015f g\u00fcn boyunca birbirinden de\u011ferli be\u015f farkl\u0131 kad\u0131n temal\u0131 oyun, her ak\u015fam saat 21.00\u2019de tiyatroseverlerle bulu\u015facak.<\/span><\/span><\/span><\/span><\/span><\/span><\/p>\n<p style=\"margin-top:8px;margin-bottom:8px\"><span style=\"font-size:11pt\"><span style=\"line-height:115%\"><span style=\"font-family:Calibri,sans-serif\"><span style=\"font-size:12.0pt\"><span style=\"line-height:115%\"><span style=\",serif\">D\u00fcnyan\u0131n bir\u00e7ok tiyatro ve k\u00fclt\u00fcr-sanat yay\u0131n\u0131 ile dergisinde yer bulan festivalin ayn\u0131 zamanda \u00f6nemli bir sosyal sorumluluk misyonu ta\u015f\u0131d\u0131\u011f\u0131n\u0131 vurgulayan Ba\u015fkan Mesut Ergin, her y\u0131l elde edilen gelirin bir k\u0131sm\u0131n\u0131n k\u0131z \u00e7ocuklar\u0131n\u0131n e\u011fitim bursuna aktar\u0131ld\u0131\u011f\u0131n\u0131 ifade etti.<\/span><\/span><\/span><\/span><\/span><\/span><\/p>\n<p style=\"margin-top:8px;margin-bottom:8px\"><span style=\"font-size:11pt\"><span style=\"line-height:115%\"><span style=\"font-family:Calibri,sans-serif\"><span style=\"font-size:12.0pt\"><span style=\"line-height:115%\"><span style=\",serif\">Ba\u015fkan Ergin, \u201cSanat\u0131n g\u00fcc\u00fcyle bir araya gelmek, kad\u0131n hik\u00e2yelerini sahnede birlikte ke\u015ffetmek ve bu anlaml\u0131 festivalin bir par\u00e7as\u0131 olmak i\u00e7in t\u00fcm hem\u015fehrilerimizi ve \u00e7evre il\u00e7elerde ya\u015fayan kom\u015fular\u0131m\u0131z\u0131 Kad\u0131n Oyunlar\u0131 Festivali\u2019ne davet ediyorum\u201d dedi.<\/span><\/span><\/span><\/span><\/span><\/span><\/p>\n<p style=\"margin-top:8px;margin-bottom:8px\">\u00a0<\/p>\n<p>Kaynak: (BYZHA) Beyaz Haber Ajans\u0131<\/p>\n","protected":false},"excerpt":{"rendered":"<p>Ayval\u0131k Belediyesi\u2019nin ev sahipli\u011finde bu y\u0131l 6\u2019nc\u0131s\u0131 d\u00fczenlenen Kad\u0131n Oyunlar\u0131 Festivali, Ayval\u0131k\u2019\u0131n yeni k\u00fclt\u00fcr ve sanat noktas\u0131 Rauf Denkta\u015f K\u00fclt\u00fcr Merkezi\u2019nde tiyatroseverlerle bulu\u015fuyor.<\/p>\n","protected":false},"author":1,"featured_media":3292,"comment_status":"open","ping_status":"open","sticky":false,"template":"","format":"standard","meta":{"footnotes":""},"categories":[20],"tags":[],"class_list":["post-3291","post","type-post","status-publish","format-standard","has-post-thumbnail","hentry","category-kultur-sanat"],"_links":{"self":[{"href":"https:\/\/busondakika.com.tr\/index.php?rest_route=\/wp\/v2\/posts\/3291","targetHints":{"allow":["GET"]}}],"collection":[{"href":"https:\/\/busondakika.com.tr\/index.php?rest_route=\/wp\/v2\/posts"}],"about":[{"href":"https:\/\/busondakika.com.tr\/index.php?rest_route=\/wp\/v2\/types\/post"}],"author":[{"embeddable":true,"href":"https:\/\/busondakika.com.tr\/index.php?rest_route=\/wp\/v2\/users\/1"}],"replies":[{"embeddable":true,"href":"https:\/\/busondakika.com.tr\/index.php?rest_route=%2Fwp%2Fv2%2Fcomments&post=3291"}],"version-history":[{"count":1,"href":"https:\/\/busondakika.com.tr\/index.php?rest_route=\/wp\/v2\/posts\/3291\/revisions"}],"predecessor-version":[{"id":3293,"href":"https:\/\/busondakika.com.tr\/index.php?rest_route=\/wp\/v2\/posts\/3291\/revisions\/3293"}],"wp:featuredmedia":[{"embeddable":true,"href":"https:\/\/busondakika.com.tr\/index.php?rest_route=\/wp\/v2\/media\/3292"}],"wp:attachment":[{"href":"https:\/\/busondakika.com.tr\/index.php?rest_route=%2Fwp%2Fv2%2Fmedia&parent=3291"}],"wp:term":[{"taxonomy":"category","embeddable":true,"href":"https:\/\/busondakika.com.tr\/index.php?rest_route=%2Fwp%2Fv2%2Fcategories&post=3291"},{"taxonomy":"post_tag","embeddable":true,"href":"https:\/\/busondakika.com.tr\/index.php?rest_route=%2Fwp%2Fv2%2Ftags&post=3291"}],"curies":[{"name":"wp","href":"https:\/\/api.w.org\/{rel}","templated":true}]}}