{"id":3294,"date":"2026-03-14T01:00:45","date_gmt":"2026-03-14T01:00:45","guid":{"rendered":"https:\/\/busondakika.com.tr\/?p=3294"},"modified":"2026-03-14T01:00:46","modified_gmt":"2026-03-14T01:00:46","slug":"istiklal-marsinin-kabulu-bayrampasada-torenle-kutlandi","status":"publish","type":"post","link":"https:\/\/busondakika.com.tr\/?p=3294","title":{"rendered":"\u0130stiklal Mar\u015f\u0131\u2019n\u0131n kabul\u00fc Bayrampa\u015fa\u2019da t\u00f6renle kutland\u0131"},"content":{"rendered":"\n<p style=\"margin-bottom:11px\"><span style=\"font-size:11pt\"><span style=\"line-height:150%\"><span style=\"font-family:Calibri,sans-serif\"><b><span style=\"font-size:12.0pt\"><span style=\"line-height:150%\"><span style=\",sans-serif\">\u0130stanbul Bayrampa\u015fa\u2019da \u0130stiklal Mar\u015f\u0131\u2019n\u0131n kabul\u00fcn\u00fcn 105. y\u0131l\u0131 dolay\u0131s\u0131yla d\u00fczenlenen programda \u00f6\u011frenciler \u015fiirler okuyup Mehmet Akif Ersoy\u2019u anlatt\u0131. T\u00f6rene kat\u0131larak \u00f6\u011frencilere hediye takdim eden Bayrampa\u015fa Belediye Ba\u015fkan Vekili \u0130brahim Ak\u0131n, \u0130stiklal Mar\u015f\u0131\u2019n\u0131n T\u00fcrk milletinin ba\u011f\u0131ms\u0131zl\u0131k ruhunun en g\u00fc\u00e7l\u00fc sembol\u00fc oldu\u011funu s\u00f6yledi.<\/span><\/span><\/span><\/b><\/span><\/span><\/span><\/p>\n<p style=\"margin-bottom:11px\"><span style=\"font-size:11pt\"><span style=\"line-height:150%\"><span style=\"font-family:Calibri,sans-serif\"><span style=\"font-size:12.0pt\"><span style=\"line-height:150%\"><span style=\",sans-serif\">Milli \u015fairimiz Mehmet Akif Ersoy, \u0130stiklal Mar\u015f\u0131\u2019n\u0131n kabul\u00fcn\u00fcn 105. y\u0131l d\u00f6n\u00fcm\u00fc m\u00fcnasebetiyle d\u00fczenlenen programla Bayrampa\u015fa\u2019da an\u0131ld\u0131. Uluslararas\u0131 Kaptan Ahmet Erdo\u011fan \u0130mam Hatip Lisesi\u2019nde ger\u00e7ekle\u015ftirilen etkinlikte \u00f6\u011frenciler, Mehmet Akif Ersoy\u2019un hayat\u0131n\u0131 ve milli m\u00fccadeleye katk\u0131lar\u0131n\u0131 anlat\u0131rken, Ersoy\u2019un \u015fiirlerinden de \u00f6rnekler seslendirdi. \u00d6\u011frencilerin haz\u0131rlad\u0131\u011f\u0131 \u015fiir dinletileri ve anlat\u0131mlar izleyicilere duygu dolu anlar ya\u015fatt\u0131.<\/span><\/span><\/span><\/span><\/span><\/span><\/p>\n<p style=\"margin-bottom:11px\"><span style=\"font-size:11pt\"><span style=\"line-height:150%\"><span style=\"font-family:Calibri,sans-serif\"><span style=\"font-size:12.0pt\"><span style=\"line-height:150%\"><span style=\",sans-serif\">Programa Bayrampa\u015fa Belediye Ba\u015fkan Vekili \u0130brahim Ak\u0131n\u2019\u0131n yan\u0131 s\u0131ra Bayrampa\u015fa Kaymakam\u0131 Abdullah \u00c7ift\u00e7i, Bayrampa\u015fa \u0130l\u00e7e Milli E\u011fitim M\u00fcd\u00fcr\u00fc Suat Mamur, AK Parti Bayrampa\u015fa \u0130l\u00e7e Ba\u015fkan\u0131 Mehmet Acar, okul m\u00fcd\u00fcrleri, askeri yetkililer ile \u00e7ok say\u0131da \u00f6\u011fretmen ve \u00f6\u011frenci kat\u0131ld\u0131.<\/span><\/span><\/span><\/span><\/span><\/span><\/p>\n<p style=\"margin-bottom:11px\"><span style=\"font-size:11pt\"><span style=\"line-height:150%\"><span style=\"font-family:Calibri,sans-serif\"><span style=\"font-size:12.0pt\"><span style=\"line-height:150%\"><span style=\",sans-serif\">Program\u0131n sonunda \u00f6\u011frencilere hediye takdim eden Ba\u015fkan Vekili Ak\u0131n, \u0130stiklal Mar\u015f\u0131\u2019n\u0131n T\u00fcrk milletinin ba\u011f\u0131ms\u0131zl\u0131k ve \u00f6zg\u00fcrl\u00fck m\u00fccadelesinin en g\u00fc\u00e7l\u00fc sembollerinden biri oldu\u011funu belirtti. Ak\u0131n, \u0130stiklal Mar\u015f\u0131\u2019n\u0131n yaln\u0131zca bir mar\u015f de\u011fil, milletin azim ve kararl\u0131l\u0131\u011f\u0131n\u0131 yans\u0131tan bir destan oldu\u011funu ifade etti.<\/span><\/span><\/span><\/span><\/span><\/span><\/p>\n<p style=\"margin-bottom:11px\"><span style=\"font-size:11pt\"><span style=\"line-height:150%\"><span style=\"font-family:Calibri,sans-serif\"><span style=\"font-size:12.0pt\"><span style=\"line-height:150%\"><span style=\",sans-serif\">Program, Mehmet Akif Ersoy ve t\u00fcm istiklal kahramanlar\u0131n\u0131n sayg\u0131, rahmet ve minnetle an\u0131lmas\u0131yla sona erdi.<\/span><\/span><\/span><\/span><\/span><\/span><\/p>\n<p style=\"margin-bottom:11px\">\u00a0<\/p>\n<p>Kaynak: (BYZHA) Beyaz Haber Ajans\u0131<\/p>\n","protected":false},"excerpt":{"rendered":"<p>\u0130stanbul Bayrampa\u015fa\u2019da \u0130stiklal Mar\u015f\u0131\u2019n\u0131n kabul\u00fcn\u00fcn 105.<\/p>\n","protected":false},"author":1,"featured_media":3295,"comment_status":"open","ping_status":"open","sticky":false,"template":"","format":"standard","meta":{"footnotes":""},"categories":[20],"tags":[],"class_list":["post-3294","post","type-post","status-publish","format-standard","has-post-thumbnail","hentry","category-kultur-sanat"],"_links":{"self":[{"href":"https:\/\/busondakika.com.tr\/index.php?rest_route=\/wp\/v2\/posts\/3294","targetHints":{"allow":["GET"]}}],"collection":[{"href":"https:\/\/busondakika.com.tr\/index.php?rest_route=\/wp\/v2\/posts"}],"about":[{"href":"https:\/\/busondakika.com.tr\/index.php?rest_route=\/wp\/v2\/types\/post"}],"author":[{"embeddable":true,"href":"https:\/\/busondakika.com.tr\/index.php?rest_route=\/wp\/v2\/users\/1"}],"replies":[{"embeddable":true,"href":"https:\/\/busondakika.com.tr\/index.php?rest_route=%2Fwp%2Fv2%2Fcomments&post=3294"}],"version-history":[{"count":1,"href":"https:\/\/busondakika.com.tr\/index.php?rest_route=\/wp\/v2\/posts\/3294\/revisions"}],"predecessor-version":[{"id":3296,"href":"https:\/\/busondakika.com.tr\/index.php?rest_route=\/wp\/v2\/posts\/3294\/revisions\/3296"}],"wp:featuredmedia":[{"embeddable":true,"href":"https:\/\/busondakika.com.tr\/index.php?rest_route=\/wp\/v2\/media\/3295"}],"wp:attachment":[{"href":"https:\/\/busondakika.com.tr\/index.php?rest_route=%2Fwp%2Fv2%2Fmedia&parent=3294"}],"wp:term":[{"taxonomy":"category","embeddable":true,"href":"https:\/\/busondakika.com.tr\/index.php?rest_route=%2Fwp%2Fv2%2Fcategories&post=3294"},{"taxonomy":"post_tag","embeddable":true,"href":"https:\/\/busondakika.com.tr\/index.php?rest_route=%2Fwp%2Fv2%2Ftags&post=3294"}],"curies":[{"name":"wp","href":"https:\/\/api.w.org\/{rel}","templated":true}]}}