{"id":3297,"date":"2026-03-14T01:00:46","date_gmt":"2026-03-14T01:00:46","guid":{"rendered":"https:\/\/busondakika.com.tr\/?p=3297"},"modified":"2026-03-14T01:00:47","modified_gmt":"2026-03-14T01:00:47","slug":"uskudarda-dunya-kadinlar-gunune-uluslararasi-bulusma","status":"publish","type":"post","link":"https:\/\/busondakika.com.tr\/?p=3297","title":{"rendered":"\u00dcsk\u00fcdar\u2019da D\u00fcnya Kad\u0131nlar G\u00fcn\u00fc\u2019ne Uluslararas\u0131 Bulu\u015fma"},"content":{"rendered":"<p> <strong>\u00dcsk\u00fcdar Belediyesi ile Almanya Federal Cumhuriyeti \u0130stanbul Ba\u015fkonsoloslu\u011fu i\u015f birli\u011finde, 8 Mart D\u00fcnya Kad\u0131nlar G\u00fcn\u00fc kapsam\u0131nda \u00f6zel bir etkinlik d\u00fczenlendi. Ba\u011flarba\u015f\u0131 K\u00fclt\u00fcr Merkezi \u00c7aml\u0131ca Salonu\u2019nda ger\u00e7ekle\u015ftirilen program; i\u015f d\u00fcnyas\u0131, diplomasi ve sivil toplum temsilcilerini bir araya getirdi.<\/strong><\/p>\n<p>Kad\u0131nlar\u0131n liderlik rollerindeki stratejik \u00f6nemine dikkat \u00e7ekilen etkinlikte, karar alma mekanizmalar\u0131nda kad\u0131n temsiliyeti k\u00fcresel ve yerel perspektiflerle ele al\u0131nd\u0131.<\/p>\n<p>Program, Sinem Dedeta\u015f ile Dr. Regine Grienberger\u2019in a\u00e7\u0131l\u0131\u015f konu\u015fmalar\u0131yla ba\u015flad\u0131. Ard\u0131ndan Bige Y\u00fccel keynote konu\u015fmas\u0131n\u0131 ger\u00e7ekle\u015ftirdi.<\/p>\n<p>Etkinli\u011fin ana b\u00f6l\u00fcm\u00fcnde ise moderat\u00f6rl\u00fc\u011f\u00fcn\u00fc Av. Dr. \u00c7i\u011fdem \u00c7\u0131mr\u0131n\u2019\u0131n \u00fcstlendi\u011fi panel d\u00fczenlendi. Panelde Sinem Dedeta\u015f, Heike F\u00f6lster ve Elvan Tu\u011fsuz G\u00fcven konu\u015fmac\u0131 olarak yer ald\u0131.<\/p>\n<p>Panelde konu\u015fan \u00dcsk\u00fcdar Belediye Ba\u015fkan\u0131 Sinem Dedeta\u015f, kad\u0131nlar\u0131n i\u015f d\u00fcnyas\u0131ndaki konumunun ekonomik geli\u015fmelerden ba\u011f\u0131ms\u0131z d\u00fc\u015f\u00fcn\u00fclemeyece\u011fini belirterek \u015fu ifadeleri kulland\u0131:<\/p>\n<p>\u201cKad\u0131n\u0131n i\u015f d\u00fcnyas\u0131ndaki yerini ekonomiden farkl\u0131 d\u00fc\u015f\u00fcnemeyiz. Ne zaman ekonomiler krize girse kad\u0131nlar\u0131n birden \u2018kutsal g\u00f6revleri\u2019 hat\u0131rlan\u0131yor; \u2018sen annesin, evine d\u00f6n\u2019 deniyor. Ama ne zaman bir bolluk olsa bu kez \u2018haydi gel, sana ihtiyac\u0131m\u0131z var\u2019 deniyor. Bu nedenle kad\u0131n meselesi d\u00fcnya ekonomisinden ba\u011f\u0131ms\u0131z de\u011fildir.\u201d<\/p>\n<p>8 Mart\u2019\u0131n yaln\u0131zca bir kutlama g\u00fcn\u00fc de\u011fil, ayn\u0131 zamanda de\u011ferlendirme ve m\u00fccadeleyi hat\u0131rlama g\u00fcn\u00fc oldu\u011funu vurgulayan Dedeta\u015f, kad\u0131nlar\u0131n toplumda var olabilmesi i\u00e7in bak\u0131m y\u00fck\u00fcn\u00fcn yaln\u0131zca kad\u0131nlar\u0131n omuzlar\u0131nda b\u0131rak\u0131lmamas\u0131 gerekti\u011fini ifade etti. Yerel y\u00f6netimlerin bu konuda \u00f6nemli sorumluluklar \u00fcstlendi\u011fini belirten Dedeta\u015f, kad\u0131nlar\u0131n i\u015f ve sosyal ya\u015famda daha g\u00fc\u00e7l\u00fc \u015fekilde yer alabilmesi i\u00e7in destekleyici politikalar\u0131n hayata ge\u00e7irilmesinin \u00f6nemine dikkat \u00e7ekti.<\/p>\n<p>\u00dcsk\u00fcdar Belediyesi olarak g\u00f6reve geldikleri g\u00fcnden bu yana y\u00f6netimde kad\u0131n-erkek e\u015fitli\u011fini g\u00fc\u00e7lendirmeye y\u00f6nelik ad\u0131mlar att\u0131klar\u0131n\u0131 ifade eden Dedeta\u015f, \u201cLiyakatli y\u00f6netim anlay\u0131\u015f\u0131yla \u00fcst d\u00fczey y\u00f6neticilerimiz aras\u0131nda kad\u0131n-erkek e\u015fitli\u011fini sa\u011flamaya \u00f6zen g\u00f6steriyoruz. De\u011ferlendirmelerde e\u015fitli\u011fi g\u00f6zetmek ve gerekti\u011finde pozitif ayr\u0131mc\u0131l\u0131\u011f\u0131 desteklemek y\u00f6neticilerin sorumlulu\u011fudur\u201d dedi.<\/p>\n<p>Almanya \u0130stanbul Ba\u015fkonsolosu Dr. Regine Grienberger ise konu\u015fmas\u0131nda kad\u0131n haklar\u0131n\u0131n korunmas\u0131n\u0131n \u00f6nemine dikkat \u00e7ekti. Grienberger, bug\u00fcn gelinen noktada kazan\u0131lm\u0131\u015f haklar\u0131n korunmas\u0131n\u0131n b\u00fcy\u00fck \u00f6nem ta\u015f\u0131d\u0131\u011f\u0131n\u0131 belirterek, \u201c\u015eu anda \u00fczerimize d\u00fc\u015fen g\u00f6rev, ge\u00e7mi\u015fte kazan\u0131lan haklar\u0131 korumakt\u0131r. Deneyimler, \u00e7e\u015fitlili\u011fin, kapsay\u0131c\u0131l\u0131\u011f\u0131n ve toplumsal cinsiyet e\u015fitli\u011finin toplumlar\u0131m\u0131z\u0131 g\u00fc\u00e7lendirdi\u011fini; yenilik\u00e7ili\u011fi, dayan\u0131kl\u0131l\u0131\u011f\u0131 ve sosyal uyumu te\u015fvik etti\u011fini g\u00f6stermi\u015ftir.\u201d ifadelerini kulland\u0131.<\/p>\n<p>\u0130ngilizce moderasyon ve T\u00fcrk\u00e7e-\u0130ngilizce sim\u00fcltane \u00e7eviri deste\u011fiyle ger\u00e7ekle\u015ftirilen etkinlik, Ramazan temal\u0131 ikramlar\u0131n sunuldu\u011fu resepsiyon ile sona erdi.<\/p>\n<p>D\u00fcnya Kad\u0131nlar G\u00fcn\u00fc kapsam\u0131nda d\u00fczenlenen program\u0131n, yerel y\u00f6netimler, diplomatik temsilcilikler ve sivil toplum kurulu\u015flar\u0131 aras\u0131ndaki i\u015f birli\u011fini g\u00fc\u00e7lendirmesi ve kad\u0131nlar\u0131n karar alma mekanizmalar\u0131ndaki rol\u00fcne dikkat \u00e7ekmesi hedefleniyor.<\/p>\n<p>\u00a0<\/p>\n<p>Kaynak: (BYZHA) Beyaz Haber Ajans\u0131<\/p>\n","protected":false},"excerpt":{"rendered":"<p>\u00dcsk\u00fcdar Belediyesi ile Almanya Federal Cumhuriyeti \u0130stanbul Ba\u015fkonsoloslu\u011fu i\u015f birli\u011finde, 8 Mart D\u00fcnya Kad\u0131nlar G\u00fcn\u00fc kapsam\u0131nda \u00f6zel bir etkinlik d\u00fczenlendi.<\/p>\n","protected":false},"author":1,"featured_media":3298,"comment_status":"open","ping_status":"open","sticky":false,"template":"","format":"standard","meta":{"footnotes":""},"categories":[20],"tags":[],"class_list":["post-3297","post","type-post","status-publish","format-standard","has-post-thumbnail","hentry","category-kultur-sanat"],"_links":{"self":[{"href":"https:\/\/busondakika.com.tr\/index.php?rest_route=\/wp\/v2\/posts\/3297","targetHints":{"allow":["GET"]}}],"collection":[{"href":"https:\/\/busondakika.com.tr\/index.php?rest_route=\/wp\/v2\/posts"}],"about":[{"href":"https:\/\/busondakika.com.tr\/index.php?rest_route=\/wp\/v2\/types\/post"}],"author":[{"embeddable":true,"href":"https:\/\/busondakika.com.tr\/index.php?rest_route=\/wp\/v2\/users\/1"}],"replies":[{"embeddable":true,"href":"https:\/\/busondakika.com.tr\/index.php?rest_route=%2Fwp%2Fv2%2Fcomments&post=3297"}],"version-history":[{"count":1,"href":"https:\/\/busondakika.com.tr\/index.php?rest_route=\/wp\/v2\/posts\/3297\/revisions"}],"predecessor-version":[{"id":3299,"href":"https:\/\/busondakika.com.tr\/index.php?rest_route=\/wp\/v2\/posts\/3297\/revisions\/3299"}],"wp:featuredmedia":[{"embeddable":true,"href":"https:\/\/busondakika.com.tr\/index.php?rest_route=\/wp\/v2\/media\/3298"}],"wp:attachment":[{"href":"https:\/\/busondakika.com.tr\/index.php?rest_route=%2Fwp%2Fv2%2Fmedia&parent=3297"}],"wp:term":[{"taxonomy":"category","embeddable":true,"href":"https:\/\/busondakika.com.tr\/index.php?rest_route=%2Fwp%2Fv2%2Fcategories&post=3297"},{"taxonomy":"post_tag","embeddable":true,"href":"https:\/\/busondakika.com.tr\/index.php?rest_route=%2Fwp%2Fv2%2Ftags&post=3297"}],"curies":[{"name":"wp","href":"https:\/\/api.w.org\/{rel}","templated":true}]}}