{"id":3300,"date":"2026-03-14T01:00:48","date_gmt":"2026-03-14T01:00:48","guid":{"rendered":"https:\/\/busondakika.com.tr\/?p=3300"},"modified":"2026-03-14T01:00:49","modified_gmt":"2026-03-14T01:00:49","slug":"minik-yureklerden-ihtiyac-sahiplerine-ramazan-kolisi","status":"publish","type":"post","link":"https:\/\/busondakika.com.tr\/?p=3300","title":{"rendered":"Minik y\u00fcreklerden ihtiya\u00e7 sahiplerine ramazan kolisi"},"content":{"rendered":"<p> Kemer Belediye Ba\u015fkan\u0131 Necati Topalo\u011flu\u2019nun giri\u015fimleriyle Kemer\u2019in ilk turizmcilerinden Orduvar Akman ve e\u015fi \u00dclker Akman taraf\u0131ndan Kemer\u2019e kazand\u0131r\u0131lan Kemer Belediyesi \u00dclker-Orduvar Akman Kre\u015f ve G\u00fcnd\u00fcz Bak\u0131mevi \u00f6\u011frencileri, ihtiya\u00e7 sahibi ailelerin g\u00f6n\u00fcllerine dokunuyor.\u00a0<\/p>\n<p>Ramazan ay\u0131n\u0131n manevi iklimi, payla\u015fma ve dayan\u0131\u015fma ruhunu sadece okul duvarlar\u0131 aras\u0131nda kalmayarak Kemer\u2019deki ihtiya\u00e7 sahibi ailelere de yaymay\u0131 ama\u00e7layan minik \u00f6\u011frencilerin \u00f6rnek davran\u0131\u015f\u0131, Kemer\u2019deki ihtiya\u00e7 sahibi vatanda\u015flar\u0131n sofralar\u0131na bereket, g\u00f6n\u00fcllerine ise s\u0131cak bir tebess\u00fcm oluyor.\u00a0<\/p>\n<p>Birlik, beraberlik, yard\u0131mla\u015fma ve payla\u015fman\u0131n \u00f6neminin daha da artt\u0131\u011f\u0131 Ramazan ay\u0131 dolay\u0131s\u0131yla minik \u00f6\u011frenciler, Kemer\u2019deki ihtiya\u00e7 sahibi ailelere evlerinden getirdi\u011fi g\u0131da \u00fcr\u00fcnlerini \u00f6\u011fretmenleri e\u015fli\u011finde koliledi.\u00a0<\/p>\n<p>Kemer Belediye Ba\u015fkan Vekili Mustafa \u00c7elik, yapt\u0131\u011f\u0131 a\u00e7\u0131klamada, \u201cBelediyemize ait kre\u015f ve g\u00fcnd\u00fcz bak\u0131mevinde \u00f6\u011frencilerimizi Ba\u015fkan\u0131m\u0131z Necati Topalo\u011flu \u00f6nc\u00fcl\u00fc\u011f\u00fcnde dayan\u0131\u015fma ve payla\u015fma ruhuyla yeti\u015ftirmeye gayret g\u00f6steriyoruz. Kendileri minik ama g\u00f6n\u00fclleri kocaman olan \u00f6\u011frencilerimizin b\u00fcy\u00fck bir \u00f6zenle haz\u0131rlad\u0131\u011f\u0131 Ramazan kolileri, il\u00e7emizdeki ihtiya\u00e7 sahibi ailelere ula\u015ft\u0131r\u0131l\u0131yor. Bu g\u00fczel \u00e7al\u0131\u015fmada eme\u011fi ge\u00e7en ba\u015fta sevgili \u00f6\u011frencilerimiz olmak \u00fczere, onlara rehberlik eden k\u0131ymetli \u00f6\u011fretmenlerimize te\u015fekk\u00fcr ediyorum.\u201d dedi.\u00a0<\/p>\n<p>\u00a0<\/p>\n<p>\u00a0<\/p>\n<p>Kaynak: (BYZHA) Beyaz Haber Ajans\u0131<\/p>\n","protected":false},"excerpt":{"rendered":"<p>Kemer Belediye Ba\u015fkan\u0131 Necati Topalo\u011flu\u2019nun giri\u015fimleriyle Kemer\u2019in ilk turizmcilerinden Orduvar Akman ve e\u015fi \u00dclker Akman taraf\u0131ndan Kemer\u2019e kazand\u0131r\u0131lan Kemer Belediyesi \u00dclker-Orduvar Akman Kre\u015f ve G\u00fcnd\u00fcz Bak\u0131mevi \u00f6\u011frencileri, ihtiya\u00e7 sahibi ailelerin g\u00f6n\u00fcllerine dokunuyor.<\/p>\n","protected":false},"author":1,"featured_media":3301,"comment_status":"open","ping_status":"open","sticky":false,"template":"","format":"standard","meta":{"footnotes":""},"categories":[20],"tags":[],"class_list":["post-3300","post","type-post","status-publish","format-standard","has-post-thumbnail","hentry","category-kultur-sanat"],"_links":{"self":[{"href":"https:\/\/busondakika.com.tr\/index.php?rest_route=\/wp\/v2\/posts\/3300","targetHints":{"allow":["GET"]}}],"collection":[{"href":"https:\/\/busondakika.com.tr\/index.php?rest_route=\/wp\/v2\/posts"}],"about":[{"href":"https:\/\/busondakika.com.tr\/index.php?rest_route=\/wp\/v2\/types\/post"}],"author":[{"embeddable":true,"href":"https:\/\/busondakika.com.tr\/index.php?rest_route=\/wp\/v2\/users\/1"}],"replies":[{"embeddable":true,"href":"https:\/\/busondakika.com.tr\/index.php?rest_route=%2Fwp%2Fv2%2Fcomments&post=3300"}],"version-history":[{"count":1,"href":"https:\/\/busondakika.com.tr\/index.php?rest_route=\/wp\/v2\/posts\/3300\/revisions"}],"predecessor-version":[{"id":3302,"href":"https:\/\/busondakika.com.tr\/index.php?rest_route=\/wp\/v2\/posts\/3300\/revisions\/3302"}],"wp:featuredmedia":[{"embeddable":true,"href":"https:\/\/busondakika.com.tr\/index.php?rest_route=\/wp\/v2\/media\/3301"}],"wp:attachment":[{"href":"https:\/\/busondakika.com.tr\/index.php?rest_route=%2Fwp%2Fv2%2Fmedia&parent=3300"}],"wp:term":[{"taxonomy":"category","embeddable":true,"href":"https:\/\/busondakika.com.tr\/index.php?rest_route=%2Fwp%2Fv2%2Fcategories&post=3300"},{"taxonomy":"post_tag","embeddable":true,"href":"https:\/\/busondakika.com.tr\/index.php?rest_route=%2Fwp%2Fv2%2Ftags&post=3300"}],"curies":[{"name":"wp","href":"https:\/\/api.w.org\/{rel}","templated":true}]}}