{"id":3312,"date":"2026-03-14T01:00:56","date_gmt":"2026-03-14T01:00:56","guid":{"rendered":"https:\/\/busondakika.com.tr\/?p=3312"},"modified":"2026-03-14T01:00:57","modified_gmt":"2026-03-14T01:00:57","slug":"bakirkoy-belediye-tiyatrolari-perdelerini-saglik-calisanlari-icin-aciyor","status":"publish","type":"post","link":"https:\/\/busondakika.com.tr\/?p=3312","title":{"rendered":"Bak\u0131rk\u00f6y Belediye Tiyatrolar\u0131 Perdelerini Sa\u011fl\u0131k \u00c7al\u0131\u015fanlar\u0131 \u0130\u00e7in A\u00e7\u0131yor"},"content":{"rendered":"<p> Bak\u0131rk\u00f6y Belediye Tiyatrolar\u0131, 14 Mart T\u0131p Bayram\u0131 dolay\u0131s\u0131yla \u201c\u00c7irkin\u201d adl\u0131 tiyatro oyununu sa\u011fl\u0131k \u00e7al\u0131\u015fanlar\u0131 i\u00e7in \u00fccretsiz sahneleyecek. Oyun, 14 Mart\u2019ta saat 20.00\u2019de Leyla Gencer Sahnesi\u2019nde izleyiciyle bulu\u015facak.<\/p>\n<p>Bak\u0131rk\u00f6y Belediye Tiyatrolar\u0131, 14 Mart T\u0131p Bayram\u0131 kapsam\u0131nda sa\u011fl\u0131k \u00e7al\u0131\u015fanlar\u0131na \u00f6zel bir temsil haz\u0131rlad\u0131. Alman yazar Marius von Mayenburg\u2019un kaleme ald\u0131\u011f\u0131 \u201c\u00c7irkin\u201d adl\u0131 oyun, sa\u011fl\u0131k \u00e7al\u0131\u015fanlar\u0131 i\u00e7in \u00fccretsiz olarak sahnelenecek. Temsil, 14 Mart Cumartesi g\u00fcn\u00fc saat 20.00\u2019de Leyla Gencer Sahnesi\u2019nde ger\u00e7ekle\u015ftirilecek. Oyunun, Ay\u015feg\u00fcl Oval\u0131o\u011flu taraf\u0131ndan hekimlere ve sa\u011fl\u0131k \u00e7al\u0131\u015fanlar\u0131na arma\u011fan edildi\u011fi belirtildi. Yelda Bask\u0131n\u2019\u0131n y\u00f6netti\u011fi \u201c\u00c7irkin\u201d, modern toplumda d\u0131\u015f g\u00f6r\u00fcn\u00fc\u015f, kimlik ve g\u00fczellik alg\u0131s\u0131n\u0131 sorgulayan hik\u00e2yesiyle dikkat \u00e7ekiyor. Oyun, tiyatroseverlere hem d\u00fc\u015f\u00fcnd\u00fcren hem de ele\u015ftirel bir anlat\u0131 sunuyor.<\/p>\n<p>Oyunu izlemek isteyen sa\u011fl\u0131k \u00e7al\u0131\u015fanlar\u0131,\u00a0https:\/\/biletinial.com\/tr-tr\/tiyatro\/cirkin-bbt\u00a0\u00fczerinden \u00fccretsiz bilet temin edebilir.<\/p>\n<p>\u00a0<\/p>\n<p>\u00a0<\/p>\n<p>Kaynak: (BYZHA) Beyaz Haber Ajans\u0131<\/p>\n","protected":false},"excerpt":{"rendered":"<p>Bak\u0131rk\u00f6y Belediye Tiyatrolar\u0131, 14 Mart T\u0131p Bayram\u0131 dolay\u0131s\u0131yla \u201c\u00c7irkin\u201d adl\u0131 tiyatro oyununu sa\u011fl\u0131k \u00e7al\u0131\u015fanlar\u0131 i\u00e7in \u00fccretsiz sahneleyecek.<\/p>\n","protected":false},"author":1,"featured_media":3313,"comment_status":"open","ping_status":"open","sticky":false,"template":"","format":"standard","meta":{"footnotes":""},"categories":[20],"tags":[],"class_list":["post-3312","post","type-post","status-publish","format-standard","has-post-thumbnail","hentry","category-kultur-sanat"],"_links":{"self":[{"href":"https:\/\/busondakika.com.tr\/index.php?rest_route=\/wp\/v2\/posts\/3312","targetHints":{"allow":["GET"]}}],"collection":[{"href":"https:\/\/busondakika.com.tr\/index.php?rest_route=\/wp\/v2\/posts"}],"about":[{"href":"https:\/\/busondakika.com.tr\/index.php?rest_route=\/wp\/v2\/types\/post"}],"author":[{"embeddable":true,"href":"https:\/\/busondakika.com.tr\/index.php?rest_route=\/wp\/v2\/users\/1"}],"replies":[{"embeddable":true,"href":"https:\/\/busondakika.com.tr\/index.php?rest_route=%2Fwp%2Fv2%2Fcomments&post=3312"}],"version-history":[{"count":1,"href":"https:\/\/busondakika.com.tr\/index.php?rest_route=\/wp\/v2\/posts\/3312\/revisions"}],"predecessor-version":[{"id":3314,"href":"https:\/\/busondakika.com.tr\/index.php?rest_route=\/wp\/v2\/posts\/3312\/revisions\/3314"}],"wp:featuredmedia":[{"embeddable":true,"href":"https:\/\/busondakika.com.tr\/index.php?rest_route=\/wp\/v2\/media\/3313"}],"wp:attachment":[{"href":"https:\/\/busondakika.com.tr\/index.php?rest_route=%2Fwp%2Fv2%2Fmedia&parent=3312"}],"wp:term":[{"taxonomy":"category","embeddable":true,"href":"https:\/\/busondakika.com.tr\/index.php?rest_route=%2Fwp%2Fv2%2Fcategories&post=3312"},{"taxonomy":"post_tag","embeddable":true,"href":"https:\/\/busondakika.com.tr\/index.php?rest_route=%2Fwp%2Fv2%2Ftags&post=3312"}],"curies":[{"name":"wp","href":"https:\/\/api.w.org\/{rel}","templated":true}]}}