{"id":3315,"date":"2026-03-14T01:00:57","date_gmt":"2026-03-14T01:00:57","guid":{"rendered":"https:\/\/busondakika.com.tr\/?p=3315"},"modified":"2026-03-14T01:00:58","modified_gmt":"2026-03-14T01:00:58","slug":"osmangazi-belediyesinden-anadolunun-kahramanlik-turkulerine-yolculuk","status":"publish","type":"post","link":"https:\/\/busondakika.com.tr\/?p=3315","title":{"rendered":"Osmangazi Belediyesi\u2019nden Anadolu\u2019nun Kahramanl\u0131k T\u00fcrk\u00fclerine Yolculuk"},"content":{"rendered":"<p> <span style=\"font-size:12pt\"><span style=\",serif\"><span style=\"font-size:11.0pt\"><span style=\",serif\">Osmangazi Belediyesi\u2019nin k\u00fclt\u00fcrel miras\u0131 ya\u015fatmak ve Anadolu\u2019nun haf\u0131zas\u0131nda yer eden ezgileri yeni ku\u015faklarla bulu\u015fturmak amac\u0131yla d\u00fczenledi\u011fi \u201cAnadolu\u2019nun T\u00fcrk\u00fc Yollar\u0131\u201d program\u0131, \u2018kahramanl\u0131k t\u00fcrk\u00fcleriyle\u2019 dinleyicileri bulu\u015fturdu. <\/span><\/span><\/span><\/span><\/p>\n<p><span style=\"font-size:12pt\"><span style=\",serif\"><span style=\"font-size:11.0pt\"><span style=\",serif\">As\u0131rlard\u0131r dilden dile aktar\u0131larak g\u00fcn\u00fcm\u00fcze ula\u015fan, kimi zaman gurbeti, kimi zaman hasreti, kimi zaman da kimsesizli\u011fi anlatan t\u00fcrk\u00fcler, Osmangazi Belediyesi\u2019nin titizlikle haz\u0131rlad\u0131\u011f\u0131 \u201cAnadolu\u2019nun T\u00fcrk\u00fc Yollar\u0131\u201d program\u0131nda yeniden hayat buldu. \u00d6rdekli K\u00fclt\u00fcr Merkezi\u2019nde d\u00fczenlenen programa Osmangazi Belediyesi Ba\u015fkan Yard\u0131mc\u0131s\u0131 Mutlu Esendemir, CHP Osmangazi \u0130l\u00e7e Ba\u015fkan\u0131 Ra\u015fit G\u00fcrb\u00fcz ve Osmangazi Belediyesi meclis \u00fcyeleri ile Bursal\u0131 sanatseverler kat\u0131ld\u0131. Saz sanat\u00e7\u0131s\u0131 Sel\u00e7uk Oru\u00e7\u2019un ahengiyle bezenen, Bursa Uluda\u011f \u00dcniversitesi T\u00fcrk Dili ve Edebiyat\u0131 B\u00f6l\u00fcm\u00fc \u00d6\u011fretim \u00dcyesi Do\u00e7. Dr. M. Emir \u0130lhan\u2019\u0131n hikaye anlat\u0131mlar\u0131yla zenginle\u015fen etkinlikte, kahramanl\u0131k t\u00fcrk\u00fclerinin ezgileri bir kez daha g\u00f6n\u00fcllere dokundu. Y\u00fczy\u0131llar\u0131n biriktirdi\u011fi duygular\u0131n s\u00f6zlerde ve melodilerde yeniden ye\u015ferdi\u011fi etkinlik \u00e7er\u00e7evesinde her bir t\u00fcrk\u00fcde, vatan sevgisi, fedakarl\u0131k ve milletin haf\u0131zas\u0131nda iz b\u0131rakan m\u00fccadeleler yeniden can buldu. Saz\u0131n teline dokunan her na\u011fme, dinleyenleri ge\u00e7mi\u015fin izlerine g\u00f6t\u00fcr\u00fcrken, anlat\u0131lan hikayeler \u00d6rdekli K\u00fclt\u00fcr Merkezi\u2019ni dolduran sanatseverlere duygu dolu anlar ya\u015fatt\u0131.<\/span><\/span><\/span><\/span><\/p>\n<p><span style=\"font-size:12pt\"><span style=\",serif\"><b><span style=\"font-size:11.0pt\"><span style=\",serif\">\u201cDertlerle Yo\u011furulmu\u015f T\u00fcrk\u00fclerin, Milli M\u00fccadele T\u00fcrk\u00fclerini Nas\u0131l Ortaya \u00c7\u0131kard\u0131\u011f\u0131n\u0131 Dinledik\u201d<\/span><\/span><\/b><\/span><\/span><\/p>\n<p><span style=\"font-size:12pt\"><span style=\",serif\"><span style=\"font-size:11.0pt\"><span style=\",serif\">\u201cAnadolu\u2019nun T\u00fcrk\u00fc Yollar\u0131\u201d program\u0131 kapsam\u0131nda daha \u00f6nce kad\u0131n ve garip temalar\u0131n\u0131 i\u015flediklerini, ezgileri bu kez kahramanl\u0131k ve milli m\u00fccadele etraf\u0131nda b\u00fct\u00fcnle\u015ftirdiklerini dile getiren Do\u00e7. Dr. M. Emir \u0130lhan, \u201cKahramanl\u0131k ve milli m\u00fccadele t\u00fcrk\u00fclerini dinledik, anlatt\u0131k. Sadece milli m\u00fccadeleyi in\u015fa eden, o d\u00f6nemde \u00e7\u0131km\u0131\u015f milli t\u00fcrk\u00fcler de\u011fil, \u00f6nceki zaferlerle, direni\u015flerle, dertlerle bir araya gelmi\u015f, yo\u011furulmu\u015f t\u00fcrk\u00fclerin, milli m\u00fccadele t\u00fcrk\u00fclerini nas\u0131l ortaya \u00e7\u0131kard\u0131\u011f\u0131n\u0131 dinledik, anlatt\u0131k. Mart ay\u0131 hem \u0130stiklal Mar\u015f\u0131\u2019n\u0131n, hem \u0130stanbul\u2019un i\u015fgalinin resmi ay\u0131, hem \u00c7anakkale zaferinin, hem de devrim yasalar\u0131n\u0131n ay\u0131, bu y\u00fczden \u00e7ok \u00f6nemli. Duygu dolu, keyifli bir program oldu, dinleyicilerimizden de bu duyguyu hissettik. Osmangazi Belediyesi\u2019ne desteklerinden dolay\u0131 \u00e7ok te\u015fekk\u00fcr ediyoruz.\u201d ifadelerini kulland\u0131.<\/span><\/span><\/span><\/span><\/p>\n<p><span style=\"font-size:12pt\"><span style=\",serif\"><span style=\"font-size:11.0pt\"><span style=\",serif\">Program\u0131n sonunda Osmangazi Belediye Ba\u015fkan Yard\u0131mc\u0131s\u0131 Mutlu Esendemir ve CHP Osmangazi \u0130l\u00e7e Ba\u015fkan\u0131 Ra\u015fit G\u00fcrb\u00fcz, Saz sanat\u00e7\u0131s\u0131 Sel\u00e7uk Oru\u00e7\u2019a ve Bursa Uluda\u011f \u00dcniversitesi T\u00fcrk Dili ve Edebiyat\u0131 B\u00f6l\u00fcm\u00fc \u00d6\u011fretim \u00dcyesi Do\u00e7. Dr. M. Emir \u0130lhan\u2019a te\u015fekk\u00fcr plaketi takdiminde bulundu.<\/span><\/span><\/span><\/span><\/p>\n<p>\u00a0<\/p>\n<p>Kaynak: (BYZHA) Beyaz Haber Ajans\u0131<\/p>\n","protected":false},"excerpt":{"rendered":"<p>Osmangazi Belediyesi\u2019nin k\u00fclt\u00fcrel miras\u0131 ya\u015fatmak ve Anadolu\u2019nun haf\u0131zas\u0131nda yer eden ezgileri yeni ku\u015faklarla bulu\u015fturmak amac\u0131yla d\u00fczenledi\u011fi \u201cAnadolu\u2019nun T\u00fcrk\u00fc Yollar\u0131\u201d program\u0131, \u2018kahramanl\u0131k t\u00fcrk\u00fcleriyle\u2019 dinleyicileri bulu\u015fturdu.<\/p>\n","protected":false},"author":1,"featured_media":3316,"comment_status":"open","ping_status":"open","sticky":false,"template":"","format":"standard","meta":{"footnotes":""},"categories":[20],"tags":[],"class_list":["post-3315","post","type-post","status-publish","format-standard","has-post-thumbnail","hentry","category-kultur-sanat"],"_links":{"self":[{"href":"https:\/\/busondakika.com.tr\/index.php?rest_route=\/wp\/v2\/posts\/3315","targetHints":{"allow":["GET"]}}],"collection":[{"href":"https:\/\/busondakika.com.tr\/index.php?rest_route=\/wp\/v2\/posts"}],"about":[{"href":"https:\/\/busondakika.com.tr\/index.php?rest_route=\/wp\/v2\/types\/post"}],"author":[{"embeddable":true,"href":"https:\/\/busondakika.com.tr\/index.php?rest_route=\/wp\/v2\/users\/1"}],"replies":[{"embeddable":true,"href":"https:\/\/busondakika.com.tr\/index.php?rest_route=%2Fwp%2Fv2%2Fcomments&post=3315"}],"version-history":[{"count":1,"href":"https:\/\/busondakika.com.tr\/index.php?rest_route=\/wp\/v2\/posts\/3315\/revisions"}],"predecessor-version":[{"id":3317,"href":"https:\/\/busondakika.com.tr\/index.php?rest_route=\/wp\/v2\/posts\/3315\/revisions\/3317"}],"wp:featuredmedia":[{"embeddable":true,"href":"https:\/\/busondakika.com.tr\/index.php?rest_route=\/wp\/v2\/media\/3316"}],"wp:attachment":[{"href":"https:\/\/busondakika.com.tr\/index.php?rest_route=%2Fwp%2Fv2%2Fmedia&parent=3315"}],"wp:term":[{"taxonomy":"category","embeddable":true,"href":"https:\/\/busondakika.com.tr\/index.php?rest_route=%2Fwp%2Fv2%2Fcategories&post=3315"},{"taxonomy":"post_tag","embeddable":true,"href":"https:\/\/busondakika.com.tr\/index.php?rest_route=%2Fwp%2Fv2%2Ftags&post=3315"}],"curies":[{"name":"wp","href":"https:\/\/api.w.org\/{rel}","templated":true}]}}