{"id":3324,"date":"2026-03-14T01:01:02","date_gmt":"2026-03-14T01:01:02","guid":{"rendered":"https:\/\/busondakika.com.tr\/?p=3324"},"modified":"2026-03-14T01:01:03","modified_gmt":"2026-03-14T01:01:03","slug":"canik-belediyesinden-anlam-yuklu-program","status":"publish","type":"post","link":"https:\/\/busondakika.com.tr\/?p=3324","title":{"rendered":"Canik Belediyesi\u2019nden Anlam Y\u00fckl\u00fc Program"},"content":{"rendered":"\n<p style=\"text-align:justify;margin-bottom:11px\"><span style=\"font-size:11pt\"><span style=\"line-height:107%\"><span style=\"font-family:Calibri,sans-serif\"><span style=\"font-size:12.0pt\"><span style=\"line-height:107%\">Canik Belediyesi&#8217;nin il\u00e7ede d\u00fczenledi\u011fi &#8216;Vatan, Bayrak, \u015eehadet&#8217; \u0130stiklal Mar\u015f\u0131&#8217;n\u0131n Kabul\u00fc ve \u00c7anakkale Zaferi ve \u015eehitleri Anma G\u00fcn\u00fc program\u0131 yo\u011fun ilgiye sahne oldu. \u015eehitler ve g\u00f6revini s\u00fcrd\u00fcren g\u00fcvenlik g\u00fc\u00e7leri i\u00e7in dualar edilen ve Kur&#8217;an-\u0131 Kerim tilaveti ger\u00e7ekle\u015ftirilen programda duygu dolu anlar ya\u015fand\u0131. Canik Belediyesi&#8217;nin &#8216;Canikli Gen\u00e7ler Ecdad\u0131n \u0130zinde&#8217; projesini anlatan k\u0131sa film g\u00f6sterimi salonda alk\u0131\u015flar\u0131 toplad\u0131. Programa kat\u0131lan vatanda\u015flar ve gen\u00e7ler Canik Belediyesi&#8217;nin milli ve manevi de\u011ferler temalar\u0131nda d\u00fczenledi\u011fi programlar\u0131 ilgiyle takip ettiklerini ifade ederek, &#8220;Canik Belediyesi milli ve manevi de\u011ferler \u00fczerine ger\u00e7ekle\u015ftirdi\u011fi programlarla fark\u0131ndal\u0131k olu\u015fturuyor. Her alanda fark\u0131ndal\u0131k sahibi nesiller yeti\u015ftirme hedefiyle \u00e7al\u0131\u015f\u0131yor. B\u00f6ylesine anlaml\u0131 programlarla bizlerin bulu\u015fmas\u0131na vesile olan Canik Belediye Ba\u015fkan\u0131m\u0131z \u0130brahim Sand\u0131k\u00e7\u0131&#8217;ya ve t\u00fcm belediye \u00e7al\u0131\u015fanlar\u0131na te\u015fekk\u00fcr ediyoruz&#8221; dediler. <\/span><\/span><\/span><\/span><\/span><\/p>\n<p style=\"margin-bottom:11px\"><span style=\"font-size:11pt\"><span style=\"line-height:107%\"><span style=\"font-family:Calibri,sans-serif\"><b><span style=\"font-size:14.0pt\"><span style=\"line-height:107%\">Drama ve Oratoryo G\u00f6sterisi Sahneledi <\/span><\/span><\/b><\/span><\/span><\/span><\/p>\n<p style=\"text-align:justify;margin-bottom:11px\"><span style=\"font-size:11pt\"><span style=\"line-height:107%\"><span style=\"font-family:Calibri,sans-serif\"><span style=\"font-size:12.0pt\"><span style=\"line-height:107%\">Canik Belediyesi ve Canik \u0130l\u00e7e Milli E\u011fitim M\u00fcd\u00fcrl\u00fc\u011f\u00fc i\u015f birli\u011fiyle d\u00fczenlenen programda, \u00f6\u011frenciler taraf\u0131ndan sahnelenen \u00c7anakkale Ge\u00e7ilmez Oratoryo G\u00f6sterisi ve &#8216;O G\u00fcn Mecliste&#8217; adl\u0131 drama g\u00f6sterisi kat\u0131l\u0131mc\u0131lar taraf\u0131ndan ilgiyle takip edildi. Sezai Karako\u00e7 Canik K\u00fclt\u00fcr Merkezi\u2019nde ger\u00e7ekle\u015ftirilen programda \u00f6\u011frencilerin seslendirdi\u011fi mar\u015flara kat\u0131l\u0131mc\u0131lar ellerinde sallad\u0131klar\u0131 T\u00fcrk bayraklar\u0131yla e\u015flik etti. Salonun T\u00fcrk bayraklar\u0131yla donat\u0131ld\u0131\u011f\u0131, duygu dolu anlar ile birlikte co\u015fkulu anlar\u0131n da ya\u015fand\u0131\u011f\u0131 program \u00e7er\u00e7evesinde, ayr\u0131ca Canik Borsa \u0130stanbul Anadolu Lisesi \u00f6\u011frencilerinin yer ald\u0131\u011f\u0131 koro taraf\u0131ndan Sakarya Mar\u015f\u0131, Ordunun Duas\u0131 ve Bayra\u011f\u0131m Mar\u015f\u0131 seslendirildi.<\/span><\/span><\/span><\/span><\/span><\/p>\n<p style=\"text-align:justify;margin-bottom:11px\">\u00a0<\/p>\n<p>Kaynak: (BYZHA) Beyaz Haber Ajans\u0131<\/p>\n","protected":false},"excerpt":{"rendered":"<p>Canik Belediyesi&#8217;nin il\u00e7ede d\u00fczenledi\u011fi &#8216;Vatan, Bayrak, \u015eehadet&#8217; \u0130stiklal Mar\u015f\u0131&#8217;n\u0131n Kabul\u00fc ve \u00c7anakkale Zaferi ve \u015eehitleri Anma G\u00fcn\u00fc program\u0131 yo\u011fun ilgiye sahne oldu.<\/p>\n","protected":false},"author":1,"featured_media":3325,"comment_status":"open","ping_status":"open","sticky":false,"template":"","format":"standard","meta":{"footnotes":""},"categories":[20],"tags":[],"class_list":["post-3324","post","type-post","status-publish","format-standard","has-post-thumbnail","hentry","category-kultur-sanat"],"_links":{"self":[{"href":"https:\/\/busondakika.com.tr\/index.php?rest_route=\/wp\/v2\/posts\/3324","targetHints":{"allow":["GET"]}}],"collection":[{"href":"https:\/\/busondakika.com.tr\/index.php?rest_route=\/wp\/v2\/posts"}],"about":[{"href":"https:\/\/busondakika.com.tr\/index.php?rest_route=\/wp\/v2\/types\/post"}],"author":[{"embeddable":true,"href":"https:\/\/busondakika.com.tr\/index.php?rest_route=\/wp\/v2\/users\/1"}],"replies":[{"embeddable":true,"href":"https:\/\/busondakika.com.tr\/index.php?rest_route=%2Fwp%2Fv2%2Fcomments&post=3324"}],"version-history":[{"count":1,"href":"https:\/\/busondakika.com.tr\/index.php?rest_route=\/wp\/v2\/posts\/3324\/revisions"}],"predecessor-version":[{"id":3326,"href":"https:\/\/busondakika.com.tr\/index.php?rest_route=\/wp\/v2\/posts\/3324\/revisions\/3326"}],"wp:featuredmedia":[{"embeddable":true,"href":"https:\/\/busondakika.com.tr\/index.php?rest_route=\/wp\/v2\/media\/3325"}],"wp:attachment":[{"href":"https:\/\/busondakika.com.tr\/index.php?rest_route=%2Fwp%2Fv2%2Fmedia&parent=3324"}],"wp:term":[{"taxonomy":"category","embeddable":true,"href":"https:\/\/busondakika.com.tr\/index.php?rest_route=%2Fwp%2Fv2%2Fcategories&post=3324"},{"taxonomy":"post_tag","embeddable":true,"href":"https:\/\/busondakika.com.tr\/index.php?rest_route=%2Fwp%2Fv2%2Ftags&post=3324"}],"curies":[{"name":"wp","href":"https:\/\/api.w.org\/{rel}","templated":true}]}}