{"id":3327,"date":"2026-03-14T01:01:03","date_gmt":"2026-03-14T01:01:03","guid":{"rendered":"https:\/\/busondakika.com.tr\/?p=3327"},"modified":"2026-03-14T01:01:04","modified_gmt":"2026-03-14T01:01:04","slug":"istiklal-marsinin-kabulunun-105-yili-kutlandi","status":"publish","type":"post","link":"https:\/\/busondakika.com.tr\/?p=3327","title":{"rendered":"\u0130stiklal Mar\u015f\u0131\u2019n\u0131n kabul\u00fcn\u00fcn 105. y\u0131l\u0131 kutland\u0131"},"content":{"rendered":"<p> \u00a0<\/p>\n<p><span style=\"font-size:12pt\"><span style=\"font-family:Cambria,serif\"><span style=\",serif\">Antalya B\u00fcy\u00fck\u015fehir Belediyesi Ba\u015fkan Vekili B\u00fc\u015fra \u00d6zdemir, \u0130stiklal Mar\u015f\u0131\u2019n\u0131n kabul\u00fcn\u00fcn 105. Y\u0131l\u0131 ve Mehmet Akif Ersoy\u2019u Anma G\u00fcn\u00fc\u2019n\u00fc kutlad\u0131. Ba\u015fkan Vekili \u00d6zdemir, \u0130stiklal Mar\u015f\u0131\u2019n\u0131n bu milletin ba\u011f\u0131ms\u0131zl\u0131k iradesinin, inanc\u0131n\u0131n ve vatan sevgisinin en g\u00fc\u00e7l\u00fc ifadesi oldu\u011funu kaydetti. \u00a0<\/span><\/span><\/span><\/p>\n<p><span style=\"font-size:12pt\"><span style=\"font-family:Cambria,serif\"><span style=\",serif\">Antalya B\u00fcy\u00fck\u015fehir Belediyesi ev sahipli\u011finde, \u0130l Milli E\u011fitim M\u00fcd\u00fcrl\u00fc\u011f\u00fc taraf\u0131ndan haz\u0131rlanan \u201c\u0130stiklal Mar\u015f\u0131\u2019n\u0131n kabul\u00fcn\u00fcn 105. Y\u0131l\u0131 ve Mehmet Akif Ersoy\u2019u Anma G\u00fcn\u00fc\u201d etkinlikleri Antalya K\u00fclt\u00fcr Merkezi (AMM) Aspendos Salonu\u2019nda ger\u00e7ekle\u015ftirildi. Etkinliklere Antalya Valisi Hulusi \u015eahin, Antalya B\u00fcy\u00fck\u015fehir Belediyesi Ba\u015fkan Vekili B\u00fc\u015fra \u00d6zdemir, kamu kurum temsilcileri ve \u00f6\u011frenciler kat\u0131ld\u0131. Sayg\u0131 duru\u015fu ve \u0130stiklal Mar\u015f\u0131\u2019n\u0131n okunmas\u0131yla ba\u015flayan t\u00f6rende \u201cKorkma! Gen\u00e7li\u011fin Ruhu Burada!\u201d temal\u0131 resim, \u015fiir ve kompozisyon yar\u0131\u015fmas\u0131nda dereceye giren \u00f6\u011frencilere \u00f6d\u00fclleri verildi. <\/span><\/span><\/span><\/p>\n<p><span style=\"font-size:12pt\"><span style=\"font-family:Cambria,serif\"><span style=\",serif\">DERECEYE G\u0130REN \u00d6\u011eRENC\u0130LERE \u00d6D\u00dcLLER\u0130 VER\u0130LD\u0130<\/span><\/span><\/span><\/p>\n<p><span style=\"font-size:12pt\"><span style=\"font-family:Cambria,serif\"><span style=\",serif\">B\u00fcy\u00fck\u015fehir Belediyesi Ba\u015fkan Vekili B\u00fc\u015fra \u00d6zdemir, derece giren \u00f6\u011frencilere belgelerini takdim ederek, tebrik etti. Ba\u015fkan Vekili \u00d6zdemir, \u201cKorkma!\u201d diye ba\u015flayan bir destan\u0131n ad\u0131d\u0131r \u0130stiklal Mar\u015f\u0131 diyerek, \u201cBu milletin ba\u011f\u0131ms\u0131zl\u0131k iradesinin, inanc\u0131n\u0131n ve vatan sevgisinin en g\u00fc\u00e7l\u00fc ifadesidir. 12 Mart \u0130stiklal Mar\u015f\u0131\u2019n\u0131n kabul\u00fcn\u00fcn 105&#8217;inci y\u0131l d\u00f6n\u00fcm\u00fcnde; Ulu \u00d6nderimiz Gazi Mustafa Kemal Atat\u00fcrk&#8217;\u00fc, milli \u015fairimiz Mehmet Akif Ersoy&#8217;u ve istiklal m\u00fccadelemizin t\u00fcm kahramanlar\u0131n\u0131 sayg\u0131, rahmet, minnetle an\u0131yorum\u201d dedi. \u00a0<\/span><\/span><\/span><\/p>\n<p><span style=\"font-size:12pt\"><span style=\"font-family:Cambria,serif\"><span style=\",serif\">\u00d6\u011eRENC\u0130LERDEN \u00d6ZEL SERG\u0130 <\/span><\/span><\/span><\/p>\n<p><span style=\"font-size:12pt\"><span style=\"font-family:Cambria,serif\"><span style=\",serif\">Etkinliklerde, Antalya Anadolu \u0130mam Hatip Lisesi \u00f6\u011fretmen ve \u00f6\u011frencileri taraf\u0131ndan haz\u0131rlanan \u201cAs\u0131m\u2019\u0131n Nesli: \u0130stiklal Ruhu\u201d adl\u0131 g\u00f6steri sahnelendi. Daha sonra ise Ba\u015fkan Vekili B\u00fc\u015fra \u00d6zdemir ve Vali Hulusi \u015eahin ile birlikte \u00f6\u011frenciler taraf\u0131ndan haz\u0131rlanan resim ve el sanatlar\u0131 sergisini gezdi. Ba\u015fkan Vekili \u00d6zdemir, bu g\u00fcne \u00f6zel \u00f6\u011frencilerin haz\u0131rlad\u0131\u011f\u0131 \u2018\u0130stiklalin Sesi\u2019 gazetesini inceledi. <\/span><\/span><\/span><\/p>\n<p>\u00a0<br \/>Kaynak: (BYZHA) Beyaz Haber Ajans\u0131<\/p><\/p>\n","protected":false},"excerpt":{"rendered":"<p>\u00a0    Antalya B\u00fcy\u00fck\u015fehir Belediyesi Ba\u015fkan Vekili B\u00fc\u015fra \u00d6zdemir, \u0130stiklal Mar\u015f\u0131\u2019n\u0131n kabul\u00fcn\u00fcn 105.<\/p>\n","protected":false},"author":1,"featured_media":3328,"comment_status":"open","ping_status":"open","sticky":false,"template":"","format":"standard","meta":{"footnotes":""},"categories":[20],"tags":[],"class_list":["post-3327","post","type-post","status-publish","format-standard","has-post-thumbnail","hentry","category-kultur-sanat"],"_links":{"self":[{"href":"https:\/\/busondakika.com.tr\/index.php?rest_route=\/wp\/v2\/posts\/3327","targetHints":{"allow":["GET"]}}],"collection":[{"href":"https:\/\/busondakika.com.tr\/index.php?rest_route=\/wp\/v2\/posts"}],"about":[{"href":"https:\/\/busondakika.com.tr\/index.php?rest_route=\/wp\/v2\/types\/post"}],"author":[{"embeddable":true,"href":"https:\/\/busondakika.com.tr\/index.php?rest_route=\/wp\/v2\/users\/1"}],"replies":[{"embeddable":true,"href":"https:\/\/busondakika.com.tr\/index.php?rest_route=%2Fwp%2Fv2%2Fcomments&post=3327"}],"version-history":[{"count":1,"href":"https:\/\/busondakika.com.tr\/index.php?rest_route=\/wp\/v2\/posts\/3327\/revisions"}],"predecessor-version":[{"id":3329,"href":"https:\/\/busondakika.com.tr\/index.php?rest_route=\/wp\/v2\/posts\/3327\/revisions\/3329"}],"wp:featuredmedia":[{"embeddable":true,"href":"https:\/\/busondakika.com.tr\/index.php?rest_route=\/wp\/v2\/media\/3328"}],"wp:attachment":[{"href":"https:\/\/busondakika.com.tr\/index.php?rest_route=%2Fwp%2Fv2%2Fmedia&parent=3327"}],"wp:term":[{"taxonomy":"category","embeddable":true,"href":"https:\/\/busondakika.com.tr\/index.php?rest_route=%2Fwp%2Fv2%2Fcategories&post=3327"},{"taxonomy":"post_tag","embeddable":true,"href":"https:\/\/busondakika.com.tr\/index.php?rest_route=%2Fwp%2Fv2%2Ftags&post=3327"}],"curies":[{"name":"wp","href":"https:\/\/api.w.org\/{rel}","templated":true}]}}