{"id":3333,"date":"2026-03-14T01:01:07","date_gmt":"2026-03-14T01:01:07","guid":{"rendered":"https:\/\/busondakika.com.tr\/?p=3333"},"modified":"2026-03-14T01:01:08","modified_gmt":"2026-03-14T01:01:08","slug":"manisa-buyuksehirin-iftar-sofrasi-akhisarda-kuruldu","status":"publish","type":"post","link":"https:\/\/busondakika.com.tr\/?p=3333","title":{"rendered":"Manisa B\u00fcy\u00fck\u015fehir\u2019in \u0130ftar Sofras\u0131 Akhisar\u2019da Kuruldu"},"content":{"rendered":"<p> Manisa B\u00fcy\u00fck\u015fehir Belediyesi, Ramazan ay\u0131n\u0131n birlik ve beraberlik ruhunu Akhisar\u2019da d\u00fczenlenen iftar sofras\u0131nda vatanda\u015flarla payla\u015ft\u0131. Cumartesi Pazaryeri\u2019nde kurulan sofrada, protokol \u00fcyeleri ve vatanda\u015flar oru\u00e7lar\u0131n\u0131 birlikte a\u00e7t\u0131.<\/p>\n<p>Manisa B\u00fcy\u00fck\u015fehir Belediyesi taraf\u0131ndan Ramazan ay\u0131 boyunca d\u00fczenlenen iftar programlar\u0131, Akhisar\u2019da ger\u00e7ekle\u015ftirilen bulu\u015fma ile devam etti. Programa Akhisar Belediye Ba\u015fkan\u0131 Ekrem Kayserili, Manisa B\u00fcy\u00fck\u015fehir Belediyesi Genel Sekreteri Burak Deste, MASK\u0130 Genel M\u00fcd\u00fcr\u00fc Ali K\u0131l\u0131\u00e7, Genel Sekreter Yard\u0131mc\u0131s\u0131 Erk Kayaba\u015f, siyasi parti temsilcileri, meclis \u00fcyeleri, muhtarlar ve \u00e7ok say\u0131da vatanda\u015f kat\u0131ld\u0131.<\/p>\n<p>\u0130ftar \u00f6ncesinde masalar\u0131 tek tek ziyaret ederek vatanda\u015flarla sohbet eden Akhisar Belediye Ba\u015fkan\u0131 Ekrem Kayserili ve Manisa B\u00fcy\u00fck\u015fehir Belediyesi Genel Sekreteri Burak Deste, talep ve \u00f6nerileri dinledi.<\/p>\n<p>\u0130ftar\u0131n ard\u0131ndan, \u00e7ocuklar ve aileleri i\u00e7in geleneksel Ramazan e\u011flenceleri d\u00fczenlendi. Karag\u00f6z ve Hacivat g\u00f6sterisinin sahnelendi\u011fi gecede, sihirbazl\u0131k g\u00f6sterisi de izleyicilerden yo\u011fun ilgi g\u00f6rd\u00fc. Ayr\u0131ca, Manisa B\u00fcy\u00fck\u015fehir Belediyesi\u2019nin ikram arac\u0131yla vatanda\u015flara \u00e7ay ve kahve servisi yap\u0131ld\u0131.<\/p>\n<p>\u00a0<\/p>\n<p>Kaynak: (BYZHA) Beyaz Haber Ajans\u0131<\/p>\n","protected":false},"excerpt":{"rendered":"<p>Manisa B\u00fcy\u00fck\u015fehir Belediyesi, Ramazan ay\u0131n\u0131n birlik ve beraberlik ruhunu Akhisar\u2019da d\u00fczenlenen iftar sofras\u0131nda vatanda\u015flarla payla\u015ft\u0131.<\/p>\n","protected":false},"author":1,"featured_media":3334,"comment_status":"open","ping_status":"open","sticky":false,"template":"","format":"standard","meta":{"footnotes":""},"categories":[20],"tags":[],"class_list":["post-3333","post","type-post","status-publish","format-standard","has-post-thumbnail","hentry","category-kultur-sanat"],"_links":{"self":[{"href":"https:\/\/busondakika.com.tr\/index.php?rest_route=\/wp\/v2\/posts\/3333","targetHints":{"allow":["GET"]}}],"collection":[{"href":"https:\/\/busondakika.com.tr\/index.php?rest_route=\/wp\/v2\/posts"}],"about":[{"href":"https:\/\/busondakika.com.tr\/index.php?rest_route=\/wp\/v2\/types\/post"}],"author":[{"embeddable":true,"href":"https:\/\/busondakika.com.tr\/index.php?rest_route=\/wp\/v2\/users\/1"}],"replies":[{"embeddable":true,"href":"https:\/\/busondakika.com.tr\/index.php?rest_route=%2Fwp%2Fv2%2Fcomments&post=3333"}],"version-history":[{"count":1,"href":"https:\/\/busondakika.com.tr\/index.php?rest_route=\/wp\/v2\/posts\/3333\/revisions"}],"predecessor-version":[{"id":3335,"href":"https:\/\/busondakika.com.tr\/index.php?rest_route=\/wp\/v2\/posts\/3333\/revisions\/3335"}],"wp:featuredmedia":[{"embeddable":true,"href":"https:\/\/busondakika.com.tr\/index.php?rest_route=\/wp\/v2\/media\/3334"}],"wp:attachment":[{"href":"https:\/\/busondakika.com.tr\/index.php?rest_route=%2Fwp%2Fv2%2Fmedia&parent=3333"}],"wp:term":[{"taxonomy":"category","embeddable":true,"href":"https:\/\/busondakika.com.tr\/index.php?rest_route=%2Fwp%2Fv2%2Fcategories&post=3333"},{"taxonomy":"post_tag","embeddable":true,"href":"https:\/\/busondakika.com.tr\/index.php?rest_route=%2Fwp%2Fv2%2Ftags&post=3333"}],"curies":[{"name":"wp","href":"https:\/\/api.w.org\/{rel}","templated":true}]}}