{"id":3336,"date":"2026-03-14T01:01:08","date_gmt":"2026-03-14T01:01:08","guid":{"rendered":"https:\/\/busondakika.com.tr\/?p=3336"},"modified":"2026-03-14T01:01:09","modified_gmt":"2026-03-14T01:01:09","slug":"mustafa-karatas-soylesisi-zeytinburnu-kultur-sanatta-gerceklesti","status":"publish","type":"post","link":"https:\/\/busondakika.com.tr\/?p=3336","title":{"rendered":"Mustafa Karata\u015f S\u00f6yle\u015fisi, Zeytinburnu K\u00fclt\u00fcr Sanat\u2019ta Ger\u00e7ekle\u015fti"},"content":{"rendered":"\n<p style=\"margin-bottom:11px\"><span style=\"font-size:11pt\"><span style=\"line-height:107%\"><span style=\"font-family:Aptos,sans-serif\"><b>Ramazan co\u015fkusu Zeytinburnu K\u00fclt\u00fcr Sanat\u2019ta ya\u015fanmaya devam ediyor. S\u00f6yle\u015filer, konserler ve \u00e7ocuklar i\u00e7in haz\u0131rlanan \u00f6zel etkinliklerle Ramazan atmosferi Zeytinburnu\u2019nda hissediliyor. 7 Mart Cumartesi ak\u015fam\u0131 saat 21.30\u2019da Mustafa Karata\u015f, Zeytinburnu\u2019nda Ramazan iklimini yans\u0131tan bir sohbet ger\u00e7ekle\u015ftirdi. <\/b><\/span><\/span><\/span><\/p>\n<p style=\"margin-bottom:11px\"><span style=\"font-size:11pt\"><span style=\"line-height:107%\"><span style=\"font-family:Aptos,sans-serif\">Mustafa Karata\u015f, Ramazan etkinlikleri kapsam\u0131nda Zeytinburnu K\u00fclt\u00fcr Sanat\u2019\u0131n konu\u011fu oldu. 7 Mart Cumartesi ak\u015fam\u0131 saat 21.30\u2019da ger\u00e7ekle\u015ftirilen s\u00f6yle\u015fi \u00f6ncesinde Zeytinburnu Belediye Ba\u015fkan\u0131 \u00d6mer Ar\u0131soy bir selamlama konu\u015fmas\u0131 yapt\u0131. S\u00f6yle\u015fi, Zeytinburnu halk\u0131 taraf\u0131ndan yo\u011fun ilgi g\u00f6rd\u00fc. <\/span><\/span><\/span><\/p>\n<p style=\"margin-bottom:11px\"><span style=\"font-size:11pt\"><span style=\"line-height:107%\"><span style=\"font-family:Aptos,sans-serif\"><b>\u201cNefsi temizledi\u011fimiz zaman ruh, bizi melekle\u015ftirir.\u201d<\/b><\/span><\/span><\/span><\/p>\n<p style=\"margin-bottom:11px\"><span style=\"font-size:11pt\"><span style=\"line-height:107%\"><span style=\"font-family:Aptos,sans-serif\">Mustafa Karata\u015f; orucun ve nefsi temizlemenin \u00f6nemine vurgu yapt\u0131:<\/span><\/span><\/span><\/p>\n<p style=\"margin-bottom:11px\"><span style=\"font-size:11pt\"><span style=\"line-height:107%\"><span style=\"font-family:Aptos,sans-serif\">\u201cRuh iyiyi, g\u00fczeli sever. Nefsi temizledi\u011fimiz zaman ruh bizi melekle\u015ftirir. Nefsi kirletti\u011fimi zaman ruhu kirletiriz, bizi \u015feytanla\u015ft\u0131r\u0131r. Ve bizi g\u00fcnahtan g\u00fcnaha s\u00fcr\u00fckler. Ruhun terbiyesi de nefs terbiyesi gibi g\u0131da almakla m\u00fcmk\u00fcnd\u00fcr. Oru\u00e7, namaz, zikir, tefekk\u00fcr ruhu terbiye eder. Ruhun en \u00e7ok dinlendi\u011fi, rahat oldu\u011fu zaman bedenin bask\u0131s\u0131ndan kurtuldu\u011fu zamand\u0131r. Oru\u00e7lu oldu\u011fumuz zamanlarda ve sabaha kar\u015f\u0131 v\u00fccudun dinlendi\u011fi zamanlarda ruhun hareket kabiliyeti artar.\u201d\u00a0 <\/span><\/span><\/span><\/p>\n<p style=\"margin-bottom:11px\"><span style=\"font-size:11pt\"><span style=\"line-height:107%\"><span style=\"font-family:Aptos,sans-serif\"><b>\u201cRuh, zamana s\u0131\u011fmaz.\u201d<\/b><\/span><\/span><\/span><\/p>\n<p style=\"margin-bottom:11px\"><span style=\"font-size:11pt\"><span style=\"line-height:107%\"><span style=\"font-family:Aptos,sans-serif\">Mustafa Karata\u015f, ruh ve zaman kavramlar\u0131na dair baz\u0131 yorumlarda bulundu:<\/span><\/span><\/span><\/p>\n<p style=\"margin-bottom:11px\"><span style=\"font-size:11pt\"><span style=\"line-height:107%\"><span style=\"font-family:Aptos,sans-serif\">\u201cAllah i\u00e7in b\u00fct\u00fcn zamanlar \u015fimdiki bir nokta oldu\u011funa g\u00f6re Allah taraf\u0131ndan g\u00f6nderilen ruh i\u00e7in de zaman s\u00f6z konusu de\u011fildir. Ruh, zaman s\u0131\u011fmaz. R\u00fcya bunun ispat\u0131d\u0131r. \u0130nsan ruhu ispat etti\u011finde ahireti ispat eder. Zaman\u0131 \u00e7\u00f6zd\u00fc\u011f\u00fcnde Allah\u2019\u0131n varl\u0131\u011f\u0131n\u0131 ispatlam\u0131\u015f olur. Ama hen\u00fcz b\u00f6yle bir g\u00fc\u00e7 yok. Bu da imtihan gere\u011fidir. Her \u015fey ayan beyan ortaya konsa, cennet cehennem bize g\u00f6sterilse imtihan\u0131n bir anlam\u0131 kalmaz. Gayba inanmam\u0131z Allah kat\u0131nda de\u011ferlidir.\u201d<\/span><\/span><\/span><\/p>\n<p style=\"margin-bottom:11px\">\u00a0<\/p>\n<p style=\"margin-bottom:11px\">\u00a0<\/p>\n<p>Kaynak: (BYZHA) Beyaz Haber Ajans\u0131<\/p>\n","protected":false},"excerpt":{"rendered":"<p>Ramazan co\u015fkusu Zeytinburnu K\u00fclt\u00fcr Sanat\u2019ta ya\u015fanmaya devam ediyor.<\/p>\n","protected":false},"author":1,"featured_media":3337,"comment_status":"open","ping_status":"open","sticky":false,"template":"","format":"standard","meta":{"footnotes":""},"categories":[20],"tags":[],"class_list":["post-3336","post","type-post","status-publish","format-standard","has-post-thumbnail","hentry","category-kultur-sanat"],"_links":{"self":[{"href":"https:\/\/busondakika.com.tr\/index.php?rest_route=\/wp\/v2\/posts\/3336","targetHints":{"allow":["GET"]}}],"collection":[{"href":"https:\/\/busondakika.com.tr\/index.php?rest_route=\/wp\/v2\/posts"}],"about":[{"href":"https:\/\/busondakika.com.tr\/index.php?rest_route=\/wp\/v2\/types\/post"}],"author":[{"embeddable":true,"href":"https:\/\/busondakika.com.tr\/index.php?rest_route=\/wp\/v2\/users\/1"}],"replies":[{"embeddable":true,"href":"https:\/\/busondakika.com.tr\/index.php?rest_route=%2Fwp%2Fv2%2Fcomments&post=3336"}],"version-history":[{"count":1,"href":"https:\/\/busondakika.com.tr\/index.php?rest_route=\/wp\/v2\/posts\/3336\/revisions"}],"predecessor-version":[{"id":3338,"href":"https:\/\/busondakika.com.tr\/index.php?rest_route=\/wp\/v2\/posts\/3336\/revisions\/3338"}],"wp:featuredmedia":[{"embeddable":true,"href":"https:\/\/busondakika.com.tr\/index.php?rest_route=\/wp\/v2\/media\/3337"}],"wp:attachment":[{"href":"https:\/\/busondakika.com.tr\/index.php?rest_route=%2Fwp%2Fv2%2Fmedia&parent=3336"}],"wp:term":[{"taxonomy":"category","embeddable":true,"href":"https:\/\/busondakika.com.tr\/index.php?rest_route=%2Fwp%2Fv2%2Fcategories&post=3336"},{"taxonomy":"post_tag","embeddable":true,"href":"https:\/\/busondakika.com.tr\/index.php?rest_route=%2Fwp%2Fv2%2Ftags&post=3336"}],"curies":[{"name":"wp","href":"https:\/\/api.w.org\/{rel}","templated":true}]}}