{"id":3339,"date":"2026-03-14T01:01:10","date_gmt":"2026-03-14T01:01:10","guid":{"rendered":"https:\/\/busondakika.com.tr\/?p=3339"},"modified":"2026-03-14T01:01:10","modified_gmt":"2026-03-14T01:01:10","slug":"4-yasindan-beri-istiklal-marsini-ezbere-okuyor","status":"publish","type":"post","link":"https:\/\/busondakika.com.tr\/?p=3339","title":{"rendered":"4 ya\u015f\u0131ndan beri \u0130stiklal Mar\u015f\u0131\u2019n\u0131 ezbere okuyor"},"content":{"rendered":"<p> \u0130stiklal Mar\u015f\u0131\u2019n\u0131n kabul\u00fcn\u00fcn 105. y\u0131l\u0131nda, \u0130zmir B\u00fcy\u00fck\u015fehir Belediye Ba\u015fkan\u0131 Dr. Cemil Tugay, 4 ya\u015f\u0131ndan beri 10 k\u0131tas\u0131n\u0131 ezbere okuyan 7 ya\u015f\u0131ndaki Meryem Esila \u015een ve ailesini makam\u0131nda a\u011f\u0131rlad\u0131. Minik \u015een\u2019le keyifli bir sohbet ger\u00e7ekle\u015firken, Ba\u015fkan Tugay hediyeler de takdim etti.<\/p>\n<p>\u0130zmir B\u00fcy\u00fck\u015fehir Belediye Ba\u015fkan\u0131 Dr. Cemil Tugay, \u0130stiklal Mar\u015f\u0131\u2019n\u0131n 12 Mart 1921\u2019de T\u00fcrkiye B\u00fcy\u00fck Millet Meclisi (TBMM) taraf\u0131ndan kabul\u00fcn\u00fcn 105. y\u0131l\u0131nda anlaml\u0131 bir bulu\u015fmaya ev sahipli\u011fi yapt\u0131. \u0130zmir Sanat\u2019taki makam\u0131nda, 4 ya\u015f\u0131ndan itibaren \u0130stiklal Mar\u015f\u0131\u2019n\u0131n 10 k\u0131tas\u0131n\u0131 ezbere okuyan 7 ya\u015f\u0131ndaki \u00f6\u011frenci Meryem Esila \u015een ve ailesini a\u011f\u0131rlayan Ba\u015fkan Tugay, ziyaretten duydu\u011fu mutlulu\u011fu dile getirdi. Bulu\u015fmada, Ba\u015fkan Tugay\u2019a sosyal medya \u00fczerinden ula\u015fan anne Ay\u015fe \u015een ve baba \u0130smail \u015een de e\u015flik etti. Ye\u015filyurt Agah Efendi \u0130lkokulu birinci s\u0131n\u0131f \u00f6\u011frencisi Esila ile sohbet eden Ba\u015fkan Tugay, minik \u00f6\u011frenciye hediyeler de takdim etti.<\/p>\n<p><strong>Keyifli sohbet<\/strong><\/p>\n<p>Ziyarette, \u0130stiklal Mar\u015f\u0131\u2019n\u0131n 10 k\u0131tas\u0131n\u0131 ezbere okuyan minik Meryem Esila \u015een\u2019i tebrik eden Ba\u015fkan Tugay, \u201cOkulla aran nas\u0131l? B\u00fcy\u00fcy\u00fcnce ne olmak istiyorsun?\u201d sorular\u0131n\u0131 y\u00f6neltti. \u015een, okulu, okumay\u0131 ve arkada\u015flar\u0131n\u0131 \u00e7ok sevdi\u011fini, b\u00fcy\u00fcy\u00fcnce hakim olmak istedi\u011fini s\u00f6yledi. Tugay, \u201cZor bir i\u015f, adaletli olmak gerekiyor. Su\u00e7lulara ceza m\u0131 vermek istiyorsun?\u201d diye sorunca \u015een \u201cEvet\u201d cevab\u0131n\u0131 verdi. Tugay da g\u00fclerek, \u201cBiz de onlara \u00e7ok k\u0131z\u0131yoruz\u201d dedi.<\/p>\n<p><strong>Minik \u015een\u2019e hediyeler ve s\u00fcrpriz u\u011furlama<\/strong><\/p>\n<p>Ziyaretin sonunda \u015een\u2019e kitap seti, yap-boz ve kulakl\u0131k hediye edildi. Ba\u015fkan Tugay, T\u00fcrk Bayra\u011f\u0131\u2019n\u0131n yer ald\u0131\u011f\u0131 mini sancak da takdim etti. Aileyi kap\u0131ya kadar u\u011furlayan Tugay, \u015een\u2019e \u201cSenin benden bir iste\u011fin var m\u0131?\u201d diye sordu. Anne ve baba \u015een\u2019e de, \u201cOkullar\u0131n ihtiya\u00e7lar\u0131yla ilgileniyoruz. Bir ihtiyac\u0131n\u0131z olursa bize s\u00f6yleyin\u201d dedi. Ba\u015fkan Tugay, minik \u015een\u2019i \u201cArkada\u015flar\u0131na ba\u015fkan amca bir g\u00fcn bize ziyarete gelecek diye s\u00f6yle. Mutlaka gelirim\u201d s\u00f6zleriyle u\u011furlad\u0131.<\/p>\n<p>\u00a0<\/p>\n<p>Kaynak: (BYZHA) Beyaz Haber Ajans\u0131<\/p>\n","protected":false},"excerpt":{"rendered":"<p>\u0130stiklal Mar\u015f\u0131\u2019n\u0131n kabul\u00fcn\u00fcn 105.<\/p>\n","protected":false},"author":1,"featured_media":3340,"comment_status":"open","ping_status":"open","sticky":false,"template":"","format":"standard","meta":{"footnotes":""},"categories":[20],"tags":[],"class_list":["post-3339","post","type-post","status-publish","format-standard","has-post-thumbnail","hentry","category-kultur-sanat"],"_links":{"self":[{"href":"https:\/\/busondakika.com.tr\/index.php?rest_route=\/wp\/v2\/posts\/3339","targetHints":{"allow":["GET"]}}],"collection":[{"href":"https:\/\/busondakika.com.tr\/index.php?rest_route=\/wp\/v2\/posts"}],"about":[{"href":"https:\/\/busondakika.com.tr\/index.php?rest_route=\/wp\/v2\/types\/post"}],"author":[{"embeddable":true,"href":"https:\/\/busondakika.com.tr\/index.php?rest_route=\/wp\/v2\/users\/1"}],"replies":[{"embeddable":true,"href":"https:\/\/busondakika.com.tr\/index.php?rest_route=%2Fwp%2Fv2%2Fcomments&post=3339"}],"version-history":[{"count":1,"href":"https:\/\/busondakika.com.tr\/index.php?rest_route=\/wp\/v2\/posts\/3339\/revisions"}],"predecessor-version":[{"id":3341,"href":"https:\/\/busondakika.com.tr\/index.php?rest_route=\/wp\/v2\/posts\/3339\/revisions\/3341"}],"wp:featuredmedia":[{"embeddable":true,"href":"https:\/\/busondakika.com.tr\/index.php?rest_route=\/wp\/v2\/media\/3340"}],"wp:attachment":[{"href":"https:\/\/busondakika.com.tr\/index.php?rest_route=%2Fwp%2Fv2%2Fmedia&parent=3339"}],"wp:term":[{"taxonomy":"category","embeddable":true,"href":"https:\/\/busondakika.com.tr\/index.php?rest_route=%2Fwp%2Fv2%2Fcategories&post=3339"},{"taxonomy":"post_tag","embeddable":true,"href":"https:\/\/busondakika.com.tr\/index.php?rest_route=%2Fwp%2Fv2%2Ftags&post=3339"}],"curies":[{"name":"wp","href":"https:\/\/api.w.org\/{rel}","templated":true}]}}