{"id":3342,"date":"2026-03-14T01:01:11","date_gmt":"2026-03-14T01:01:11","guid":{"rendered":"https:\/\/busondakika.com.tr\/?p=3342"},"modified":"2026-03-14T01:01:12","modified_gmt":"2026-03-14T01:01:12","slug":"istiklal-marsinin-kabulu-torenle-kutlandi","status":"publish","type":"post","link":"https:\/\/busondakika.com.tr\/?p=3342","title":{"rendered":"\u0130stiklal Mar\u015f\u0131\u2019n\u0131n kabul\u00fc t\u00f6renle kutland\u0131"},"content":{"rendered":"<p> Kemer\u2019de \u0130stiklal Mar\u015f\u0131&#8217;n\u0131n Kabul\u00fcn\u00fcn 105. y\u0131l d\u00f6n\u00fcm\u00fc ve Mehmet Akif Ersoy&#8217;u Anma\u201d program\u0131 d\u00fczenlendi. Programda, Milli \u015eair Mehmet Akif Ersoy ve Milli M\u00fccadele&#8217;nin t\u00fcm kahramanlar\u0131 an\u0131ld\u0131.<\/p>\n<p>Kemer Kaymakaml\u0131\u011f\u0131 himayesinde, Kemer Belediyesi ve Kemer \u0130l\u00e7e Milli E\u011fitim M\u00fcd\u00fcrl\u00fc\u011f\u00fc&#8217;n\u00fcn destekleriyle Rukiye Ko\u00e7 Ortaokulu taraf\u0131ndan d\u00fczenlenen 12 Mart \u0130stiklal Mar\u015f\u0131&#8217;n\u0131n Kabul\u00fcn\u00fcn 105. y\u0131l d\u00f6n\u00fcm\u00fc ve Mehmet Akif Ersoy&#8217;u Anma program\u0131na, Kemer Kaymakam\u0131 Ahmet Solmaz, Kemer Belediye Ba\u015fkan Vekili Mustafa \u00c7elik, Kemer Cumhuriyet Ba\u015fsavc\u0131 Vekili Serhat \u00c7aylak, Kemer Jandarma Komutan\u0131 \u00d6mer Seyhan, Kemer Belediye Ba\u015fkan Yard\u0131mc\u0131s\u0131 Mehmet Derya Baytekin, Kemer Belediye Meclis \u00dcyesi Mehmet Ak\u0131n, Kemer \u0130l\u00e7e Milli E\u011fitim M\u00fcd\u00fcr\u00fc Mehmet Erkan Ergen, siyasi parti temsilcileri, muhtarlar, \u00f6\u011fretmen ve \u00f6\u011frenciler kat\u0131ld\u0131.<\/p>\n<p>Sayg\u0131 duru\u015funda bulunulmas\u0131n\u0131n ard\u0131ndan \u0130stiklal Mar\u015f\u0131\u2019n\u0131n okunmas\u0131yla ba\u015flayan program, \u0130stiklal Mar\u015f\u0131\u2019n\u0131n kabul\u00fcn\u00fc anlatan sinevizyon g\u00f6sterisiyle devam etti.\u00a0<\/p>\n<p>Rukiye Ko\u00e7 Ortaokulu M\u00fcd\u00fcr\u00fc Mert Demir\u2019in g\u00fcn\u00fcn anlam ve \u00f6nemini belirten bir konu\u015fma yapt\u0131\u011f\u0131 programda, \u00f6\u011frenciler \u015fiir ve denemeler okudu.\u00a0<\/p>\n<p>Programda, \u00f6\u011frencilerin \u00f6\u011fretmenleri e\u015fli\u011finde haz\u0131rlad\u0131\u011f\u0131 oratoryo g\u00f6sterisi, davetliler taraf\u0131ndan b\u00fcy\u00fck alk\u0131\u015f toplad\u0131.\u00a0<\/p>\n<p>Korkma! Gen\u00e7li\u011fin Ruhu Burada\u201d konulu kompozisyon yar\u0131\u015fmas\u0131nda dereceye giren \u00f6\u011frencilere \u00f6d\u00fclleri verildi. \u00d6\u011frencilerin \u00f6d\u00fcllerini, Kemer Kaymakam\u0131 Ahmet Solmaz, Kemer Belediye Ba\u015fkan Vekili Mustafa \u00c7elik ve Kemer Cumhuriyet Ba\u015fsavc\u0131 Vekili Serhat \u00c7aylak verdi.\u00a0<\/p>\n<p>Program sonras\u0131 protokol \u00fcyeleri, \u00f6\u011fretmen ve \u00f6\u011frencilerle hat\u0131ra foto\u011fraf\u0131 \u00e7ektirdi.\u00a0<\/p>\n<p>\u00a0<\/p>\n<p>\u00a0<\/p>\n<p>Kaynak: (BYZHA) Beyaz Haber Ajans\u0131<\/p>\n","protected":false},"excerpt":{"rendered":"<p>Kemer\u2019de \u0130stiklal Mar\u015f\u0131&#8217;n\u0131n Kabul\u00fcn\u00fcn 105.<\/p>\n","protected":false},"author":1,"featured_media":3343,"comment_status":"open","ping_status":"open","sticky":false,"template":"","format":"standard","meta":{"footnotes":""},"categories":[20],"tags":[],"class_list":["post-3342","post","type-post","status-publish","format-standard","has-post-thumbnail","hentry","category-kultur-sanat"],"_links":{"self":[{"href":"https:\/\/busondakika.com.tr\/index.php?rest_route=\/wp\/v2\/posts\/3342","targetHints":{"allow":["GET"]}}],"collection":[{"href":"https:\/\/busondakika.com.tr\/index.php?rest_route=\/wp\/v2\/posts"}],"about":[{"href":"https:\/\/busondakika.com.tr\/index.php?rest_route=\/wp\/v2\/types\/post"}],"author":[{"embeddable":true,"href":"https:\/\/busondakika.com.tr\/index.php?rest_route=\/wp\/v2\/users\/1"}],"replies":[{"embeddable":true,"href":"https:\/\/busondakika.com.tr\/index.php?rest_route=%2Fwp%2Fv2%2Fcomments&post=3342"}],"version-history":[{"count":1,"href":"https:\/\/busondakika.com.tr\/index.php?rest_route=\/wp\/v2\/posts\/3342\/revisions"}],"predecessor-version":[{"id":3344,"href":"https:\/\/busondakika.com.tr\/index.php?rest_route=\/wp\/v2\/posts\/3342\/revisions\/3344"}],"wp:featuredmedia":[{"embeddable":true,"href":"https:\/\/busondakika.com.tr\/index.php?rest_route=\/wp\/v2\/media\/3343"}],"wp:attachment":[{"href":"https:\/\/busondakika.com.tr\/index.php?rest_route=%2Fwp%2Fv2%2Fmedia&parent=3342"}],"wp:term":[{"taxonomy":"category","embeddable":true,"href":"https:\/\/busondakika.com.tr\/index.php?rest_route=%2Fwp%2Fv2%2Fcategories&post=3342"},{"taxonomy":"post_tag","embeddable":true,"href":"https:\/\/busondakika.com.tr\/index.php?rest_route=%2Fwp%2Fv2%2Ftags&post=3342"}],"curies":[{"name":"wp","href":"https:\/\/api.w.org\/{rel}","templated":true}]}}