{"id":3381,"date":"2026-03-14T01:01:34","date_gmt":"2026-03-14T01:01:34","guid":{"rendered":"https:\/\/busondakika.com.tr\/?p=3381"},"modified":"2026-03-14T01:01:35","modified_gmt":"2026-03-14T01:01:35","slug":"eczacilik-ile-yarim-asirlik-sifa-yolculugu","status":"publish","type":"post","link":"https:\/\/busondakika.com.tr\/?p=3381","title":{"rendered":"Eczac\u0131l\u0131k ile yar\u0131m as\u0131rl\u0131k \u015fifa yolculu\u011fu"},"content":{"rendered":"\n<p align=\"left\">Unutulmaya y\u00fcz tutmu\u015f el sanatlar\u0131n\u0131n ustalar\u0131 ile mesleklerinde yar\u0131m asr\u0131 devirmi\u015f ki\u015filerin hayatlar\u0131 kent haf\u0131zas\u0131n\u0131 gelecek ku\u015faklara aktarmak amac\u0131yla \u0130znik Belediyesi Bas\u0131n Yay\u0131n ve Halkla \u0130li\u015fkiler M\u00fcd\u00fcrl\u00fc\u011f\u00fc\u2019n\u00fcn \u201cYa\u015fayan \u0130znik Hazineleri\u201d projesi kapsam\u0131nda belgeselle\u015ftirilmeye devam ediyor. Bu kapsamda son olarak elli d\u00f6rt y\u0131l Eczac\u0131l\u0131k yapan \u0130smail Y\u00fccel\u2019in (84) hayat\u0131 ele al\u0131nd\u0131.<\/p>\n<p align=\"left\">1942 y\u0131l\u0131nda \u0130znik\u2019te d\u00fcnyaya gelen \u0130smail Y\u00fccel \u0130lkokulu \u0130znik\u2019te Ortaokulu ise Osmangazi Ortaokulunda okuduktan sonra Bursa Lisesi\u2019nde e\u011fitimine devam eder. Lise son s\u0131n\u0131fta babas\u0131n\u0131 kaybettikten sonra Vak\u0131flar Yurdunda e\u011fitimini devam ettiren Y\u00fccel, 1960 y\u0131l\u0131nda \u0130stanbul \u00dcniversitesi Eczac\u0131l\u0131k Fak\u00fcltesi\u2019ne ba\u015flar. 4 y\u0131l buradaki \u00fcniversite e\u011fitimini tamamlad\u0131ktan sonra\u00a01964-1965\u00a0y\u0131llar\u0131nda askerlik g\u00f6revini tamamlar. Hemen ard\u0131ndan 1967 y\u0131l\u0131nda \u0130znik\u2019in d\u00f6rd\u00fcnc\u00fc eczanesi olan Y\u00fccel Eczanesini a\u00e7arak 54 y\u0131l devam ettirir ve 2021 y\u0131l\u0131nda devrederek mesle\u011fi b\u0131rak\u0131r. Y\u00fccel i\u015f hayat\u0131 boyunca \u0130znikspor Kul\u00fcb\u00fc Ba\u015fkanl\u0131\u011f\u0131 g\u00f6revi ile bir\u00e7ok alanda \u0130znik\u2019e hizmet etmi\u015f ve bu s\u00fcre i\u00e7erisinde neredeyse her y\u0131l il\u00e7ede vergi rekortmeni olmu\u015ftur. T\u00fcm bu hayat\u0131 ile \u0130znik\u2019teki an\u0131lar\u0131n\u0131 anlatt\u0131\u011f\u0131 \u2018Ya\u015fayan \u0130znik Hazineleri\u2019 43.b\u00f6l\u00fcm\u00fc \u0130znik Belediyesi taraf\u0131ndan yay\u0131nland\u0131.<\/p>\n<p align=\"left\"><b>\u0130znik\u2019in Ya\u015fayan Hazineleri<\/b><\/p>\n<p align=\"left\">\u0130znik Belediyesi Bas\u0131n Yay\u0131n ve Halkla \u0130li\u015fkiler M\u00fcd\u00fcrl\u00fc\u011f\u00fc\u2019n\u00fcn hayata ge\u00e7irdi\u011fi \u201cYa\u015fayan \u0130znik Hazineleri\u201d belgesellerinin ilki 75 y\u0131ll\u0131k f\u0131\u00e7\u0131 ustas\u0131 Merhum \u0130smail Alk\u0131\u015f ile ger\u00e7ekle\u015ftirildi. \u0130kinci belgesel ise \u0130znik\u2019e ba\u011fl\u0131 \u0130nikli Mahallesi\u2019nde ikamet eden 20 y\u0131ld\u0131r bastonculuk ile u\u011fra\u015fan \u015e\u00fckr\u00fc Kaya ile ger\u00e7ekle\u015ftirildi. \u00dc\u00e7\u00fcnc\u00fc belgesel d\u00fcnyaca \u00fcnl\u00fc M\u00fc\u015fk\u00fcle \u0130\u011fne Oyalar\u0131 ile d\u00f6rd\u00fcnc\u00fc belgesel 62 y\u0131ld\u0131r k\u00fcfe sanat\u0131 ile u\u011fra\u015fan Hakk\u0131 Ate\u015f (76) ile be\u015finci belgesel 63 y\u0131ld\u0131r terzilik sanat\u0131n\u0131 icra eden \u0130smet Acar (75)\u00a0 alt\u0131nc\u0131 belgesel \u0130znik\u2019e ba\u011fl\u0131 Tacir Mahallesi\u2019nde 50 y\u0131ld\u0131r S\u0131cak Demir Ustal\u0131\u011f\u0131 yapan Necip Sara\u00e7 (62) ile yedinci belgesel 55 y\u0131ld\u0131r Yorgan Ustal\u0131\u011f\u0131 yapan Ali Topkara (68) ile sekizinci belgesel 55 y\u0131ld\u0131r Radyo ve Televizyon Ustal\u0131\u011f\u0131 yapan Ekrem Sevim ile dokuzuncu belgesel \u00c7\u00f6mlek Ustas\u0131 Hasan Yaman (55)\u00a0 ile onuncu belgesel Saat Ustas\u0131 Ramis Asa (72) ile on birinci belgesel 70 y\u0131ld\u0131r Y\u00fcnc\u00fcl\u00fck mesle\u011fi ile u\u011fra\u015fan S\u00fcleyman Ferik (84) ile on ikinci belgesel 50 y\u0131ld\u0131r soba ustas\u0131 olan Mehmet Top\u00e7u (72) ile, on \u00fc\u00e7\u00fcnc\u00fc belgesel Ah\u015fap Ustas\u0131 Servet Ba\u011fc\u0131 (63) ile on d\u00f6rd\u00fcnc\u00fc belgesel yar\u0131m as\u0131rl\u0131k Bisiklet Tamir Ustas\u0131 Ahmet A\u015f\u0131k (65) ile on be\u015finci belgesel yar\u0131m as\u0131rl\u0131k terzi ustas\u0131 Ahmet Turhan (68) ile on alt\u0131nc\u0131 belgesel yar\u0131m as\u0131rl\u0131k matbaa ustas\u0131 Ramiz Pancar (75) ile on yedinci belgeseli \u0130znikspor\u2019un efsane futbolcusu Kaptan \u0130smail Hakk\u0131 \u00c7elik (69) ile on sekizinci belgeseli yar\u0131m as\u0131rl\u0131k elektrik ustas\u0131 Mehmet Potur (72) ile on dokuzuncu belgesel yar\u0131m as\u0131rl\u0131k ta\u015f ustas\u0131 Mehmet Arslan (76) ile yirminci belgesel ise otuz sekiz y\u0131ld\u0131r anahtarc\u0131l\u0131k ve \u00e7ilingircilik yapan Kadir Karda\u015f (64) ile yirmi birinci belgesel k\u0131rk \u00fc\u00e7 y\u0131ld\u0131r motor ustal\u0131\u011f\u0131 yapan Recep Aksu (65) ile yirmi ikinci belgesel, elli yedi y\u0131ld\u0131r berberlik yapan Recep Alt\u0131n (69) ile yirmi \u00fc\u00e7\u00fcnc\u00fc belgesel elli iki y\u0131ld\u0131r zirai aletler ustal\u0131\u011f\u0131 yapan Cemalettin De\u011firmenci (75) ile yirmi d\u00f6rd\u00fcnc\u00fc belgesel elli \u00fc\u00e7 y\u0131ld\u0131r ah\u015fap ustal\u0131\u011f\u0131 yapan \u0130smail G\u00fcne\u015f (78) yirmi be\u015finci belgesel yar\u0131m as\u0131rd\u0131r esnafl\u0131k yapan Kemal Yazan (85) ile yirmi alt\u0131nc\u0131 belgesel yar\u0131m as\u0131rd\u0131r trakt\u00f6r ustal\u0131\u011f\u0131 yapan Mehmet Eren (65) ile yirmi yedinci belgesel k\u0131rk bir y\u0131ld\u0131r seyyar ve normal bakkalc\u0131l\u0131k yapan Nurettin Di\u015fli (58) ile yirmi sekizinci belgesel Derbent Dokuma Ustas\u0131 Hasibe \u00c7i\u00e7ek (61) ile yirmi dokuzuncu belgesel Batum G\u00f6\u00e7meni Osman Nuri Burhan (94) ile otuzuncu belgesel \u015eair Nazif Sabanc\u0131 ile otuz birinci belgesel Ressam Erdo\u011fan Solmaz ile (88) otuz ikinci belgesel gen\u00e7 kemen\u00e7e ustas\u0131 Ali \u00d6zt\u00fcrk ile otuz \u00fc\u00e7\u00fcnc\u00fc belgesel sanat\u00e7\u0131 H\u00fcseyin Acarol ile otuz d\u00f6rd\u00fcnc\u00fc belgesel Mahmut Usta (82) ve Kamil \u00d6zbek (78) ile otuz be\u015finci belgesel m\u00fczisyen Faik Do\u011fan (69) ile otuz alt\u0131nc\u0131 belgesel Marangoz Abdullah \u00c7olak (76) ile otuz yedinci belgesel A\u015f\u0131k Fevzi Olgun (78) ile otuz sekizinci belgesel Emekli \u00d6\u011fretmen ve M\u00fczisyen Orhan Hekimo\u011flu (81) ile otuz dokuzuncu belgesel k\u0131rk \u00fc\u00e7 senelik \u00e7ay bah\u00e7esi i\u015fletmecisi Murat S\u00fcr\u00fck (66) ile k\u0131rk\u0131nc\u0131 belgesel Esnaf Kemal Kumcu (72) ile k\u0131rk birinci belgesel E\u011fitimci Mustafa \u00d6zen ile k\u0131rk ikinci belgesel Ayakkab\u0131 Tamircisi (56) Fahrettin Y\u0131lmaz ile k\u0131rk \u00fc\u00e7\u00fcnc\u00fc belgesel ise elli d\u00f6rt y\u0131l Eczac\u0131l\u0131k yapan \u0130smail Y\u00fccel (84) ile ger\u00e7ekle\u015ftirildi.<\/p>\n<p align=\"left\">Ya\u015fayan \u0130znik Hazineleri projesi \u00f6n\u00fcm\u00fczdeki s\u00fcre\u00e7te de ustalar\u0131 ekranlara yans\u0131tmaya devam edecek.<\/p>\n<p align=\"left\">\u00a0<\/p>\n<p align=\"left\">\u00a0<\/p>\n<p>Kaynak: (BYZHA) Beyaz Haber Ajans\u0131<\/p>\n","protected":false},"excerpt":{"rendered":"<p>Unutulmaya y\u00fcz tutmu\u015f el sanatlar\u0131n\u0131n ustalar\u0131 ile mesleklerinde yar\u0131m asr\u0131 devirmi\u015f ki\u015filerin hayatlar\u0131 kent haf\u0131zas\u0131n\u0131 gelecek ku\u015faklara aktarmak amac\u0131yla \u0130znik Belediyesi Bas\u0131n Yay\u0131n ve Halkla \u0130li\u015fkiler M\u00fcd\u00fcrl\u00fc\u011f\u00fc\u2019n\u00fcn \u201cYa\u015fayan \u0130znik Hazineleri\u201d projesi kapsam\u0131nda belgeselle\u015ftirilmeye devam ediyor.<\/p>\n","protected":false},"author":1,"featured_media":3382,"comment_status":"open","ping_status":"open","sticky":false,"template":"","format":"standard","meta":{"footnotes":""},"categories":[23],"tags":[],"class_list":["post-3381","post","type-post","status-publish","format-standard","has-post-thumbnail","hentry","category-saglik"],"_links":{"self":[{"href":"https:\/\/busondakika.com.tr\/index.php?rest_route=\/wp\/v2\/posts\/3381","targetHints":{"allow":["GET"]}}],"collection":[{"href":"https:\/\/busondakika.com.tr\/index.php?rest_route=\/wp\/v2\/posts"}],"about":[{"href":"https:\/\/busondakika.com.tr\/index.php?rest_route=\/wp\/v2\/types\/post"}],"author":[{"embeddable":true,"href":"https:\/\/busondakika.com.tr\/index.php?rest_route=\/wp\/v2\/users\/1"}],"replies":[{"embeddable":true,"href":"https:\/\/busondakika.com.tr\/index.php?rest_route=%2Fwp%2Fv2%2Fcomments&post=3381"}],"version-history":[{"count":1,"href":"https:\/\/busondakika.com.tr\/index.php?rest_route=\/wp\/v2\/posts\/3381\/revisions"}],"predecessor-version":[{"id":3383,"href":"https:\/\/busondakika.com.tr\/index.php?rest_route=\/wp\/v2\/posts\/3381\/revisions\/3383"}],"wp:featuredmedia":[{"embeddable":true,"href":"https:\/\/busondakika.com.tr\/index.php?rest_route=\/wp\/v2\/media\/3382"}],"wp:attachment":[{"href":"https:\/\/busondakika.com.tr\/index.php?rest_route=%2Fwp%2Fv2%2Fmedia&parent=3381"}],"wp:term":[{"taxonomy":"category","embeddable":true,"href":"https:\/\/busondakika.com.tr\/index.php?rest_route=%2Fwp%2Fv2%2Fcategories&post=3381"},{"taxonomy":"post_tag","embeddable":true,"href":"https:\/\/busondakika.com.tr\/index.php?rest_route=%2Fwp%2Fv2%2Ftags&post=3381"}],"curies":[{"name":"wp","href":"https:\/\/api.w.org\/{rel}","templated":true}]}}