{"id":3390,"date":"2026-03-14T01:01:38","date_gmt":"2026-03-14T01:01:38","guid":{"rendered":"https:\/\/busondakika.com.tr\/?p=3390"},"modified":"2026-03-14T01:01:39","modified_gmt":"2026-03-14T01:01:39","slug":"baskan-altay-saglik-calisanlarimizin-14-mart-tip-bayramini-kutladi","status":"publish","type":"post","link":"https:\/\/busondakika.com.tr\/?p=3390","title":{"rendered":"Ba\u015fkan Altay Sa\u011fl\u0131k \u00c7al\u0131\u015fanlar\u0131m\u0131z\u0131n 14 Mart T\u0131p Bayram\u0131n\u0131 Kutlad\u0131"},"content":{"rendered":"\n<p data-asw-org-font-size=\"14\"><strong>Konya B\u00fcy\u00fck\u015fehir Belediye Ba\u015fkan\u0131 U\u011fur \u0130brahim Altay, 14 Mart T\u0131p Bayram\u0131 vesilesiyle yay\u0131mlad\u0131\u011f\u0131 mesaj\u0131nda, \u201cGecesini g\u00fcnd\u00fcz\u00fcne katan, toplum sa\u011fl\u0131\u011f\u0131n\u0131 her zaman \u00f6ncelik bilen k\u0131ymetli t\u00fcm t\u0131p \u00e7al\u0131\u015fanlar\u0131m\u0131za sonsuz te\u015fekk\u00fcrlerimi sunuyor, 14 Mart T\u0131p Bayram\u0131\u2019n\u0131z\u0131 en i\u00e7ten dileklerimle kutluyorum.\u201d dedi.<\/strong><\/p>\n<hr \/>\n<p data-asw-org-font-size=\"14\">Konya B\u00fcy\u00fck\u015fehir Belediye Ba\u015fkan\u0131 U\u011fur \u0130brahim Altay, 14 Mart T\u0131p Bayram\u0131 dolay\u0131s\u0131yla bir mesaj yay\u0131mlad\u0131.<\/p>\n<p data-asw-org-font-size=\"14\">Ba\u015fkan Altay\u2019\u0131n mesaj\u0131 \u015f\u00f6yle:<\/p>\n<p data-asw-org-font-size=\"14\">\u0130nsan hayat\u0131n\u0131n s\u00fcreklili\u011fi i\u00e7in en kritik alanlardan biri sa\u011fl\u0131kt\u0131r; bu alana yap\u0131lan her yat\u0131r\u0131m da bir milletin bekas\u0131 i\u00e7in vazge\u00e7ilmez bir g\u00fcvencedir.<\/p>\n<p data-asw-org-font-size=\"14\">Bu y\u00fczden, Cumhurba\u015fkan\u0131m\u0131z Say\u0131n Recep Tayyip Erdo\u011fan g\u00f6reve geldi\u011fi g\u00fcnden beri en hassas noktalardan biri olarak g\u00f6rd\u00fc\u011f\u00fc sa\u011fl\u0131k alan\u0131nda, \u015fehir hastaneleri gibi devrim niteli\u011findeki yat\u0131r\u0131mlar\u0131 b\u00fcy\u00fck bir vizyonla desteklemi\u015ftir. Bu s\u00fcre\u00e7te ise en zorlu y\u00fck\u00fc omuzlayan, her ko\u015fulda g\u00f6revini eksiksiz ifa etmek zorunda kalan kahramanlar\u0131m\u0131z ise sa\u011fl\u0131k \u00e7al\u0131\u015fanlar\u0131m\u0131zd\u0131r.<\/p>\n<p data-asw-org-font-size=\"14\">T\u00fcm t\u0131p mensuplar\u0131, afet anlar\u0131nda hayatlar\u0131n\u0131 ve ailelerini geride b\u0131rakarak fedak\u00e2rl\u0131kla n\u00f6bette durmu\u015f, \u00f6zverileriyle milletimize \u015fifa olmu\u015flard\u0131r. Deprem, sel, salg\u0131n gibi insanl\u0131\u011f\u0131 derinden sarsan her felakette dimdik ayakta kalm\u0131\u015f, tek bir can\u0131 kurtarabilme sevdas\u0131yla canla ba\u015fla \u00e7al\u0131\u015fm\u0131\u015flard\u0131r.<\/p>\n<p data-asw-org-font-size=\"14\">Bu vesile ile bu kutlu m\u00fccadelede g\u00f6revleri u\u011fruna can veren her bir t\u0131p neferimizi rahmet ve minnetle an\u0131yorum.<\/p>\n<p data-asw-org-font-size=\"14\">Sa\u011fl\u0131k \u00e7al\u0131\u015fanlar\u0131m\u0131za sonsuz te\u015fekk\u00fcrlerimi sunuyor, 14 Mart T\u0131p Bayram\u0131\u2019n\u0131z\u0131 en i\u00e7ten dileklerimle kutluyorum.<\/p>\n<p data-asw-org-font-size=\"14\">\u00a0<\/p>\n<p>Kaynak: (BYZHA) Beyaz Haber Ajans\u0131<\/p>\n","protected":false},"excerpt":{"rendered":"<p>Konya B\u00fcy\u00fck\u015fehir Belediye Ba\u015fkan\u0131 U\u011fur \u0130brahim Altay, 14 Mart T\u0131p Bayram\u0131 vesilesiyle yay\u0131mlad\u0131\u011f\u0131 mesaj\u0131nda, \u201cGecesini g\u00fcnd\u00fcz\u00fcne katan, toplum sa\u011fl\u0131\u011f\u0131n\u0131 her zaman \u00f6ncelik bilen k\u0131ymetli t\u00fcm t\u0131p \u00e7al\u0131\u015fanlar\u0131m\u0131za sonsuz te\u015fekk\u00fcrlerimi sunuyor, 14 Mart T\u0131p Bayram\u0131\u2019n\u0131z\u0131 en i\u00e7ten dileklerimle kutluyorum.<\/p>\n","protected":false},"author":1,"featured_media":3391,"comment_status":"open","ping_status":"open","sticky":false,"template":"","format":"standard","meta":{"footnotes":""},"categories":[23],"tags":[],"class_list":["post-3390","post","type-post","status-publish","format-standard","has-post-thumbnail","hentry","category-saglik"],"_links":{"self":[{"href":"https:\/\/busondakika.com.tr\/index.php?rest_route=\/wp\/v2\/posts\/3390","targetHints":{"allow":["GET"]}}],"collection":[{"href":"https:\/\/busondakika.com.tr\/index.php?rest_route=\/wp\/v2\/posts"}],"about":[{"href":"https:\/\/busondakika.com.tr\/index.php?rest_route=\/wp\/v2\/types\/post"}],"author":[{"embeddable":true,"href":"https:\/\/busondakika.com.tr\/index.php?rest_route=\/wp\/v2\/users\/1"}],"replies":[{"embeddable":true,"href":"https:\/\/busondakika.com.tr\/index.php?rest_route=%2Fwp%2Fv2%2Fcomments&post=3390"}],"version-history":[{"count":1,"href":"https:\/\/busondakika.com.tr\/index.php?rest_route=\/wp\/v2\/posts\/3390\/revisions"}],"predecessor-version":[{"id":3392,"href":"https:\/\/busondakika.com.tr\/index.php?rest_route=\/wp\/v2\/posts\/3390\/revisions\/3392"}],"wp:featuredmedia":[{"embeddable":true,"href":"https:\/\/busondakika.com.tr\/index.php?rest_route=\/wp\/v2\/media\/3391"}],"wp:attachment":[{"href":"https:\/\/busondakika.com.tr\/index.php?rest_route=%2Fwp%2Fv2%2Fmedia&parent=3390"}],"wp:term":[{"taxonomy":"category","embeddable":true,"href":"https:\/\/busondakika.com.tr\/index.php?rest_route=%2Fwp%2Fv2%2Fcategories&post=3390"},{"taxonomy":"post_tag","embeddable":true,"href":"https:\/\/busondakika.com.tr\/index.php?rest_route=%2Fwp%2Fv2%2Ftags&post=3390"}],"curies":[{"name":"wp","href":"https:\/\/api.w.org\/{rel}","templated":true}]}}