{"id":3399,"date":"2026-03-14T01:01:43","date_gmt":"2026-03-14T01:01:43","guid":{"rendered":"https:\/\/busondakika.com.tr\/?p=3399"},"modified":"2026-03-14T01:01:43","modified_gmt":"2026-03-14T01:01:43","slug":"dev-karin-fitigi-hayati-kabusa-cevirebiliyor","status":"publish","type":"post","link":"https:\/\/busondakika.com.tr\/?p=3399","title":{"rendered":"Dev kar\u0131n f\u0131t\u0131\u011f\u0131 hayat\u0131 kabusa \u00e7evirebiliyor"},"content":{"rendered":"<p> Kar\u0131n ameliyatlar\u0131ndan sonra ortaya \u00e7\u0131kan ve zamanla b\u00fcy\u00fcyerek ciddi sa\u011fl\u0131k sorunlar\u0131na yol a\u00e7abilen dev kar\u0131n duvar\u0131 f\u0131t\u0131klar\u0131, hem ya\u015fam kalitesini d\u00fc\u015f\u00fcr\u00fcyor hem de hayati risk olu\u015fturabiliyor.\u00a0<strong>Ac\u0131badem Kozyata\u011f\u0131 Hastanesi Genel Cerrahi Uzman\u0131 Prof. Dr. Metin Ertem<\/strong>, 50 ya\u015f \u00fczeri ki\u015filerde \u00f6zellikle ameliyat sonras\u0131 geli\u015fen bu f\u0131t\u0131klar\u0131n toplumda san\u0131landan \u00e7ok daha yayg\u0131n oldu\u011funu belirterek, \u201cYap\u0131lan \u00e7al\u0131\u015fmalar; kar\u0131n ameliyatlar\u0131ndan sonra ortaya \u00e7\u0131kan insizyonel, yani ameliyat kesi yerinden geli\u015fen kar\u0131n duvar\u0131 f\u0131t\u0131klar\u0131n\u0131n, 50 ya\u015f \u00fczerindeki hastalar\u0131n yakla\u015f\u0131k y\u00fczde 20\u2019sinde g\u00f6r\u00fclebildi\u011fini g\u00f6steriyor\u201d diyor. Prof. Dr. Metin Ertem hayat\u0131 kabusa \u00e7evirebilen, baz\u0131 hastalar\u0131n boyunlar\u0131na \u00e7ar\u015faf ba\u011flayarak ta\u015f\u0131d\u0131klar\u0131 dev kar\u0131n f\u0131t\u0131klar\u0131n\u0131 ve yeni tedavi y\u00f6ntemini anlatt\u0131, \u00f6nemli uyar\u0131lar ve \u00f6nerilerde bulundu.\u00a0<\/p>\n<p>V\u00fccudumuzda \u2018koruyucu z\u0131rh\u2019 olan kar\u0131n duvar\u0131 zay\u0131flad\u0131\u011f\u0131nda ya da ameliyat gibi bir nedenle b\u00fct\u00fcnl\u00fc\u011f\u00fc bozuldu\u011funda, i\u00e7 organlar d\u0131\u015fa do\u011fru itilerek dev kar\u0131n f\u0131t\u0131\u011f\u0131 ortaya \u00e7\u0131kabiliyor.\u00a0<strong>Ac\u0131badem Kozyata\u011f\u0131 Hastanesi Genel Cerrahi Uzman\u0131 Prof. Dr. Metin Ertem<\/strong>, 50 ya\u015f \u00fczerindeki ki\u015filerde dev kar\u0131n f\u0131t\u0131klar\u0131n\u0131n g\u00f6r\u00fclme s\u0131kl\u0131\u011f\u0131n\u0131n artt\u0131\u011f\u0131n\u0131 belirterek \u201cBunun en \u00f6nemli nedeni ya\u015fla birlikte kolajen doku sentezinin azalmas\u0131d\u0131r. Kolajen, kar\u0131n duvar\u0131n\u0131n dayan\u0131kl\u0131l\u0131\u011f\u0131n\u0131 sa\u011flayan temel yap\u0131 ta\u015flar\u0131ndan biridir. Bu yap\u0131 zay\u0131flad\u0131\u011f\u0131nda kar\u0131n duvar\u0131 adeta bir kuma\u015f\u0131n s\u00f6k\u00fclen diki\u015fi gibi a\u00e7\u0131lmaya ba\u015flar\u201d diyor. Kar\u0131n duvar\u0131ndaki b\u00fcy\u00fck a\u00e7\u0131kl\u0131klar\u0131n sadece estetik bir sorun olmad\u0131\u011f\u0131n\u0131 vurgulayan Prof. Dr. Ertem \u015f\u00f6yle konu\u015fuyor: \u201cBu dev f\u0131t\u0131klar, bel ve s\u0131rt a\u011fr\u0131lar\u0131na, \u0131k\u0131nma olamayaca\u011f\u0131ndan d\u0131\u015fk\u0131lama zorlu\u011funa ve hatta solunum g\u00fc\u00e7l\u00fc\u011f\u00fc gibi ya\u015fam\u0131 tehdit eden sorunlara neden olabiliyor. F\u0131t\u0131klar tedavi edilmedi\u011finde ciddi komplikasyonlara yol a\u00e7abilirken, bunun en tehlikeli sonu\u00e7lar\u0131ndan birini, halk aras\u0131nda \u201cba\u011f\u0131rsak d\u00fc\u011f\u00fcmlenmesi\u201d olarak bilinen sorun olu\u015fturuyor.\u201d<\/p>\n<p><strong>\u00a0Ba\u011f\u0131rsak delinmesi ve hayati riske yol a\u00e7abiliyor<\/strong><\/p>\n<p>Ba\u011f\u0131rsaklar\u0131n f\u0131t\u0131k kesesi i\u00e7inde s\u0131k\u0131\u015farak; hastalarda \u015fiddetli kar\u0131n a\u011fr\u0131s\u0131, kusma ve b\u00fcy\u00fck abdest yapamama gibi \u015fikayetlere neden oldu\u011funu vurgulayan Prof. Dr. Ertem, soruna m\u00fcdahale edilmezse ba\u011f\u0131rsak delinmesine kadar giden \u00e7ok ciddi tablolar olu\u015fturabildi\u011fini ve bu durumun hayati riske yol a\u00e7abildi\u011fini s\u00f6yl\u00fcyor. Dev f\u0131t\u0131klar\u0131n boyutlar\u0131n\u0131n bazen dramatik olabildi\u011fine dikkat \u00e7eken Prof. Dr. Metin Ertem, baz\u0131 hastalar\u0131n ya\u015fad\u0131\u011f\u0131 zorluklar\u0131 \u015f\u00f6yle anlat\u0131yor: \u201dBazen f\u0131t\u0131k o kadar b\u00fcy\u00fcyebiliyor ki, neredeyse iki \u00e7ocuk ba\u015f\u0131 b\u00fcy\u00fckl\u00fc\u011f\u00fcne ula\u015fabiliyor. Hatta baz\u0131 hastalar f\u0131t\u0131\u011f\u0131 desteklemek i\u00e7in kar\u0131nlar\u0131n\u0131n alt\u0131ndan \u00e7ar\u015faf ge\u00e7irip boyunlar\u0131na ba\u011flayarak ta\u015f\u0131mak zorunda kalabiliyor. Bu nedenle sorun ilerlemeden erken tedavi olmak g\u00fcnl\u00fck ya\u015fam konforu a\u00e7\u0131s\u0131ndan ve tedavinin ba\u015far\u0131s\u0131nda b\u00fcy\u00fck rol oynuyor.\u201d\u00a0<\/p>\n<p><strong>\u00a0Ameliyat sonras\u0131 iyile\u015fme d\u00f6neminde dikkat!<\/strong><\/p>\n<p>Kar\u0131n ameliyat\u0131 ge\u00e7iren ki\u015filerin \u00f6zellikle iyile\u015fme d\u00f6neminde dikkatli olmas\u0131 gerekiyor. Prof. Dr. Ertem, ihmale gelmez baz\u0131 \u00f6nlemleri \u201cameliyat sonras\u0131 erken d\u00f6nemde a\u011f\u0131r kald\u0131rmamak, kab\u0131z kalmamaya \u00f6zen g\u00f6stermek, kronik \u00f6ks\u00fcr\u00fck varsa mutlaka tedavi olmak, yeterli ve dengeli beslenmek\u201d \u015feklinde s\u0131ral\u0131yor. \u00c7\u00fcnk\u00fc bu fakt\u00f6rler kar\u0131n duvar\u0131na binen bask\u0131y\u0131 art\u0131rarak f\u0131t\u0131k geli\u015fimini kolayla\u015ft\u0131rabiliyor. Kar\u0131n ameliyat\u0131 olmayan ki\u015filerde de baz\u0131 f\u0131t\u0131k t\u00fcrlerinin g\u00f6r\u00fclebilece\u011fini; \u00f6zellikle do\u011fum yapanlarda kar\u0131n duvar\u0131ndaki zay\u0131f noktalardan ya\u011f dokusu ve ba\u011f\u0131rsaklar\u0131n d\u0131\u015far\u0131 \u00e7\u0131kmas\u0131yla epigastrik f\u0131t\u0131klar (g\u00f6bek \u00fcst\u00fc f\u0131t\u0131\u011f\u0131) olu\u015fabildi\u011fini belirten Prof. Dr. Ertem \u201cGebelik s\u0131ras\u0131nda kar\u0131n b\u00fcy\u00fcd\u00fck\u00e7e kar\u0131n duvar\u0131 gerilir ve baz\u0131 b\u00f6lgelerde zay\u0131fl\u0131k olu\u015fabilir. Bu durum k\u00fc\u00e7\u00fck f\u0131t\u0131klar\u0131n geli\u015fmesine yol a\u00e7abilir\u201d diyor.\u00a0<\/p>\n<p><strong>Dev f\u0131t\u0131klarda yeni tedavi d\u00f6nemi<\/strong><\/p>\n<p>Dev kar\u0131n f\u0131t\u0131klar\u0131n\u0131n cerrahisinin olduk\u00e7a \u00f6zellikli bir alan oldu\u011funu vurgulayan Prof. Dr. Metin Ertem, son y\u0131llarda kullan\u0131lan yeni y\u00f6ntemlerin tedavi ba\u015far\u0131s\u0131n\u0131 \u00f6nemli \u00f6l\u00e7\u00fcde art\u0131rd\u0131\u011f\u0131n\u0131 belirterek \u015f\u00f6yle konu\u015fuyor: \u201cEskiden bu f\u0131t\u0131klar \u00e7o\u011funlukla sadece diki\u015f y\u00f6ntemiyle kapat\u0131lmaya \u00e7al\u0131\u015f\u0131l\u0131rd\u0131. Ancak bu y\u00f6ntemde n\u00fcks oranlar\u0131 y\u00fczde 50\u2019ye kadar \u00e7\u0131kabiliyordu. G\u00fcn\u00fcm\u00fczde ise dev f\u0131t\u0131klarda \u00e7ok daha ileri teknikler kullan\u0131yoruz. \u00d6zellikle, \u00f6zel cihazlarla kar\u0131n duvar\u0131 kontroll\u00fc \u015fekilde geni\u015fletiliyor. Gerekli durumlarda kar\u0131n kaslar\u0131na botoks uygulanarak kaslar\u0131n gev\u015femesi sa\u011flan\u0131yor. Ard\u0131ndan kar\u0131n duvar\u0131 onar\u0131l\u0131yor ve yama ile destekleniyor. Bu modern y\u00f6ntemler n\u00fcks oranlar\u0131n\u0131 y\u00fczde 2-5\u2019lere kadar d\u00fc\u015f\u00fcrd\u00fc.\u201d<\/p>\n<p>\u00a0<\/p>\n<p>Kaynak: (BYZHA) Beyaz Haber Ajans\u0131<\/p>\n","protected":false},"excerpt":{"rendered":"<p>Kar\u0131n ameliyatlar\u0131ndan sonra ortaya \u00e7\u0131kan ve zamanla b\u00fcy\u00fcyerek ciddi sa\u011fl\u0131k sorunlar\u0131na yol a\u00e7abilen dev kar\u0131n duvar\u0131 f\u0131t\u0131klar\u0131, hem ya\u015fam kalitesini d\u00fc\u015f\u00fcr\u00fcyor hem de hayati risk olu\u015fturabiliyor.<\/p>\n","protected":false},"author":1,"featured_media":3400,"comment_status":"open","ping_status":"open","sticky":false,"template":"","format":"standard","meta":{"footnotes":""},"categories":[23],"tags":[],"class_list":["post-3399","post","type-post","status-publish","format-standard","has-post-thumbnail","hentry","category-saglik"],"_links":{"self":[{"href":"https:\/\/busondakika.com.tr\/index.php?rest_route=\/wp\/v2\/posts\/3399","targetHints":{"allow":["GET"]}}],"collection":[{"href":"https:\/\/busondakika.com.tr\/index.php?rest_route=\/wp\/v2\/posts"}],"about":[{"href":"https:\/\/busondakika.com.tr\/index.php?rest_route=\/wp\/v2\/types\/post"}],"author":[{"embeddable":true,"href":"https:\/\/busondakika.com.tr\/index.php?rest_route=\/wp\/v2\/users\/1"}],"replies":[{"embeddable":true,"href":"https:\/\/busondakika.com.tr\/index.php?rest_route=%2Fwp%2Fv2%2Fcomments&post=3399"}],"version-history":[{"count":1,"href":"https:\/\/busondakika.com.tr\/index.php?rest_route=\/wp\/v2\/posts\/3399\/revisions"}],"predecessor-version":[{"id":3401,"href":"https:\/\/busondakika.com.tr\/index.php?rest_route=\/wp\/v2\/posts\/3399\/revisions\/3401"}],"wp:featuredmedia":[{"embeddable":true,"href":"https:\/\/busondakika.com.tr\/index.php?rest_route=\/wp\/v2\/media\/3400"}],"wp:attachment":[{"href":"https:\/\/busondakika.com.tr\/index.php?rest_route=%2Fwp%2Fv2%2Fmedia&parent=3399"}],"wp:term":[{"taxonomy":"category","embeddable":true,"href":"https:\/\/busondakika.com.tr\/index.php?rest_route=%2Fwp%2Fv2%2Fcategories&post=3399"},{"taxonomy":"post_tag","embeddable":true,"href":"https:\/\/busondakika.com.tr\/index.php?rest_route=%2Fwp%2Fv2%2Ftags&post=3399"}],"curies":[{"name":"wp","href":"https:\/\/api.w.org\/{rel}","templated":true}]}}