{"id":3408,"date":"2026-03-14T01:01:47","date_gmt":"2026-03-14T01:01:47","guid":{"rendered":"https:\/\/busondakika.com.tr\/?p=3408"},"modified":"2026-03-14T01:01:47","modified_gmt":"2026-03-14T01:01:47","slug":"dogduklari-hastanede-sifa-dagitiyorlar","status":"publish","type":"post","link":"https:\/\/busondakika.com.tr\/?p=3408","title":{"rendered":"Do\u011fduklar\u0131 hastanede \u015fifa da\u011f\u0131t\u0131yorlar"},"content":{"rendered":"<p> 118 y\u0131ld\u0131r hizmet veren \u0130zmir\u2019in sa\u011fl\u0131k \u00e7\u0131nar\u0131 \u0130zmir B\u00fcy\u00fck\u015fehir Belediyesi E\u015frefpa\u015fa Hastanesi bu g\u00fcne kadar binlerce bebe\u011fin ilk nefesine tan\u0131kl\u0131k etti. \u00dc\u00e7 farkl\u0131 ku\u015faktan Ural Hamurcu, Yasemin \u015een, Ekin Ba\u015fak Bozda\u011fl\u0131 ve \u0130rem Ay\u00e7etin\u2019in yollar\u0131, do\u011fduklar\u0131 hastane ile y\u0131llar sonra yeniden kesi\u015fti. E\u015frefpa\u015fa Hastanesinde doktor, di\u015f hekimi, hem\u015fire ve eczac\u0131 olarak g\u00f6rev alan d\u00f6rt ismin ortak noktas\u0131 ise sadece ayn\u0131 hastanede do\u011fup ayn\u0131 \u00e7at\u0131 alt\u0131nda g\u00f6rev yapmak de\u011fil, mesleklerine duyduklar\u0131 sevgi ve insanlar\u0131 iyile\u015ftirmenin ya\u015fatt\u0131\u011f\u0131 gurur oldu.<\/p>\n<p>T\u00fcrkiye\u2019nin ilk ve tek belediye hastanesi \u0130zmir B\u00fcy\u00fck\u015fehir Belediyesi E\u015frefpa\u015fa Hastanesi, 118 y\u0131ld\u0131r \u0130zmir\u2019e \u015fifa da\u011f\u0131t\u0131yor. Y\u00fcz binlerce bebe\u011fin d\u00fcnyaya geldi\u011fi hastane, kalpleri \u0131s\u0131tan anlaml\u0131 tesad\u00fcflere de sahne oluyor. Y\u0131llar \u00f6nce E\u015frefpa\u015fa Hastanesi\u2019nde do\u011fan Ural Hamurcu, Yasemin \u015een, Ekin Ba\u015fak Bozda\u011fl\u0131 ve \u0130rem Ay\u00e7etin, do\u011fduklar\u0131 hastanede birer sa\u011fl\u0131k emek\u00e7isi olarak canla ba\u015fla \u00e7al\u0131\u015f\u0131yor. K\u00f6kl\u00fc bir hastanede do\u011fman\u0131n ve y\u0131llar sonra ayn\u0131 hastanede g\u00f6rev alman\u0131n gurur verici oldu\u011funu belirten sa\u011fl\u0131k emek\u00e7ileri, \u0130zmirlilere \u015fifa da\u011f\u0131tman\u0131n mutlulu\u011funu ya\u015fad\u0131klar\u0131n\u0131 s\u00f6yledi.\u00a0<\/p>\n<p><strong>\u201cHastanede do\u011fan \u00fc\u00e7 farkl\u0131 jenerasyondan sa\u011fl\u0131k\u00e7\u0131yla birlikte \u00e7al\u0131\u015f\u0131yoruz\u201d<\/strong><\/p>\n<p>8 Nisan 1972\u2019de E\u015frefpa\u015fa Hastanesi\u2019nde do\u011fan \u00fcroloji uzman\u0131 Dr. Ural Hamurcu, \u201c\u015eu an yo\u011fun bak\u0131m servisi olarak kullan\u0131lan alan, ben do\u011fdu\u011fum zaman kad\u0131n do\u011fum b\u00f6l\u00fcm\u00fcym\u00fc\u015f. 2004 y\u0131l\u0131ndan beri do\u011fdu\u011fum hastanede \u00fcroloji uzman\u0131 olarak g\u00f6rev al\u0131yorum. E\u015frefpa\u015fa Hastanesi \u00e7ocuklu\u011fumda muayene oldu\u011fum bir hastaneydi. Burada \u00e7al\u0131\u015fmaya ba\u015flad\u0131\u011f\u0131m d\u00f6nemlerde beni \u00e7ocukken muayene eden hekimlerle k\u0131sa bir s\u00fcre birlikte hekimlik yapma f\u0131rsat\u0131n\u0131 da buldum. Ben do\u011fdu\u011fumda bile buras\u0131 \u0130zmir\u2019in en eski hastanesiydi. \u015eu anda bu hastanede do\u011fan \u00fc\u00e7 farkl\u0131 jenerasyondan sa\u011fl\u0131k\u00e7\u0131yla birlikte \u00e7al\u0131\u015f\u0131yoruz. Keyifli bir \u00e7al\u0131\u015fma ortam\u0131m\u0131z var\u201d diyerek t\u00fcm hekim ve sa\u011fl\u0131k \u00e7al\u0131\u015fanlar\u0131n\u0131n 14 Mart T\u0131p Bayram\u0131\u2019n\u0131 kutlad\u0131.<\/p>\n<p><strong>\u201cDo\u011fduktan 21 y\u0131l sonra ayn\u0131 hastanede g\u00f6reve ba\u015flad\u0131m\u201d<\/strong><\/p>\n<p>30 Haziran 1985\u2019te E\u015frefpa\u015fa Hastanesi\u2019nde do\u011fan ameliyathane hem\u015firesi Yasemin \u015een ise \u201cDo\u011fduktan 21 y\u0131l sonra ayn\u0131 hastanede ameliyathane hem\u015firesi olarak g\u00f6reve ba\u015flad\u0131m. E\u015frefpa\u015fa Hastanesi \u00e7ok a\u015fina oldu\u011fum bir hastaneydi ve burada \u00e7al\u0131\u015ft\u0131\u011f\u0131m i\u00e7in \u00e7ok mutluyum\u201d diye konu\u015ftu. \u015een, sa\u011fl\u0131kta \u015fiddetin son buldu\u011fu bir T\u0131p Bayram\u0131 dileyerek t\u0131p camias\u0131n\u0131n bayram\u0131n\u0131 kutlad\u0131.<\/p>\n<p><strong>\u201cDo\u011fumuma \u015fahit olan insanlarla \u00e7al\u0131\u015fmak \u00e7ok g\u00fczel\u201d<\/strong><\/p>\n<p>Di\u015f hekimi Ekin Ba\u015fak Bozda\u011fl\u0131 ise 12 Eyl\u00fcl 1996 tarihinde E\u015frefpa\u015fa Hastanesi\u2019nde do\u011fdu. 2023 y\u0131l\u0131ndan beri hastanede g\u00f6rev alan Bozda\u011fl\u0131, \u201cMesle\u011fimden \u00e7ok memnunum. Do\u011fumumda yer alan doktor ve hem\u015firelerle birlikte g\u00f6rev yapmak ger\u00e7ekten gurur verici. Bu i\u015fimi daha \u00e7ok sevmemi sa\u011fl\u0131yor ve i\u015fe severek geliyorum. Ben k\u00fc\u00e7\u00fckl\u00fc\u011f\u00fcmde de hasta oldu\u011fumda hep E\u015frefpa\u015fa Hastanesi\u2019ne geliyordum. Hem do\u011fumuma \u015fahit olan hem de k\u00fc\u00e7\u00fckl\u00fc\u011f\u00fcm\u00fc bilen insanlarla \u00e7al\u0131\u015fmak \u00e7ok g\u00fczel\u201d dedi.\u00a0<\/p>\n<p><strong>\u201c\u00c7ok ilgin\u00e7 ve gurur verici\u201d<\/strong><\/p>\n<p>E\u015frefpa\u015fa Hastanesi\u2019nde eczac\u0131 olarak g\u00f6rev alan \u0130rem Ay\u00e7etin ise \u201c14 May\u0131s 1997 tarihinde E\u015frefpa\u015fa Hastanesi\u2019nde do\u011fdum. Do\u011fdu\u011fum hastanede eczac\u0131 olarak g\u00f6rev almak ve bir zamanlar do\u011fumuma \u015fahitlik etmi\u015f insanlarla ayn\u0131 ortamda \u00e7al\u0131\u015fmak \u00e7ok ilgin\u00e7 ve gurur verici. Bana, \u2018senin do\u011fumuna \u015fahit olduk, o ameliyathanede \u00e7al\u0131\u015f\u0131yorduk\u2019 diyorlar. Sa\u011fl\u0131k alan\u0131nda hizmet edebilmek \u00e7ok g\u00fczel. T\u00fcm sa\u011fl\u0131k \u00e7al\u0131\u015fanlar\u0131n\u0131n T\u0131p Bayram\u0131\u2019n\u0131 kutluyorum\u201d ifadelerini kulland\u0131.<\/p>\n<p>\u00a0<\/p>\n<p>\u00a0<\/p>\n<p>Kaynak: (BYZHA) Beyaz Haber Ajans\u0131<\/p>\n","protected":false},"excerpt":{"rendered":"<p>118 y\u0131ld\u0131r hizmet veren \u0130zmir\u2019in sa\u011fl\u0131k \u00e7\u0131nar\u0131 \u0130zmir B\u00fcy\u00fck\u015fehir Belediyesi E\u015frefpa\u015fa Hastanesi bu g\u00fcne kadar binlerce bebe\u011fin ilk nefesine tan\u0131kl\u0131k etti.<\/p>\n","protected":false},"author":1,"featured_media":3409,"comment_status":"open","ping_status":"open","sticky":false,"template":"","format":"standard","meta":{"footnotes":""},"categories":[23],"tags":[],"class_list":["post-3408","post","type-post","status-publish","format-standard","has-post-thumbnail","hentry","category-saglik"],"_links":{"self":[{"href":"https:\/\/busondakika.com.tr\/index.php?rest_route=\/wp\/v2\/posts\/3408","targetHints":{"allow":["GET"]}}],"collection":[{"href":"https:\/\/busondakika.com.tr\/index.php?rest_route=\/wp\/v2\/posts"}],"about":[{"href":"https:\/\/busondakika.com.tr\/index.php?rest_route=\/wp\/v2\/types\/post"}],"author":[{"embeddable":true,"href":"https:\/\/busondakika.com.tr\/index.php?rest_route=\/wp\/v2\/users\/1"}],"replies":[{"embeddable":true,"href":"https:\/\/busondakika.com.tr\/index.php?rest_route=%2Fwp%2Fv2%2Fcomments&post=3408"}],"version-history":[{"count":1,"href":"https:\/\/busondakika.com.tr\/index.php?rest_route=\/wp\/v2\/posts\/3408\/revisions"}],"predecessor-version":[{"id":3410,"href":"https:\/\/busondakika.com.tr\/index.php?rest_route=\/wp\/v2\/posts\/3408\/revisions\/3410"}],"wp:featuredmedia":[{"embeddable":true,"href":"https:\/\/busondakika.com.tr\/index.php?rest_route=\/wp\/v2\/media\/3409"}],"wp:attachment":[{"href":"https:\/\/busondakika.com.tr\/index.php?rest_route=%2Fwp%2Fv2%2Fmedia&parent=3408"}],"wp:term":[{"taxonomy":"category","embeddable":true,"href":"https:\/\/busondakika.com.tr\/index.php?rest_route=%2Fwp%2Fv2%2Fcategories&post=3408"},{"taxonomy":"post_tag","embeddable":true,"href":"https:\/\/busondakika.com.tr\/index.php?rest_route=%2Fwp%2Fv2%2Ftags&post=3408"}],"curies":[{"name":"wp","href":"https:\/\/api.w.org\/{rel}","templated":true}]}}