{"id":3432,"date":"2026-03-14T01:01:59","date_gmt":"2026-03-14T01:01:59","guid":{"rendered":"https:\/\/busondakika.com.tr\/?p=3432"},"modified":"2026-03-14T01:01:59","modified_gmt":"2026-03-14T01:01:59","slug":"ulkemizde-yaklasik-bir-milyon-kiside-goruluyor","status":"publish","type":"post","link":"https:\/\/busondakika.com.tr\/?p=3432","title":{"rendered":"\u00dclkemizde yakla\u015f\u0131k bir milyon ki\u015fide g\u00f6r\u00fcl\u00fcyor!"},"content":{"rendered":"<p> Halk aras\u0131nda sara olarak bilinen epilepsi, \u00a0beyindeki sinir h\u00fccrelerinin\u00a0<strong>ani, ge\u00e7ici ve kontrols\u00fcz elektriksel bo\u015fal\u0131mlar\u0131<\/strong>\u00a0sonucu ortaya \u00e7\u0131kan ve\u00a0<strong>tekrarlay\u0131c\u0131 n\u00f6betlerle<\/strong>\u00a0seyreden bir hastal\u0131k.\u00a0<strong>D<\/strong>\u00fcnya genelinde yakla\u015f\u0131k\u00a0<strong>50 milyon, T\u00fcrkiye\u2019de de\u00a0<\/strong>yakla\u015f\u0131k\u00a0<strong>bir milyon<\/strong>\u00a0ki\u015finin epilepsiyle ya\u015fad\u0131\u011f\u0131 bildiriliyor.\u00a0Epilepsi her ya\u015fta geli\u015febilen bir hastal\u0131k olsa da ya\u015fam\u0131n erken ve ge\u00e7 d\u00f6nemlerinde daha s\u0131k g\u00f6r\u00fcl\u00fcyor.\u00a0En riskli gruplar\u0131 0-10 ya\u015f aras\u0131 \u00e7ocuklar ile\u00a065 ya\u015f ve \u00fczerindeki bireyler olu\u015fturuyor.\u00a0Epilepsi tedavi edilmedi\u011finde\u00a0e\u011fitim ile i\u015f hayat\u0131nda kesintilere,\u00a0sosyal izolasyona ve \u00f6zg\u00fcven sorunlar\u0131na, nadiren de olsa hayat\u0131 tehdit edebilen tablolara yol a\u00e7abiliyor. Ancak, son y\u0131llarda tedavisinde ya\u015fanan \u00f6nemli geli\u015fmeler sayesinde art\u0131k hastalar\u0131n ya\u015fam kalitesini d\u00fc\u015f\u00fcren bir sorun olmaktan \u00e7\u0131k\u0131yor.\u00a0<strong>Ac\u0131badem Kartal Hastanesi Beyin ve Sinir Cerrahisi Uzman\u0131 Do\u00e7. Dr. Kemal Paksoy,\u00a0<\/strong>g\u00fcn\u00fcm\u00fczde \u00a0epilepsi tedavisinde hedefin hastalar\u0131n n\u00f6bet ge\u00e7irmelerini \u00f6nlemek ve normal bir ya\u015fam s\u00fcrmelerini sa\u011flamak oldu\u011funu belirterek, \u201cTedavide n\u00f6betleri tamamen durdurmak veya s\u0131kl\u0131\u011f\u0131 ile \u015fiddetini azaltmak temel ilkemizdir. Do\u011fru tedaviyle hastalar\u0131n y\u00fczde 70&#8217;inde n\u00f6betler ila\u00e7 tedavisiyle tamamen kontrol alt\u0131na al\u0131nabilirken, diren\u00e7 g\u00f6steren 30&#8217;luk k\u0131sm\u0131 i\u00e7in cerrahi y\u00f6ntemler ve epilepsi pili tedavisi gibi g\u00fc\u00e7l\u00fc se\u00e7eneklerin olmas\u0131 b\u00fcy\u00fck bir umut kayna\u011f\u0131d\u0131r\u201d diyor. \u00a0<\/p>\n<p><strong>\u00a0Her iki hastadan birinde nedeni bilinmiyor!\u00a0<\/strong><\/p>\n<p>Epilepsi hastalar\u0131n\u0131n yakla\u015f\u0131k yar\u0131s\u0131nda kesin bir nedeni tespit edilemiyor. Aile \u00f6yk\u00fcs\u00fc ve spesifik gen mutasyonlar\u0131 ile beyin t\u00fcm\u00f6rleri gibi yap\u0131sal bozukluklar, belirlenen en yayg\u0131n nedenlerini olu\u015fturuyor. Bunlar\u0131n yan\u0131 s\u0131ra kafa travmalar\u0131 ile beyin ve beyin zar\u0131 iltihaplar\u0131 (menenjit ve ensefalit) serebrovask\u00fcler olaylar (inme ve beyin kanamas\u0131) ile metabolik etkenler (hipoglisemi) de epilepsiye yol a\u00e7abiliyor.<\/p>\n<p><strong>N\u00f6bet gelmeden \u00f6nce sinyal verebiliyor!<\/strong><\/p>\n<p><strong>\u00a0<\/strong>Epilepsi belirtileri, beynin hangi b\u00f6lgesinin etkilendi\u011fine ba\u011fl\u0131 olarak \u00e7ok geni\u015f bir yelpazede de\u011fi\u015febiliyor.\u00a0Beyin ve Sinir Cerrahisi Uzman\u0131 Do\u00e7. Dr. Kemal Paksoy,<strong>\u00a0<\/strong>baz\u0131 hastalar\u0131n n\u00f6betten hemen \u00f6nce garip bir his ya\u015fad\u0131klar\u0131n\u0131 anlatarak, \u201cYan\u0131k plastik kokusuna benzer bir koku, mide bulant\u0131s\u0131 veya yo\u011fun bir korku hissi olabilir. Bunlar \u2018haberci belirtiler\u2019 olarak adland\u0131r\u0131l\u0131r\u201d diyor. \u00a0Baz\u0131 durumlarda bilincin tamamen kapanmayabilece\u011fini ifade eden Do\u00e7. Dr. Kemal Paksoy, epilepsinin di\u011fer belirtilerini \u015f\u00f6yle a\u00e7\u0131kl\u0131yor: \u201cV\u00fccudun bir b\u00f6lgesinde (el ve y\u00fcz gibi) se\u011firmeler, bo\u015flu\u011fa bakma, \u00e7evreden kopma ve anlams\u0131z hareketler gibi k\u0131smi belirtiler geli\u015febilir. Yayg\u0131n belirtilerde ise bilin\u00e7 kayb\u0131 e\u015flik eder. V\u00fccudun aniden kaskat\u0131 kesilmesi ve ard\u0131ndan \u015fiddetli sars\u0131nt\u0131lar ya\u015fanabilir. Bunlar\u0131n yan\u0131 s\u0131ra birka\u00e7 saniye s\u00fcren \u2018dalma ataklar\u0131\u2019 ve kas g\u00fcc\u00fcn\u00fcn aniden kaybolmas\u0131yla \u2018y\u0131\u011f\u0131l\u0131p kalma\u2019 \u015feklinde klinik belirtiler ortaya \u00e7\u0131kabilir.\u201d<\/p>\n<p><strong>\u00a0\u0130laca diren\u00e7li n\u00f6betlere \u201cepilepsi pili\u201d\u00a0<\/strong><\/p>\n<p>Epilepsi tedavisinde hedef, \u00a0hastan\u0131n \u00a0n\u00f6bet ge\u00e7irmesini \u00f6nleyerek normal bir ya\u015fam s\u00fcrmesini sa\u011flamak. Do\u00e7. Dr. Kemal Paksoy, g\u00fcn\u00fcm\u00fczde epilepsi tedavisinden olduk\u00e7a ba\u015far\u0131l\u0131 sonu\u00e7lar elde edildi\u011fini vurgulayarak, \u201cHer 10 hastadan 7\u2019sinde do\u011fru tedaviyle n\u00f6betler kontrol edilebilmektedir.\u00a0Ayr\u0131ca, hastalar uzun y\u0131llar n\u00f6betsiz kald\u0131ktan sonra doktor kontrol\u00fcnde ila\u00e7lar\u0131n\u0131 b\u0131rakabilmekte ve hayat\u0131na n\u00f6betsiz devam etmektedir\u201d diyor. Ancak,\u00a0ila\u00e7 tedavisi bir\u00e7ok hastada n\u00f6betleri kontrol alt\u0131na alabilse de baz\u0131 hastalar i\u00e7in bu y\u00f6ntem yeterli olmuyor. \u0130\u015fte bu noktada toplumda \u201cepilepsi pili\u201d olarak bilinen ve Vagal Sinir Stim\u00fclasyonu olarak adland\u0131r\u0131lan y\u00f6ntem \u00f6nemli bir alternatif tedavi se\u00e7ene\u011fi sunuyor.<\/p>\n<p><strong>N\u00f6bet s\u0131kl\u0131\u011f\u0131nda en az y\u00fczde 50 azalma! \u00a0<\/strong><\/p>\n<p>Vagal Sinir Stim\u00fclasyonu (VNS), \u00a0ila\u00e7 tedavisine yan\u0131t vermeyen hastalarda n\u00f6bet kontrol\u00fcn\u00fc sa\u011flamak amac\u0131yla ba\u015fvurulan ileri d\u00fczey bir n\u00f6romod\u00fclasyon y\u00f6ntemi.\u00a0En az iki veya \u00fc\u00e7 antiepileptik ilac\u0131n uygun dozda kullan\u0131lmas\u0131na ra\u011fmen n\u00f6betlerin devam etmesi, n\u00f6bet oda\u011f\u0131n\u0131n beynin kritik bir b\u00f6lgesinde (konu\u015fma veya hareket merkezi gibi) olmas\u0131 ve bu b\u00f6lgenin ameliyatla \u00e7\u0131kar\u0131lamamas\u0131 durumunda tercih ediliyor. Epilepsi pili n\u00f6betleri tamamen ortadan kald\u0131rmasa da bir\u00e7ok hastada belirgin bir iyile\u015fme sa\u011flayabiliyor. Beyin ve Sinir Cerrahisi Uzman\u0131 Do\u00e7. Dr. Kemal Paksoy, epilepsi pili uygulanan yakla\u015f\u0131k her iki hastadan birinde n\u00f6bet s\u0131kl\u0131\u011f\u0131nda en az y\u00fczde 50 oran\u0131nda azalma sa\u011fland\u0131\u011f\u0131na i\u015faret ederek, \u00a0 \u201cBaz\u0131 hastalarda ise n\u00f6betler daha k\u0131sa s\u00fcrmekte ve daha hafif ge\u00e7mektedir. Bu y\u00f6ntemin\u00a0en ilgin\u00e7 \u00f6zelli\u011fi ise etkisinin zamanla artmas\u0131d\u0131r. \u0130lk 3 ayda ba\u015far\u0131 oran\u0131 daha d\u00fc\u015f\u00fckken, birinci y\u0131l\u0131n sonunda hastalar\u0131n yakla\u015f\u0131k yar\u0131s\u0131nda y\u00fczde 50 oran\u0131nda iyile\u015fme g\u00f6r\u00fcl\u00fcr. Be\u015finci y\u0131l\u0131n ard\u0131ndan bu oranlar y\u00fczde 60-70 seviyelerine kadar \u00e7\u0131kabilir. Hastalar\u0131n y\u00fczde 5-8\u2019inde ise n\u00f6betler tamamen kesilmektedir\u201d diye konu\u015fuyor.\u00a0<\/p>\n<p><strong>Cerrahi i\u015flemle v\u00fccuda yerle\u015ftiriliyor!\u00a0<\/strong><\/p>\n<p>\u201cVagal Sinir St\u00fcmilasyonu, boyun b\u00f6lgesinde yer alan vagus siniri \u00fczerine yerle\u015ftirilen elektrotlar arac\u0131l\u0131\u011f\u0131yla sinir sistemine belirli aral\u0131klarla elektriksel uyar\u0131lar g\u00f6nderilmesi prensibine dayan\u0131yor. Bu uyar\u0131lar beyinde n\u00f6bet geli\u015fiminden sorumlu olan b\u00f6lgelerdeki anormal elektriksel aktivitenin d\u00fczenlenmesine destek oluyor. Beyin ve Sinir Cerrahisi Uzman\u0131 Do\u00e7. Dr. Kemal Paksoy,<strong>\u00a0<\/strong>epilepsi pilinin cerrahi i\u015flemle v\u00fccuda yerle\u015ftirildi\u011fini belirterek, s\u00f6zlerine \u015f\u00f6yle devam ediyor: \u00a0\u201c\u00d6nce g\u00f6\u011f\u00fcs b\u00f6lgesinde k\u00fc\u00e7\u00fck bir kesi a\u00e7\u0131l\u0131r ve epilepsi pili k\u00f6pr\u00fcc\u00fck kemi\u011finin alt\u0131ndaki b\u00f6lgeye yerle\u015ftirilir. Daha sonra, cihazdan \u00e7\u0131kan ince elektrotlar, boyundan a\u00e7\u0131lan k\u00fc\u00e7\u00fck bir kesiden, boyun b\u00f6lgesinin sol taraf\u0131ndan ge\u00e7en vagus sinirine ba\u011flan\u0131r. Vagus siniri, beyinle v\u00fccudun pek \u00e7ok b\u00f6lgesi aras\u0131nda ileti\u015fim sa\u011flayan sinirlerden biri olarak bilinir. G\u00f6\u011f\u00fcs b\u00f6lgesine yerle\u015ftirilen cihaz belirli aral\u0131klarla vagus sinirine elektriksel uyar\u0131lar g\u00f6nderir. Bu uyar\u0131lar, beyindeki anormal elektriksel aktivitenin d\u00fczenlenmesine yard\u0131mc\u0131 olarak epilepsi n\u00f6betlerinin s\u0131kl\u0131\u011f\u0131n\u0131 ve \u015fiddetini azaltmay\u0131 ama\u00e7lar. Ard\u0131ndan cilt kapat\u0131larak operasyon tamamlan\u0131r. Cihaz\u0131n ayarlar\u0131 hekim taraf\u0131ndan hastan\u0131n n\u00f6bet s\u0131kl\u0131\u011f\u0131na ve \u015fiddetine g\u00f6re programlan\u0131r.&#8221;\u00a0<\/p>\n<p>\u00a0<\/p>\n<p>Kaynak: (BYZHA) Beyaz Haber Ajans\u0131<\/p>\n","protected":false},"excerpt":{"rendered":"<p>Halk aras\u0131nda sara olarak bilinen epilepsi, \u00a0beyindeki sinir h\u00fccrelerinin\u00a0ani, ge\u00e7ici ve kontrols\u00fcz elektriksel bo\u015fal\u0131mlar\u0131\u00a0sonucu ortaya \u00e7\u0131kan ve\u00a0tekrarlay\u0131c\u0131 n\u00f6betlerle\u00a0seyreden bir hastal\u0131k.<\/p>\n","protected":false},"author":1,"featured_media":3433,"comment_status":"open","ping_status":"open","sticky":false,"template":"","format":"standard","meta":{"footnotes":""},"categories":[23],"tags":[],"class_list":["post-3432","post","type-post","status-publish","format-standard","has-post-thumbnail","hentry","category-saglik"],"_links":{"self":[{"href":"https:\/\/busondakika.com.tr\/index.php?rest_route=\/wp\/v2\/posts\/3432","targetHints":{"allow":["GET"]}}],"collection":[{"href":"https:\/\/busondakika.com.tr\/index.php?rest_route=\/wp\/v2\/posts"}],"about":[{"href":"https:\/\/busondakika.com.tr\/index.php?rest_route=\/wp\/v2\/types\/post"}],"author":[{"embeddable":true,"href":"https:\/\/busondakika.com.tr\/index.php?rest_route=\/wp\/v2\/users\/1"}],"replies":[{"embeddable":true,"href":"https:\/\/busondakika.com.tr\/index.php?rest_route=%2Fwp%2Fv2%2Fcomments&post=3432"}],"version-history":[{"count":1,"href":"https:\/\/busondakika.com.tr\/index.php?rest_route=\/wp\/v2\/posts\/3432\/revisions"}],"predecessor-version":[{"id":3434,"href":"https:\/\/busondakika.com.tr\/index.php?rest_route=\/wp\/v2\/posts\/3432\/revisions\/3434"}],"wp:featuredmedia":[{"embeddable":true,"href":"https:\/\/busondakika.com.tr\/index.php?rest_route=\/wp\/v2\/media\/3433"}],"wp:attachment":[{"href":"https:\/\/busondakika.com.tr\/index.php?rest_route=%2Fwp%2Fv2%2Fmedia&parent=3432"}],"wp:term":[{"taxonomy":"category","embeddable":true,"href":"https:\/\/busondakika.com.tr\/index.php?rest_route=%2Fwp%2Fv2%2Fcategories&post=3432"},{"taxonomy":"post_tag","embeddable":true,"href":"https:\/\/busondakika.com.tr\/index.php?rest_route=%2Fwp%2Fv2%2Ftags&post=3432"}],"curies":[{"name":"wp","href":"https:\/\/api.w.org\/{rel}","templated":true}]}}