{"id":3438,"date":"2026-03-14T01:02:01","date_gmt":"2026-03-14T01:02:01","guid":{"rendered":"https:\/\/busondakika.com.tr\/?p=3438"},"modified":"2026-03-14T01:02:01","modified_gmt":"2026-03-14T01:02:01","slug":"dunya-bobrek-gunu","status":"publish","type":"post","link":"https:\/\/busondakika.com.tr\/?p=3438","title":{"rendered":"D\u00fcnya B\u00f6brek G\u00fcn\u00fc"},"content":{"rendered":"<p> 12 Mart D\u00fcnya B\u00f6brek G\u00fcn\u00fc vesilesiyle a\u00e7\u0131klamalarda bulunan T\u00fcrkiye Nefroloji Derne\u011fi Y\u00f6netim Kurulu Ba\u015fkan\u0131 ve \u0130stanbul \u00dcniversitesi T\u0131p Fak\u00fcltesi Nefroloji Anabilim Dal\u0131 \u00f6\u011fretim \u00fcyesi Prof. Dr. Ayd\u0131n T\u00fcrkmen, T\u00fcrkiye\u2019deki kronik b\u00f6brek hastal\u0131\u011f\u0131 tablosunun ciddiyetine dikkat \u00e7ekerek organ ba\u011f\u0131\u015f\u0131 ve erken tan\u0131n\u0131n hayati \u00f6nemini vurgulad\u0131.\u00a0<\/p>\n<p><strong>T\u00dcRK\u0130YE\u2019DE 10 M\u0130LYON K\u0130\u015e\u0130 R\u0130SK ALTINDA<\/strong><\/p>\n<p>Prof. Dr. Ayd\u0131n T\u00fcrkmen taraf\u0131ndan payla\u015f\u0131lan verilere g\u00f6re, T\u00fcrkiye\u2019de kronik b\u00f6brek hastal\u0131\u011f\u0131 g\u00f6r\u00fclme s\u0131kl\u0131\u011f\u0131 %16 seviyesine ula\u015fm\u0131\u015ft\u0131r. Bu istatistik, yakla\u015f\u0131k 10 milyon vatanda\u015f\u0131m\u0131z\u0131n b\u00f6brek yetersizli\u011fi riskiyle kar\u015f\u0131 kar\u015f\u0131ya oldu\u011funu g\u00f6stermektedir. Hastal\u0131\u011f\u0131n sinsi ve ilerleyici (progresif) karakterine de\u011finen T\u00fcrkmen, erken tan\u0131n\u0131n s\u00fcreci durdurabilece\u011fini veya yava\u015flatabilece\u011fini belirterek vatanda\u015flar\u0131 d\u00fczenli kontrol yapt\u0131rmaya davet etti. Hastal\u0131k b\u00f6brek fonksiyonlar\u0131n\u0131n %15\u2019in alt\u0131na d\u00fc\u015ft\u00fc\u011f\u00fc son evreye ula\u015ft\u0131\u011f\u0131nda, hastalar i\u00e7in hayati se\u00e7eneklerin diyaliz veya organ nakli oldu\u011funu belirten T\u00fcrkmen, \u015fu verileri payla\u015ft\u0131: &#8220;T\u00fcrkiye\u2019de her y\u0131l yakla\u015f\u0131k 13 bin yeni hasta diyaliz sistemine eklenirken, y\u0131ll\u0131k nakil say\u0131s\u0131 3.500 civar\u0131nda kalmaktad\u0131r. Organ nakli, hastaya sadece y\u00fcksek bir ya\u015fam kalitesi sunmakla kalmaz, ayn\u0131 zamanda diyalize oranla ya\u015fam s\u00fcresini de anlaml\u0131 \u00f6l\u00e7\u00fcde uzat\u0131r.&#8221;<\/p>\n<p><strong>ORGAN BA\u011eI\u015eINDA KADAVRA EKS\u0130KL\u0130\u011e\u0130 VE BATI \u0130LE U\u00c7URUM<\/strong><\/p>\n<p>T\u00fcrkiye&#8217;nin organ nakli cerrahisindeki ba\u015far\u0131s\u0131na ra\u011fmen ba\u011f\u0131\u015f oranlar\u0131nda istenilen seviyede olmad\u0131\u011f\u0131n\u0131 vurgulayan T\u00fcrkmen, kadavra ba\u011f\u0131\u015f\u0131n\u0131n yetersizli\u011fine dikkat \u00e7ekti. Bat\u0131 \u00fclkelerinde nakillerin %90&#8217;\u0131 kadavradan (beyin \u00f6l\u00fcm\u00fc ger\u00e7ekle\u015fmi\u015f ki\u015filerden) yap\u0131l\u0131rken, T\u00fcrkiye&#8217;de bu oran\u0131n tam tersi oldu\u011funu ve nakillerin %90&#8217;\u0131n\u0131n canl\u0131 don\u00f6rlerden sa\u011fland\u0131\u011f\u0131n\u0131 belirtti. Milyon n\u00fcfus ba\u015f\u0131na d\u00fc\u015fen kadavra ba\u011f\u0131\u015f say\u0131s\u0131n\u0131n T\u00fcrkiye&#8217;de 5 iken, ABD ve \u0130spanya gibi \u00fclkelerde 50 seviyelerinde olmas\u0131, toplumsal fark\u0131ndal\u0131\u011f\u0131n art\u0131r\u0131lmas\u0131 gerekti\u011fini bir kez daha ortaya koydu.<\/p>\n<p>Don\u00f6r s\u0131k\u0131nt\u0131s\u0131n\u0131 a\u015fmak i\u00e7in &#8220;\u00c7apraz Nakil&#8221; (Takas Nakli) sisteminin \u00f6nemine de\u011finen Prof. Dr. T\u00fcrkmen, doku veya kan grubu uyumsuzlu\u011fu nedeniyle nakil olamayan ailelerin ulusal bir havuzda toplanmas\u0131n\u0131n nakil say\u0131lar\u0131n\u0131 en az %10 art\u0131raca\u011f\u0131n\u0131 ifade etti. Ayr\u0131ca, yeni y\u00f6netmeliklerle beyin \u00f6l\u00fcm\u00fc tespit edilen vakalarda aileye haber verme s\u00fcrecinin kolayla\u015ft\u0131r\u0131lmas\u0131n\u0131n bilimsel a\u00e7\u0131dan olumlu bir ad\u0131m oldu\u011funu, ancak toplumsal kabul\u00fcn de e\u015f zamanl\u0131 geli\u015ftirilmesi gerekti\u011fini ekledi.<\/p>\n<p><strong>B\u0130R BA\u015eARI \u00d6YK\u00dcS\u00dc: NAK\u0130LL\u0130 ANNELER<\/strong><\/p>\n<p>Organ naklinin sadece bir tedavi de\u011fil, hayata yeniden d\u00f6n\u00fc\u015f oldu\u011funu belirten T\u00fcrkmen, diyaliz a\u015famas\u0131nda anne olma \u015fans\u0131 biyolojik olarak \u00e7ok d\u00fc\u015f\u00fck olan kad\u0131n hastalar\u0131n, ba\u015far\u0131l\u0131 bir nakil sonras\u0131 sa\u011fl\u0131\u011f\u0131na kavu\u015farak bebek sahibi olabildi\u011fini m\u00fcjdeledi. T\u00fcrkmen, klinik b\u00fcnyesinde takip edilen ve nakil sonras\u0131 anne olan yakla\u015f\u0131k 200 hastan\u0131n bulundu\u011funu, bu durumun organ ba\u011f\u0131\u015f\u0131n\u0131n toplumsal en somut meyvesi oldu\u011funu ifade etti.<\/p>\n<p>Sonu\u00e7 olarak; erken tan\u0131, ba\u011f\u0131\u015f bilinci, nakil sonras\u0131 titiz takip ve merkezlerin &#8220;sa\u011f kal\u0131m oranlar\u0131&#8221; \u00fczerinden s\u0131k\u0131 denetlenmesi, T\u00fcrkiye\u2019nin b\u00f6brek sa\u011fl\u0131\u011f\u0131 politikas\u0131n\u0131n temel ta\u015flar\u0131n\u0131 olu\u015fturmal\u0131d\u0131r.<\/p>\n<p>\u00a0<\/p>\n<p>\u00a0<\/p>\n<p>Kaynak: (BYZHA) Beyaz Haber Ajans\u0131<\/p>\n","protected":false},"excerpt":{"rendered":"<p>12 Mart D\u00fcnya B\u00f6brek G\u00fcn\u00fc vesilesiyle a\u00e7\u0131klamalarda bulunan T\u00fcrkiye Nefroloji Derne\u011fi Y\u00f6netim Kurulu Ba\u015fkan\u0131 ve \u0130stanbul \u00dcniversitesi T\u0131p Fak\u00fcltesi Nefroloji Anabilim Dal\u0131 \u00f6\u011fretim \u00fcyesi Prof.<\/p>\n","protected":false},"author":1,"featured_media":0,"comment_status":"open","ping_status":"open","sticky":false,"template":"","format":"standard","meta":{"footnotes":""},"categories":[23],"tags":[],"class_list":["post-3438","post","type-post","status-publish","format-standard","hentry","category-saglik"],"_links":{"self":[{"href":"https:\/\/busondakika.com.tr\/index.php?rest_route=\/wp\/v2\/posts\/3438","targetHints":{"allow":["GET"]}}],"collection":[{"href":"https:\/\/busondakika.com.tr\/index.php?rest_route=\/wp\/v2\/posts"}],"about":[{"href":"https:\/\/busondakika.com.tr\/index.php?rest_route=\/wp\/v2\/types\/post"}],"author":[{"embeddable":true,"href":"https:\/\/busondakika.com.tr\/index.php?rest_route=\/wp\/v2\/users\/1"}],"replies":[{"embeddable":true,"href":"https:\/\/busondakika.com.tr\/index.php?rest_route=%2Fwp%2Fv2%2Fcomments&post=3438"}],"version-history":[{"count":0,"href":"https:\/\/busondakika.com.tr\/index.php?rest_route=\/wp\/v2\/posts\/3438\/revisions"}],"wp:attachment":[{"href":"https:\/\/busondakika.com.tr\/index.php?rest_route=%2Fwp%2Fv2%2Fmedia&parent=3438"}],"wp:term":[{"taxonomy":"category","embeddable":true,"href":"https:\/\/busondakika.com.tr\/index.php?rest_route=%2Fwp%2Fv2%2Fcategories&post=3438"},{"taxonomy":"post_tag","embeddable":true,"href":"https:\/\/busondakika.com.tr\/index.php?rest_route=%2Fwp%2Fv2%2Ftags&post=3438"}],"curies":[{"name":"wp","href":"https:\/\/api.w.org\/{rel}","templated":true}]}}