{"id":3454,"date":"2026-03-14T01:27:05","date_gmt":"2026-03-14T01:27:05","guid":{"rendered":"https:\/\/busondakika.com.tr\/?p=3454"},"modified":"2026-03-14T01:27:06","modified_gmt":"2026-03-14T01:27:06","slug":"kemer-dunya-sup-sampiyonasi-takvimine-girdi","status":"publish","type":"post","link":"https:\/\/busondakika.com.tr\/?p=3454","title":{"rendered":"Kemer, D\u00fcnya SUP \u015eampiyonas\u0131 takvimine girdi"},"content":{"rendered":"<p> Kemer\u2019de daha \u00f6nce uluslararas\u0131 d\u00fczeyde d\u00fczenlenen SUP yar\u0131\u015flar\u0131, bu y\u0131l \u00f6nemli bir ba\u015far\u0131ya imza atarak D\u00fcnya Kano Federasyonu\u2019nun resmi d\u00fcnya \u015fampiyonas\u0131 takvimine girdi. 28-31 Ekim tarihleri aras\u0131nda d\u00fczenlenecek organizasyon, d\u00fcnyan\u0131n en iyi sporcular\u0131n\u0131 Kemer\u2019de bulu\u015fturacak.<\/p>\n<p>Kemer Belediyesi ve Corendon ana sponsorlu\u011funda, Kemer Kaymakaml\u0131\u011f\u0131 koordinesinde d\u00fczenlenen Uluslararas\u0131 SUP Cup Yar\u0131\u015flar\u0131, \u00f6nemli bir uluslararas\u0131 ba\u015far\u0131ya imza att\u0131. Daha \u00f6nce Kemer\u2019de uluslararas\u0131 kat\u0131l\u0131mla ger\u00e7ekle\u015ftirilen organizasyon, bu y\u0131l ICF Stand Up Paddling World Championships 2026 takvimine resmi olarak dahil edildi.<\/p>\n<p>28-31 Ekim tarihleri aras\u0131nda d\u00fczenlenecek yar\u0131\u015flar kapsam\u0131nda, d\u00fcnya s\u0131ralamas\u0131 serisinde yer alan bir\u00e7ok elit sporcu Kemer\u2019de k\u00fcrek \u00e7ekecek. Organizasyon, hem spor turizmi hem de Kemer\u2019in uluslararas\u0131 tan\u0131t\u0131m\u0131 a\u00e7\u0131s\u0131ndan b\u00fcy\u00fck \u00f6nem ta\u015f\u0131yor.<\/p>\n<p>Kemer Belediyesi Meclis \u00dcyesi ve KEM\u0130AD Ba\u015fkan Yard\u0131mc\u0131s\u0131 Cans\u0131n Efir, yar\u0131\u015flar\u0131n d\u00fcnya \u015fampiyonas\u0131 takvimine al\u0131nmas\u0131n\u0131n Kemer ad\u0131na \u00f6nemli bir geli\u015fme oldu\u011funu belirtti.<\/p>\n<p>Efir yapt\u0131\u011f\u0131 a\u00e7\u0131klamada, Kemer\u2019in daha \u00f6nce ev sahipli\u011fi yapt\u0131\u011f\u0131 SUP yar\u0131\u015flar\u0131n\u0131n uluslararas\u0131 alanda g\u00f6rd\u00fc\u011f\u00fc ilginin bu ba\u015far\u0131da b\u00fcy\u00fck rol oynad\u0131\u011f\u0131n\u0131 ifade ederek \u015funlar\u0131 s\u00f6yledi:<\/p>\n<p>\u201cKemer\u2019de daha \u00f6nce ba\u015far\u0131yla d\u00fczenlenen Uluslararas\u0131 SUP Cup yar\u0131\u015flar\u0131n\u0131n, D\u00fcnya Kano Federasyonu taraf\u0131ndan d\u00fczenlenen d\u00fcnya \u015fampiyonas\u0131 takvimine dahil edilmesi bizim i\u00e7in b\u00fcy\u00fck bir gurur. Bu organizasyonun kalitesi ve Kemer\u2019in do\u011fal parkurlar\u0131 uluslararas\u0131 spor camias\u0131n\u0131n dikkatini \u00e7ekti. Bu y\u0131l 28-31 Ekim tarihleri aras\u0131nda d\u00fcnyan\u0131n en iyi sporcular\u0131n\u0131 Kemer\u2019de a\u011f\u0131rlayaca\u011f\u0131z.\u201d<\/p>\n<p>\u201cKemer\u2019in tan\u0131t\u0131m\u0131na b\u00fcy\u00fck katk\u0131 sa\u011flayacak\u201d<\/p>\n<p>Efir, organizasyonun Kemer\u2019in spor turizmi a\u00e7\u0131s\u0131ndan de\u011ferini daha da art\u0131raca\u011f\u0131n\u0131 belirterek \u015fu de\u011ferlendirmede bulundu:<\/p>\n<p>\u201cKemer Kaymakaml\u0131\u011f\u0131, Kemer Belediyesi ve ana sponsorumuz Corendon\u2019un katk\u0131lar\u0131yla ger\u00e7ekle\u015fecek bu organizasyon sadece bir spor etkinli\u011fi de\u011fil, ayn\u0131 zamanda Kemer\u2019in d\u00fcnya \u00e7ap\u0131nda tan\u0131t\u0131m\u0131na b\u00fcy\u00fck katk\u0131 sa\u011flayacak \u00f6nemli bir ad\u0131m. Spor turizmi a\u00e7\u0131s\u0131ndan Kemer\u2019i uluslararas\u0131 arenada daha g\u00fc\u00e7l\u00fc bir konuma ta\u015f\u0131yaca\u011f\u0131m\u0131za inan\u0131yoruz.\u201d<\/p>\n<p>D\u00fcnyan\u0131n farkl\u0131 \u00fclkelerinden sporcular\u0131n kat\u0131laca\u011f\u0131 yar\u0131\u015flar\u0131n, Kemer\u2019de spor turizmine yeni bir ivme kazand\u0131rmas\u0131 bekleniyor.<\/p>\n<p>\u00a0<\/p>\n<p>Kaynak: (BYZHA) Beyaz Haber Ajans\u0131<\/p>\n","protected":false},"excerpt":{"rendered":"<p>Kemer\u2019de daha \u00f6nce uluslararas\u0131 d\u00fczeyde d\u00fczenlenen SUP yar\u0131\u015flar\u0131, bu y\u0131l \u00f6nemli bir ba\u015far\u0131ya imza atarak D\u00fcnya Kano Federasyonu\u2019nun resmi d\u00fcnya \u015fampiyonas\u0131 takvimine girdi.<\/p>\n","protected":false},"author":1,"featured_media":3455,"comment_status":"open","ping_status":"open","sticky":false,"template":"","format":"standard","meta":{"footnotes":""},"categories":[24],"tags":[],"class_list":["post-3454","post","type-post","status-publish","format-standard","has-post-thumbnail","hentry","category-spor"],"_links":{"self":[{"href":"https:\/\/busondakika.com.tr\/index.php?rest_route=\/wp\/v2\/posts\/3454","targetHints":{"allow":["GET"]}}],"collection":[{"href":"https:\/\/busondakika.com.tr\/index.php?rest_route=\/wp\/v2\/posts"}],"about":[{"href":"https:\/\/busondakika.com.tr\/index.php?rest_route=\/wp\/v2\/types\/post"}],"author":[{"embeddable":true,"href":"https:\/\/busondakika.com.tr\/index.php?rest_route=\/wp\/v2\/users\/1"}],"replies":[{"embeddable":true,"href":"https:\/\/busondakika.com.tr\/index.php?rest_route=%2Fwp%2Fv2%2Fcomments&post=3454"}],"version-history":[{"count":1,"href":"https:\/\/busondakika.com.tr\/index.php?rest_route=\/wp\/v2\/posts\/3454\/revisions"}],"predecessor-version":[{"id":3456,"href":"https:\/\/busondakika.com.tr\/index.php?rest_route=\/wp\/v2\/posts\/3454\/revisions\/3456"}],"wp:featuredmedia":[{"embeddable":true,"href":"https:\/\/busondakika.com.tr\/index.php?rest_route=\/wp\/v2\/media\/3455"}],"wp:attachment":[{"href":"https:\/\/busondakika.com.tr\/index.php?rest_route=%2Fwp%2Fv2%2Fmedia&parent=3454"}],"wp:term":[{"taxonomy":"category","embeddable":true,"href":"https:\/\/busondakika.com.tr\/index.php?rest_route=%2Fwp%2Fv2%2Fcategories&post=3454"},{"taxonomy":"post_tag","embeddable":true,"href":"https:\/\/busondakika.com.tr\/index.php?rest_route=%2Fwp%2Fv2%2Ftags&post=3454"}],"curies":[{"name":"wp","href":"https:\/\/api.w.org\/{rel}","templated":true}]}}