{"id":3457,"date":"2026-03-14T01:27:07","date_gmt":"2026-03-14T01:27:07","guid":{"rendered":"https:\/\/busondakika.com.tr\/?p=3457"},"modified":"2026-03-14T01:27:08","modified_gmt":"2026-03-14T01:27:08","slug":"bursasporun-sampiyonluk-heyecani-niluferde-yasanacak","status":"publish","type":"post","link":"https:\/\/busondakika.com.tr\/?p=3457","title":{"rendered":"Bursaspor\u2019un \u015fampiyonluk heyecan\u0131 Nil\u00fcfer\u2019de ya\u015fanacak"},"content":{"rendered":"<p> Bursaspor\u2019un TFF 2. Lig\u2019de Akeda\u015f Kahramanmara\u015f \u0130stiklal Spor ile deplasmanda kar\u015f\u0131la\u015faca\u011f\u0131 m\u00fccadele, \u00dc\u00e7 Fidan Gen\u00e7lik Park\u0131\u2019nda kurulacak dev ekranda yay\u0131nlanacak. Nil\u00fcfer Belediye Ba\u015fkan\u0131 \u015eadi \u00d6zdemir, \u015fampiyonluk m\u00fccadelesi veren ye\u015fil beyazl\u0131 tak\u0131m\u0131n taraftarlar\u0131n\u0131 ma\u00e7 heyecan\u0131n\u0131 birlikte payla\u015fmaya davet etti.<\/p>\n<p>TFF 2. Lig\u2019de \u015fampiyonluk yolunda emin ad\u0131mlarla ilerleyen Bursaspor, ligin 28. haftas\u0131nda 14 Mart 2026 Cumartesi g\u00fcn\u00fc 13.30\u2019da deplasmanda Akeda\u015f Kahramanmara\u015f \u0130stiklal Spor ile kar\u015f\u0131 kar\u015f\u0131ya gelecek. Nil\u00fcfer Belediyesi, Bursaspor taraftarlar\u0131n\u0131n bu \u00f6nemli ma\u00e7ta tak\u0131mlar\u0131n\u0131 yaln\u0131z b\u0131rakmamas\u0131 i\u00e7in \u00dc\u00e7 Fidan Gen\u00e7lik Park\u0131\u2019nda dev ekran kuracak. Sandalyesini al\u0131p gelen ye\u015fil beyazl\u0131 taraftarlar, bu co\u015fkuyu birlikte ya\u015fayacak.<\/p>\n<p>Bu heyecana taraftarlar\u0131 davet eden Nil\u00fcfer Belediye Ba\u015fkan\u0131 \u015eadi \u00d6zdemir, \u201cGelin, tak\u0131m\u0131m\u0131z\u0131n deplasmanda verece\u011fi bu \u00f6nemli m\u00fccadeleyi \u00dc\u00e7 Fidan Gen\u00e7lik Park\u0131\u2019nda omuz omuza birlikte izleyelim. \u015eampiyonluk m\u00fccadelesinin heyecan\u0131n\u0131 hep beraber ya\u015fayal\u0131m\u201d dedi.<\/p>\n<p>\u00a0<\/p>\n<p>\u00a0<\/p>\n<p>Kaynak: (BYZHA) Beyaz Haber Ajans\u0131<\/p>\n","protected":false},"excerpt":{"rendered":"<p>Bursaspor\u2019un TFF 2.<\/p>\n","protected":false},"author":1,"featured_media":3458,"comment_status":"open","ping_status":"open","sticky":false,"template":"","format":"standard","meta":{"footnotes":""},"categories":[24],"tags":[],"class_list":["post-3457","post","type-post","status-publish","format-standard","has-post-thumbnail","hentry","category-spor"],"_links":{"self":[{"href":"https:\/\/busondakika.com.tr\/index.php?rest_route=\/wp\/v2\/posts\/3457","targetHints":{"allow":["GET"]}}],"collection":[{"href":"https:\/\/busondakika.com.tr\/index.php?rest_route=\/wp\/v2\/posts"}],"about":[{"href":"https:\/\/busondakika.com.tr\/index.php?rest_route=\/wp\/v2\/types\/post"}],"author":[{"embeddable":true,"href":"https:\/\/busondakika.com.tr\/index.php?rest_route=\/wp\/v2\/users\/1"}],"replies":[{"embeddable":true,"href":"https:\/\/busondakika.com.tr\/index.php?rest_route=%2Fwp%2Fv2%2Fcomments&post=3457"}],"version-history":[{"count":1,"href":"https:\/\/busondakika.com.tr\/index.php?rest_route=\/wp\/v2\/posts\/3457\/revisions"}],"predecessor-version":[{"id":3459,"href":"https:\/\/busondakika.com.tr\/index.php?rest_route=\/wp\/v2\/posts\/3457\/revisions\/3459"}],"wp:featuredmedia":[{"embeddable":true,"href":"https:\/\/busondakika.com.tr\/index.php?rest_route=\/wp\/v2\/media\/3458"}],"wp:attachment":[{"href":"https:\/\/busondakika.com.tr\/index.php?rest_route=%2Fwp%2Fv2%2Fmedia&parent=3457"}],"wp:term":[{"taxonomy":"category","embeddable":true,"href":"https:\/\/busondakika.com.tr\/index.php?rest_route=%2Fwp%2Fv2%2Fcategories&post=3457"},{"taxonomy":"post_tag","embeddable":true,"href":"https:\/\/busondakika.com.tr\/index.php?rest_route=%2Fwp%2Fv2%2Ftags&post=3457"}],"curies":[{"name":"wp","href":"https:\/\/api.w.org\/{rel}","templated":true}]}}