{"id":3481,"date":"2026-03-14T01:27:22","date_gmt":"2026-03-14T01:27:22","guid":{"rendered":"https:\/\/busondakika.com.tr\/?p=3481"},"modified":"2026-03-14T01:27:23","modified_gmt":"2026-03-14T01:27:23","slug":"koskiden-is-guvenliginde-dijital-donusum","status":"publish","type":"post","link":"https:\/\/busondakika.com.tr\/?p=3481","title":{"rendered":"KOSK\u0130\u2019den \u0130\u015f G\u00fcvenli\u011finde Dijital D\u00f6n\u00fc\u015f\u00fcm"},"content":{"rendered":"\n<p style=\"margin-bottom:10px;text-align:start\"><span style=\"font-size:16px\"><span><span style=\"color:#000000\"><span style=\"font-weight:500\"><span style=\"font-family:Montserrat !important\"><span style=\"line-height:22.4px\"><span style=\"font-style:normal\"><span><span style=\"white-space:normal\"><span style=\"background-color:#ffffff\"><span><span><span><span><span style=\"color:#000000\"><span style=\"font-weight:500\"><span>Konya B\u00fcy\u00fck\u015fehir Belediyesi KOSK\u0130 Genel M\u00fcd\u00fcrl\u00fc\u011f\u00fc, \u00e7al\u0131\u015fanlar\u0131n g\u00fcvenli\u011fini art\u0131rmak ve i\u015f sa\u011fl\u0131\u011f\u0131 ile g\u00fcvenli\u011fi alan\u0131nda teknolojiyi daha etkin kullanmak amac\u0131yla \u00f6nemli bir dijital d\u00f6n\u00fc\u015f\u00fcm uygulamas\u0131n\u0131 daha hayata ge\u00e7irdi.<\/span><\/span><\/span><\/span><\/span><\/span><\/span><\/span><\/span><\/span><\/span><\/span><\/span><\/span><\/span><\/span><\/span><\/p>\n<p style=\"margin-bottom:10px;text-align:start\"><span style=\"font-size:16px\"><span><span style=\"color:#000000\"><span style=\"font-weight:500\"><span style=\"font-family:Montserrat !important\"><span style=\"line-height:22.4px\"><span style=\"font-style:normal\"><span><span style=\"white-space:normal\"><span style=\"background-color:#ffffff\"><span><span><span><span><span style=\"color:#000000\"><span style=\"font-weight:500\"><span>T\u00fcrkiye\u2019de ilk kez uygulanacak sistem kapsam\u0131nda can g\u00fcvenli\u011fi i\u00e7in kurum personeli ak\u0131ll\u0131 saat ve ak\u0131ll\u0131 bilekliklerle takip edilecek. Yeni sistem \u00f6zellikle yaln\u0131z \u00e7al\u0131\u015fan, engelli ve kronik hastal\u0131\u011f\u0131 bulunan personelin g\u00fcvenli\u011fini art\u0131rmay\u0131 ama\u00e7l\u0131yor. Ak\u0131ll\u0131 saat ve bileklikler sayesinde \u00e7al\u0131\u015fanlar\u0131n kalp at\u0131\u015f h\u0131z\u0131, EKG verileri, kandaki oksijen seviyesi, d\u00fc\u015fme alg\u0131lama, hareketsizlik tespiti ve acil durum \u00e7a\u011fr\u0131s\u0131 gibi hayati sa\u011fl\u0131k verileri anl\u0131k olarak izlenebilecek. Olas\u0131 risk durumlar\u0131nda sistem otomatik uyar\u0131 vererek h\u0131zl\u0131 m\u00fcdahale imk\u00e2n\u0131 sa\u011flayacak.<\/span><\/span><\/span><\/span><\/span><\/span><\/span><\/span><\/span><\/span><\/span><\/span><\/span><\/span><\/span><\/span><\/span><\/p>\n<p style=\"margin-bottom:10px;text-align:start\"><span style=\"font-size:16px\"><span><span style=\"color:#000000\"><span style=\"font-weight:500\"><span style=\"font-family:Montserrat !important\"><span style=\"line-height:22.4px\"><span style=\"font-style:normal\"><span><span style=\"white-space:normal\"><span style=\"background-color:#ffffff\"><span><span><span><span><span style=\"color:#000000\"><span style=\"font-weight:500\"><span>Uygulama; depolar, s\u0131v\u0131 tanklar\u0131 ve kuyular gibi kapal\u0131 alanlar\u0131n yan\u0131 s\u0131ra su depolar\u0131 gibi y\u00fcksek alanlarda, gaz, s\u0131cakl\u0131k ve bas\u0131n\u00e7 riski bulunan tesislerde ve y\u00fcksek gerilim bulunan \u00e7al\u0131\u015fma sahalar\u0131nda g\u00f6rev yapan personeli kaps\u0131yor. Bu alanlarda \u00e7al\u0131\u015fan personel ak\u0131ll\u0131 bileklikler arac\u0131l\u0131\u011f\u0131yla uzaktan takip edilerek g\u00fcvenlikleri s\u00fcrekli kontrol alt\u0131nda tutulacak.<\/span><\/span><\/span><\/span><\/span><\/span><\/span><\/span><\/span><\/span><\/span><\/span><\/span><\/span><\/span><\/span><\/span><\/p>\n<p style=\"margin-bottom:10px;text-align:start\"><span style=\"font-size:16px\"><span><span style=\"color:#000000\"><span style=\"font-weight:500\"><span style=\"font-family:Montserrat !important\"><span style=\"line-height:22.4px\"><span style=\"font-style:normal\"><span><span style=\"white-space:normal\"><span style=\"background-color:#ffffff\"><span><span><span><span><span style=\"color:#000000\"><span style=\"font-weight:500\"><span>Ak\u0131ll\u0131 saatlerde bulunan konum izleme teknolojisi sayesinde personelin bulundu\u011fu yer anl\u0131k olarak tespit edilebilecek. Olas\u0131 sa\u011fl\u0131k risklerinde sistemin otomatik uyar\u0131 vermesi sayesinde ilk m\u00fcdahalenin h\u0131zl\u0131 bir \u015fekilde yap\u0131lmas\u0131 sa\u011flanacak.<\/span><\/span><\/span><\/span><\/span><\/span><\/span><\/span><\/span><\/span><\/span><\/span><\/span><\/span><\/span><\/span><\/span><\/p>\n<p style=\"margin-bottom:10px;text-align:start\">\u00a0<\/p>\n<p style=\"margin-bottom:10px;text-align:start\">\u00a0<\/p>\n<p>Kaynak: (BYZHA) Beyaz Haber Ajans\u0131<\/p>\n","protected":false},"excerpt":{"rendered":"<p>Konya B\u00fcy\u00fck\u015fehir Belediyesi KOSK\u0130 Genel M\u00fcd\u00fcrl\u00fc\u011f\u00fc, \u00e7al\u0131\u015fanlar\u0131n g\u00fcvenli\u011fini art\u0131rmak ve i\u015f sa\u011fl\u0131\u011f\u0131 ile g\u00fcvenli\u011fi alan\u0131nda teknolojiyi daha etkin kullanmak amac\u0131yla \u00f6nemli bir dijital d\u00f6n\u00fc\u015f\u00fcm uygulamas\u0131n\u0131 daha hayata ge\u00e7irdi.<\/p>\n","protected":false},"author":1,"featured_media":3482,"comment_status":"open","ping_status":"open","sticky":false,"template":"","format":"standard","meta":{"footnotes":""},"categories":[25],"tags":[],"class_list":["post-3481","post","type-post","status-publish","format-standard","has-post-thumbnail","hentry","category-teknoloji"],"_links":{"self":[{"href":"https:\/\/busondakika.com.tr\/index.php?rest_route=\/wp\/v2\/posts\/3481","targetHints":{"allow":["GET"]}}],"collection":[{"href":"https:\/\/busondakika.com.tr\/index.php?rest_route=\/wp\/v2\/posts"}],"about":[{"href":"https:\/\/busondakika.com.tr\/index.php?rest_route=\/wp\/v2\/types\/post"}],"author":[{"embeddable":true,"href":"https:\/\/busondakika.com.tr\/index.php?rest_route=\/wp\/v2\/users\/1"}],"replies":[{"embeddable":true,"href":"https:\/\/busondakika.com.tr\/index.php?rest_route=%2Fwp%2Fv2%2Fcomments&post=3481"}],"version-history":[{"count":1,"href":"https:\/\/busondakika.com.tr\/index.php?rest_route=\/wp\/v2\/posts\/3481\/revisions"}],"predecessor-version":[{"id":3483,"href":"https:\/\/busondakika.com.tr\/index.php?rest_route=\/wp\/v2\/posts\/3481\/revisions\/3483"}],"wp:featuredmedia":[{"embeddable":true,"href":"https:\/\/busondakika.com.tr\/index.php?rest_route=\/wp\/v2\/media\/3482"}],"wp:attachment":[{"href":"https:\/\/busondakika.com.tr\/index.php?rest_route=%2Fwp%2Fv2%2Fmedia&parent=3481"}],"wp:term":[{"taxonomy":"category","embeddable":true,"href":"https:\/\/busondakika.com.tr\/index.php?rest_route=%2Fwp%2Fv2%2Fcategories&post=3481"},{"taxonomy":"post_tag","embeddable":true,"href":"https:\/\/busondakika.com.tr\/index.php?rest_route=%2Fwp%2Fv2%2Ftags&post=3481"}],"curies":[{"name":"wp","href":"https:\/\/api.w.org\/{rel}","templated":true}]}}