{"id":3487,"date":"2026-03-14T01:27:26","date_gmt":"2026-03-14T01:27:26","guid":{"rendered":"https:\/\/busondakika.com.tr\/?p=3487"},"modified":"2026-03-14T01:27:27","modified_gmt":"2026-03-14T01:27:27","slug":"5gye-sayili-gunler-kala-vodafone-flexte-firsatlar-basladi","status":"publish","type":"post","link":"https:\/\/busondakika.com.tr\/?p=3487","title":{"rendered":"5G&#8217;ye Say\u0131l\u0131 G\u00fcnler Kala Vodafone Flex&#8217;te F\u0131rsatlar Ba\u015flad\u0131"},"content":{"rendered":"<p> \u00a0T\u00fcrkiye\u2019nin dijitalle\u015fmesine liderlik etme vizyonuyla faaliyet g\u00f6steren\u00a0<strong>Vodafone,\u00a0<\/strong>global<strong>\u00a0<\/strong>teknoloji i\u015fbirlikleriyle m\u00fc\u015fterilerinin do\u011fru \u00fcr\u00fcnlere do\u011fru zamanda eri\u015fmesini sa\u011flamaya devam ediyor. \u015eirket, toplam 10\u2019u a\u015fk\u0131n kategoride 1.000\u2019den fazla \u00fcr\u00fcn\u00fcn yer ald\u0131\u011f\u0131\u00a0<strong>Vodafone FLEX<\/strong>\u00a0\u00e7at\u0131s\u0131 alt\u0131nda\u00a0t\u00fcm T\u00fcrkiye 5G\u2019ye haz\u0131r olsun diye\u00a0<strong>Mart ay\u0131na<\/strong>\u00a0\u00f6zel f\u0131rsatlar sunuyor. Buna g\u00f6re, se\u00e7ili 5G uyumlu telefonlarda (Samsung Galaxy A17 5G, TECNO Spark Slim 5G, Xiaomi Redmi 15 5G, OPPO A5 5G, Infinix Hot60i 256GB 5G) T\u00fcrkiye\u2019de bir ilk olan \u00fccretsiz 5 y\u0131l garanti kampanyas\u0131 Mart sonuna kadar devam edecek. Vodafone FLEX\u2019te 5G uyumlu Samsung Galaxy Tab S10 Lite 5G ve Galaxy Tab S11 5G tabletler de faturaya ek 6 taksit f\u0131rsat\u0131yla sunulacak.\u00a0<\/p>\n<p><strong>Vodafone T\u00fcrkiye \u0130cra Kurulu Ba\u015fkan Yard\u0131mc\u0131s\u0131 Meltem Bakiler \u015eahin,<\/strong>\u00a0\u015funlar\u0131 s\u00f6yledi:<\/p>\n<p>\u201cVodafone olarak,\u00a05 k\u0131tada edindi\u011fimiz 5G tecr\u00fcbesiyle, yeni nesil teknolojilere ge\u00e7i\u015fte sadece altyap\u0131y\u0131 de\u011fil m\u00fc\u015fterilerimizin haz\u0131r olmas\u0131n\u0131 da oda\u011f\u0131m\u0131za al\u0131yoruz. 5G\u2019ye ge\u00e7i\u015f s\u00fcrecinde m\u00fc\u015fterilerimizin do\u011fru cihaza eri\u015fimi \u00f6nemli rol oynuyor.\u00a0Bu anlay\u0131\u015fla, Mart ay\u0131 i\u00e7in Vodafone FLEX\u2019te ak\u0131ll\u0131 telefondan tablete bir\u00e7ok kategoride \u00e7e\u015fitli f\u0131rsatlar sunuyoruz.\u00a0Vodafone FLEX ile diledi\u011fi \u00fcr\u00fcn\u00fc se\u00e7en m\u00fc\u015fterilerimiz, kendilerine en uygun \u00f6deme y\u00f6ntemini de se\u00e7erek kendilerini ya da sevdiklerini mutlu edecek \u00fcr\u00fcnleri Vodafone\u2019dan kolayca sat\u0131n alabiliyorlar. Global deneyimimizden beslenen bu kampanyayla teknolojiyi daha yak\u0131n, daha kolay ve herkes i\u00e7in daha ula\u015f\u0131labilir hale getirmeyi ama\u00e7l\u0131yoruz.\u00a0Herkesi Vodafone FLEX avantajlar\u0131ndan yararlanmaya davet ediyoruz.\u201d<\/p>\n<p><strong>Mart ay\u0131na \u00f6zel f\u0131rsatlar<\/strong><\/p>\n<p>Vodafone FLEX\u2019in Mart f\u0131rsatlar\u0131 kapsam\u0131nda, \u00e7ok satan se\u00e7ili Apple, Samsung, JBL, Huawei ve TECNO marka ak\u0131ll\u0131 saat ve kulakl\u0131klarda %39\u2019a varan indirim ay sonuna kadar devam edecek. Vodafone ma\u011fazalar\u0131nda \u00e7ok satan se\u00e7ili telefon, ak\u0131ll\u0131 saat ve kulakl\u0131klarda avantajl\u0131 pe\u015fin \u00f6deme se\u00e7enekleri de sunulacak. Samsung\u2019un 5G uyumlu yeni serisi Galaxy S26, \u00f6n sat\u0131\u015f d\u00f6nemi boyunca ayn\u0131 fiyata iki kat haf\u0131za f\u0131rsat\u0131yla sunuluyor. M\u00fc\u015fteriler ister faturaya ek 3 ay taksit, ister pe\u015fin \u00f6deme se\u00e7ene\u011fiyle yeni Galaxy S26 serisine sahip olabiliyor. Apple\u2019\u0131n yeni 5G uyumlu iPhone 17e modeli ise yine Vodafone FLEX\u2019te \u00f6n sat\u0131\u015fa sunuldu. 11 Mart itibar\u0131yla faturaya ek ve pe\u015fin \u00f6deme se\u00e7enekleriyle sat\u0131\u015f d\u00f6nemine ba\u015flayacak.<\/p>\n<p><strong>Avantajlarla dolu Vodafone FLEX d\u00fcnyas\u0131\u00a0<\/strong><\/p>\n<p><strong>\u00a0<\/strong>Vodafone FLEX, m\u00fc\u015fterilerinin ihtiya\u00e7 ve talepleri i\u00e7in \u00e7ok geni\u015f ve \u00e7e\u015fitli \u00fcr\u00fcn portf\u00f6y\u00fc sunan bir \u00a0teknoloji d\u00fcnyas\u0131. \u201cSe\u00e7 Se\u00e7 Al\u201d mottosuyla duyurulan Vodafone FLEX d\u00fcnyas\u0131 \u201c\u00fcr\u00fcn\u00fc se\u00e7, \u00f6demeni se\u00e7 ve kolayca al\u201d ilkesine dayan\u0131yor. M\u00fc\u015fteriler, kredi kart\u0131na ihtiya\u00e7 duymadan faturalar\u0131na ek 12 aya varan \u00f6deme imkan\u0131 ve daha bir\u00e7ok kendine uygun \u00e7e\u015fitli \u00f6deme y\u00f6ntemleriyle zengin se\u00e7enekler aras\u0131ndan diledi\u011fi teknolojik \u00fcr\u00fcn\u00fc Vodafone g\u00fcvencesiyle alabiliyor. Vodafone FLEX ayr\u0131ca, T\u00fcrkiye\u2019nin en geni\u015f 5G uyumlu telefon portf\u00f6y\u00fc* ve esnek \u00f6deme se\u00e7enekleri sayesinde, 1 Nisan\u2019da kullan\u0131ma sunulacak 5G hizmeti \u00f6ncesi m\u00fc\u015fterilerin 5G uyumlu cihaza sahip olmas\u0131n\u0131 kolayla\u015ft\u0131r\u0131yor.\u00a0<\/p>\n<p>\u00a0<\/p>\n<p>Kaynak: (BYZHA) Beyaz Haber Ajans\u0131<\/p>\n","protected":false},"excerpt":{"rendered":"<p>\u00a0T\u00fcrkiye\u2019nin dijitalle\u015fmesine liderlik etme vizyonuyla faaliyet g\u00f6steren\u00a0Vodafone,\u00a0global\u00a0teknoloji i\u015fbirlikleriyle m\u00fc\u015fterilerinin do\u011fru \u00fcr\u00fcnlere do\u011fru zamanda eri\u015fmesini sa\u011flamaya devam ediyor.<\/p>\n","protected":false},"author":1,"featured_media":3488,"comment_status":"open","ping_status":"open","sticky":false,"template":"","format":"standard","meta":{"footnotes":""},"categories":[25],"tags":[],"class_list":["post-3487","post","type-post","status-publish","format-standard","has-post-thumbnail","hentry","category-teknoloji"],"_links":{"self":[{"href":"https:\/\/busondakika.com.tr\/index.php?rest_route=\/wp\/v2\/posts\/3487","targetHints":{"allow":["GET"]}}],"collection":[{"href":"https:\/\/busondakika.com.tr\/index.php?rest_route=\/wp\/v2\/posts"}],"about":[{"href":"https:\/\/busondakika.com.tr\/index.php?rest_route=\/wp\/v2\/types\/post"}],"author":[{"embeddable":true,"href":"https:\/\/busondakika.com.tr\/index.php?rest_route=\/wp\/v2\/users\/1"}],"replies":[{"embeddable":true,"href":"https:\/\/busondakika.com.tr\/index.php?rest_route=%2Fwp%2Fv2%2Fcomments&post=3487"}],"version-history":[{"count":1,"href":"https:\/\/busondakika.com.tr\/index.php?rest_route=\/wp\/v2\/posts\/3487\/revisions"}],"predecessor-version":[{"id":3489,"href":"https:\/\/busondakika.com.tr\/index.php?rest_route=\/wp\/v2\/posts\/3487\/revisions\/3489"}],"wp:featuredmedia":[{"embeddable":true,"href":"https:\/\/busondakika.com.tr\/index.php?rest_route=\/wp\/v2\/media\/3488"}],"wp:attachment":[{"href":"https:\/\/busondakika.com.tr\/index.php?rest_route=%2Fwp%2Fv2%2Fmedia&parent=3487"}],"wp:term":[{"taxonomy":"category","embeddable":true,"href":"https:\/\/busondakika.com.tr\/index.php?rest_route=%2Fwp%2Fv2%2Fcategories&post=3487"},{"taxonomy":"post_tag","embeddable":true,"href":"https:\/\/busondakika.com.tr\/index.php?rest_route=%2Fwp%2Fv2%2Ftags&post=3487"}],"curies":[{"name":"wp","href":"https:\/\/api.w.org\/{rel}","templated":true}]}}