{"id":3493,"date":"2026-03-14T01:27:29","date_gmt":"2026-03-14T01:27:29","guid":{"rendered":"https:\/\/busondakika.com.tr\/?p=3493"},"modified":"2026-03-14T01:27:30","modified_gmt":"2026-03-14T01:27:30","slug":"samsung-care-ile-cihaz-korumasina-yeni-standartlar-getiriyor","status":"publish","type":"post","link":"https:\/\/busondakika.com.tr\/?p=3493","title":{"rendered":"Samsung Care+ ile cihaz korumas\u0131na yeni standartlar getiriyor"},"content":{"rendered":"<p> Samsung Electronics\u2019in global i\u015f ortaklar\u0131 Chubb Sigorta ve Service Lee Brokerli\u011fi i\u015f birli\u011fiyle hayata ge\u00e7irdi\u011fi Samsung Care+ sigorta paketi, Galaxy kullan\u0131c\u0131lar\u0131n\u0131n cihazlar\u0131n\u0131 g\u00fcvenle kullanmalar\u0131na olanak tan\u0131yor. Paket, beklenmedik kazalar kar\u015f\u0131s\u0131nda h\u0131zl\u0131 ve premium kalitede destek sunarken g\u00fcnl\u00fck kullan\u0131m s\u0131ras\u0131nda olu\u015fabilecek risklere kar\u015f\u0131 da kapsaml\u0131 bir g\u00fcvence sa\u011flayarak cihazlar\u0131n verimli \u015fekilde kullan\u0131lmas\u0131na katk\u0131da bulunuyor.\u00a0Samsung Care+; k\u0131r\u0131lma, d\u00fc\u015fme veya s\u0131v\u0131 d\u00f6k\u00fclmesi gibi kazalara kar\u015f\u0131 s\u0131n\u0131rs\u0131z koruma sunarken, cihazlar Samsung\u2019un T\u00fcrkiye \u00e7ap\u0131nda yayg\u0131n yetkili servislerinde Samsung sertifikal\u0131 uzman teknisyenler taraf\u0131ndan orijinal par\u00e7alar kullan\u0131larak h\u0131zl\u0131 bir \u015fekilde onar\u0131l\u0131yor.<\/p>\n<p><strong>Kazaen K\u0131r\u0131lma Paketi ile s\u0131n\u0131rs\u0131z onar\u0131m hakk\u0131<\/strong><\/p>\n<p>Samsung Care+ ile sunulan Ekran Koruma Sigortas\u0131 y\u0131ll\u0131k olarak sat\u0131n al\u0131nabiliyor ve sadece ekran hasarlar\u0131n\u0131 kaps\u0131yor. Bu paket kapsam\u0131nda kullan\u0131c\u0131lar y\u0131lda bir defa ekran de\u011fi\u015fimi hakk\u0131na sahip oluyor. Tercihe g\u00f6re ayl\u0131k veya 2 y\u0131ll\u0131k paket \u015feklinde al\u0131nabilen Kazaen K\u0131r\u0131lma paketi ise ekran koruma dahil t\u00fcm fiziksel ve s\u0131v\u0131 hasarlar\u0131na kar\u015f\u0131 kapsaml\u0131 bir g\u00fcvence sunuyor. Kazaen K\u0131r\u0131lma paketi s\u0131n\u0131rs\u0131z onar\u0131m hakk\u0131 ve bir defal\u0131k cihaz de\u011fi\u015fiminden y\u00fczde 30 muafiyet ile faydalanma imkan\u0131 sa\u011fl\u0131yor. T\u00fcm paketlerde onar\u0131mlar, cihaz hasar\u0131n\u0131n nerede ya da hangi \u00fclkede oldu\u011funa bak\u0131lmaks\u0131z\u0131n t\u00fcm Samsung yetkili servislerinde orijinal yedek par\u00e7alar kullan\u0131larak yap\u0131l\u0131yor.<\/p>\n<p>\u00a0<\/p>\n<p>Kaynak: (BYZHA) Beyaz Haber Ajans\u0131<\/p>\n","protected":false},"excerpt":{"rendered":"<p>Samsung Electronics\u2019in global i\u015f ortaklar\u0131 Chubb Sigorta ve Service Lee Brokerli\u011fi i\u015f birli\u011fiyle hayata ge\u00e7irdi\u011fi Samsung Care+ sigorta paketi, Galaxy kullan\u0131c\u0131lar\u0131n\u0131n cihazlar\u0131n\u0131 g\u00fcvenle kullanmalar\u0131na olanak tan\u0131yor.<\/p>\n","protected":false},"author":1,"featured_media":3494,"comment_status":"open","ping_status":"open","sticky":false,"template":"","format":"standard","meta":{"footnotes":""},"categories":[25],"tags":[],"class_list":["post-3493","post","type-post","status-publish","format-standard","has-post-thumbnail","hentry","category-teknoloji"],"_links":{"self":[{"href":"https:\/\/busondakika.com.tr\/index.php?rest_route=\/wp\/v2\/posts\/3493","targetHints":{"allow":["GET"]}}],"collection":[{"href":"https:\/\/busondakika.com.tr\/index.php?rest_route=\/wp\/v2\/posts"}],"about":[{"href":"https:\/\/busondakika.com.tr\/index.php?rest_route=\/wp\/v2\/types\/post"}],"author":[{"embeddable":true,"href":"https:\/\/busondakika.com.tr\/index.php?rest_route=\/wp\/v2\/users\/1"}],"replies":[{"embeddable":true,"href":"https:\/\/busondakika.com.tr\/index.php?rest_route=%2Fwp%2Fv2%2Fcomments&post=3493"}],"version-history":[{"count":1,"href":"https:\/\/busondakika.com.tr\/index.php?rest_route=\/wp\/v2\/posts\/3493\/revisions"}],"predecessor-version":[{"id":3495,"href":"https:\/\/busondakika.com.tr\/index.php?rest_route=\/wp\/v2\/posts\/3493\/revisions\/3495"}],"wp:featuredmedia":[{"embeddable":true,"href":"https:\/\/busondakika.com.tr\/index.php?rest_route=\/wp\/v2\/media\/3494"}],"wp:attachment":[{"href":"https:\/\/busondakika.com.tr\/index.php?rest_route=%2Fwp%2Fv2%2Fmedia&parent=3493"}],"wp:term":[{"taxonomy":"category","embeddable":true,"href":"https:\/\/busondakika.com.tr\/index.php?rest_route=%2Fwp%2Fv2%2Fcategories&post=3493"},{"taxonomy":"post_tag","embeddable":true,"href":"https:\/\/busondakika.com.tr\/index.php?rest_route=%2Fwp%2Fv2%2Ftags&post=3493"}],"curies":[{"name":"wp","href":"https:\/\/api.w.org\/{rel}","templated":true}]}}