{"id":3526,"date":"2026-03-14T07:27:37","date_gmt":"2026-03-14T07:27:37","guid":{"rendered":"https:\/\/busondakika.com.tr\/?p=3526"},"modified":"2026-03-14T07:27:38","modified_gmt":"2026-03-14T07:27:38","slug":"5-tramvaydan-dorduncusu-raylara-indi","status":"publish","type":"post","link":"https:\/\/busondakika.com.tr\/?p=3526","title":{"rendered":"5 tramvaydan d\u00f6rd\u00fcnc\u00fcs\u00fc raylara indi"},"content":{"rendered":"<p> Kocaeli B\u00fcy\u00fck\u015fehir Belediyesi, \u015fehir i\u00e7i ula\u015f\u0131m\u0131na \u00f6nemli katk\u0131 sa\u011flayan tramvay filosunu b\u00fcy\u00fctmeye devam ediyor. Ba\u015fkan Tahir B\u00fcy\u00fckak\u0131n\u2019\u0131n Aral\u0131k 2025\u2019te m\u00fcjdesini verdi\u011fi 5 yeni tramvaydan d\u00f6rd\u00fcnc\u00fcs\u00fc raylarla bulu\u015ftu.<\/p>\n<p><b>\u015eEH\u0130R \u0130\u00c7\u0130 ULA\u015eIMA YEN\u0130 NEFES<\/b><\/p>\n<p>Kocaeli B\u00fcy\u00fck\u015fehir Belediyesi\u2019nin \u015fehir i\u00e7i trafi\u011fine nefes ald\u0131ran tramvay projesinde yeni nesil ara\u00e7lar birer birer hizmete sunuluyor. Aral\u0131k 2025\u2019te ba\u015flayan teslimatlar kapsam\u0131nda filoya dahil edilen modern tramvaylar, toplu ta\u015f\u0131ma kapasitesini art\u0131rarak vatanda\u015flara daha rahat ve konforlu bir ula\u015f\u0131m imk\u00e2n\u0131 sunuyor.<\/p>\n<p><b>YEN\u0130 NES\u0130L KONFORLU ARA\u00c7LAR<\/b><\/p>\n<p>B\u00fcy\u00fck\u015fehir Belediyesi\u2019nin toplu ta\u015f\u0131ma kapasitesini art\u0131rmak amac\u0131yla filoya kazand\u0131rd\u0131\u011f\u0131 5 yeni tramvaydan d\u00f6rd\u00fcnc\u00fcs\u00fc de raylarla bulu\u015ftu. Modern tasar\u0131mlar\u0131 ve teknolojik donan\u0131mlar\u0131yla dikkat \u00e7eken ara\u00e7lar, sefer s\u0131kl\u0131\u011f\u0131n\u0131 art\u0131rarak ula\u015f\u0131m hizmetinin kalitesini y\u00fckseltiyor.<\/p>\n<p><b>Y\u00dcZDE 70\u2019\u0130 YERL\u0130 \u00dcRET\u0130M<\/b><\/p>\n<p>Ula\u015ft\u0131rma ve Altyap\u0131 Bakanl\u0131\u011f\u0131\u2019na ba\u011fl\u0131 Altyap\u0131 Yat\u0131r\u0131mlar\u0131 Genel M\u00fcd\u00fcrl\u00fc\u011f\u00fc taraf\u0131ndan ihalesi ger\u00e7ekle\u015ftirilen tramvay ara\u00e7lar\u0131, g\u00fcncel teknolojik donan\u0131mlara sahip olarak \u00fcretildi. \u015eehrin k\u00fclt\u00fcrel dokusuna uygun \u015fekilde tasarlanan ara\u00e7lar\u0131n y\u00fczde 70\u2019i yerli \u00fcretimden olu\u015fuyor.<\/p>\n<p><b>\u0130K\u0130L\u0130 SET HAL\u0130NDE \u00c7ALI\u015eAB\u0130L\u0130YOR<\/b><\/p>\n<p>Y\u00fczde 100 al\u00e7ak tabanl\u0131 tramvay ara\u00e7lar\u0131 y\u00fczde 7 e\u011fim \u00e7\u0131kabilme kabiliyetine sahip. Be\u015f mod\u00fclden olu\u015fan \u00e7ift y\u00f6nl\u00fc tramvaylar\u0131n uzunlu\u011fu 33 metre, geni\u015fli\u011fi ise 2,65 metre. Otomatik kupl\u00f6r sistemi sayesinde ara\u00e7lar 2\u2019li set halinde i\u015fletilebiliyor. Tasar\u0131m h\u0131z\u0131 saatte 70 kilometre olan tramvaylarda 12 yolcu kap\u0131s\u0131 ve 66 yolcu koltu\u011fu bulunuyor. Tramvaylar\u0131n toplam yolcu kapasitesi ise 296 ki\u015fi.<\/p>\n<p>\u00a0<\/p>\n<p>Kaynak: (BYZHA) Beyaz Haber Ajans\u0131<\/p>\n","protected":false},"excerpt":{"rendered":"<p>Kocaeli B\u00fcy\u00fck\u015fehir Belediyesi, \u015fehir i\u00e7i ula\u015f\u0131m\u0131na \u00f6nemli katk\u0131 sa\u011flayan tramvay filosunu b\u00fcy\u00fctmeye devam ediyor.<\/p>\n","protected":false},"author":1,"featured_media":3527,"comment_status":"open","ping_status":"open","sticky":false,"template":"","format":"standard","meta":{"footnotes":""},"categories":[21],"tags":[],"class_list":["post-3526","post","type-post","status-publish","format-standard","has-post-thumbnail","hentry","category-gundem"],"_links":{"self":[{"href":"https:\/\/busondakika.com.tr\/index.php?rest_route=\/wp\/v2\/posts\/3526","targetHints":{"allow":["GET"]}}],"collection":[{"href":"https:\/\/busondakika.com.tr\/index.php?rest_route=\/wp\/v2\/posts"}],"about":[{"href":"https:\/\/busondakika.com.tr\/index.php?rest_route=\/wp\/v2\/types\/post"}],"author":[{"embeddable":true,"href":"https:\/\/busondakika.com.tr\/index.php?rest_route=\/wp\/v2\/users\/1"}],"replies":[{"embeddable":true,"href":"https:\/\/busondakika.com.tr\/index.php?rest_route=%2Fwp%2Fv2%2Fcomments&post=3526"}],"version-history":[{"count":1,"href":"https:\/\/busondakika.com.tr\/index.php?rest_route=\/wp\/v2\/posts\/3526\/revisions"}],"predecessor-version":[{"id":3528,"href":"https:\/\/busondakika.com.tr\/index.php?rest_route=\/wp\/v2\/posts\/3526\/revisions\/3528"}],"wp:featuredmedia":[{"embeddable":true,"href":"https:\/\/busondakika.com.tr\/index.php?rest_route=\/wp\/v2\/media\/3527"}],"wp:attachment":[{"href":"https:\/\/busondakika.com.tr\/index.php?rest_route=%2Fwp%2Fv2%2Fmedia&parent=3526"}],"wp:term":[{"taxonomy":"category","embeddable":true,"href":"https:\/\/busondakika.com.tr\/index.php?rest_route=%2Fwp%2Fv2%2Fcategories&post=3526"},{"taxonomy":"post_tag","embeddable":true,"href":"https:\/\/busondakika.com.tr\/index.php?rest_route=%2Fwp%2Fv2%2Ftags&post=3526"}],"curies":[{"name":"wp","href":"https:\/\/api.w.org\/{rel}","templated":true}]}}