{"id":3529,"date":"2026-03-14T07:27:43","date_gmt":"2026-03-14T07:27:43","guid":{"rendered":"https:\/\/busondakika.com.tr\/?p=3529"},"modified":"2026-03-14T07:27:44","modified_gmt":"2026-03-14T07:27:44","slug":"sanat-ve-tasarimda-gundelik-hayat-manifestou-sempozyumunda-ele-alindi","status":"publish","type":"post","link":"https:\/\/busondakika.com.tr\/?p=3529","title":{"rendered":"Sanat ve Tasar\u0131mda G\u00fcndelik Hayat, Manifest\u2019OU Sempozyumu\u2019nda Ele Al\u0131nd\u0131"},"content":{"rendered":"<p> \u0130stanbul Okan \u00dcniversitesi Sanat, Tasar\u0131m ve Mimarl\u0131k Fak\u00fcltesi ev sahipli\u011finde d\u00fczenlenen sempozyum, \u201cG\u00fcndelik Hayat: Sanat ve Tasar\u0131mda G\u00fcndelik Olan\u0131n Esteti\u011fi ve Politikas\u0131\u201d temas\u0131 etraf\u0131nda \u00fc\u00e7 g\u00fcn boyunca hem fiziksel hem \u00e7evrimi\u00e7i platformlarda zengin i\u00e7erikli oturumlara sahne oldu.<\/p>\n<p>Toplam 18 oturumda 59 bildirinin sunuldu\u011fu sempozyumda 30 bildiri y\u00fcz y\u00fcze, 29 bildiri ise \u00e7evrimi\u00e7i olarak payla\u015f\u0131ld\u0131. Ulusal ve uluslararas\u0131 olmak \u00fczere toplam 79 ba\u015fvurunun al\u0131nd\u0131\u011f\u0131 sempozyumda, sanat ve tasar\u0131m\u0131n farkl\u0131 disiplinlerinden kat\u0131l\u0131mc\u0131lar; g\u00fcndelik hayat\u0131n estetik, k\u00fclt\u00fcrel ve politik boyutlar\u0131n\u0131, s\u0131radan nesnelerin ve mek\u00e2nlar\u0131n sanatsal \u00fcretimdeki yerini, g\u00fcndelik pratiklerin yarat\u0131c\u0131 m\u00fcdahalelerle nas\u0131l d\u00f6n\u00fc\u015ft\u00fcr\u00fclebilece\u011fini ve dijitalle\u015fmenin g\u00fcndelik deneyimler \u00fczerindeki etkilerini tart\u0131\u015ft\u0131.<\/p>\n<p>Sempozyumun a\u00e7\u0131l\u0131\u015f konu\u015fmalar\u0131n\u0131, D\u00fczenleme Kurulu Ba\u015fkan\u0131 Prof. Dr. Re\u015fat Ba\u015far ve \u0130stanbul Okan \u00dcniversitesi Rekt\u00f6r\u00fc ve sempozyumun Onursal Ba\u015fkan\u0131 Prof. Dr. G\u00fcliz Mu\u011fan yapt\u0131. Sempozyumun ana konu\u015fmac\u0131s\u0131 ise, sanat tarihi, k\u00fcrat\u00f6ryel \u00e7al\u0131\u015fmalar ve g\u00fcncel sanat alan\u0131ndaki \u00e7al\u0131\u015fmalar\u0131yla tan\u0131nan akademisyen ve k\u00fcrat\u00f6r Prof. Dr. Marcus Graf oldu.<\/p>\n<p>Sempozyum kapsam\u0131nda ayr\u0131ca, M\u00fcze Gazhane\u2019de d\u00fczenlenen panellerde alan\u0131nda \u00f6nemli isimler bir araya geldi. \u201c\u0130stanbul\u2019da G\u00fcndelik Hayat\u0131n \u0130n\u015fas\u0131: Mek\u00e2n, Tasar\u0131m ve Temsil\u201d ba\u015fl\u0131kl\u0131 panelde Y\u00fcksek Mimar ve AURA \u0130stanbul Y\u00f6netim Kurulu Ba\u015fkan\u0131 Kurtul Erkmen, \u0130stanbul B\u00fcy\u00fck\u015fehir Belediyesi Kent Tarihi, Tan\u0131t\u0131m ve Turizm Dairesi Ba\u015fkanl\u0131\u011f\u0131 K\u00fclt\u00fcr Varl\u0131klar\u0131 Projeler M\u00fcd\u00fcr\u00fc Merve Gedik ve Me\u015fher k\u00fcrat\u00f6r\u00fc \u015eeyda \u00c7etin konu\u015fmac\u0131 olarak yer ald\u0131.<\/p>\n<p>\u201cG\u00fcndeli\u011fin G\u00f6rsel Politikas\u0131: Feminizm, Haf\u0131za ve Sanat\u201d ba\u015fl\u0131kl\u0131 ikinci panelde ise Kad\u0131n Eserleri K\u00fct\u00fcphanesi ve Bilgi Merkezi Vakf\u0131 kurucu \u00fcyelerinden F\u00fcsun Ertu\u011f, sanat\u00e7\u0131 Yasemin \u00d6zcan ve akademisyen, k\u00fcrat\u00f6r Y\u0131ld\u0131z \u00d6zt\u00fcrk kat\u0131l\u0131mc\u0131larla bulu\u015ftu.<\/p>\n<p>Manifest\u2019OU 2. Uluslararas\u0131 Sanat ve Tasar\u0131m Sempozyumu, g\u00fcndelik hayat\u0131n sanat ve tasar\u0131m arac\u0131l\u0131\u011f\u0131yla nas\u0131l g\u00f6r\u00fcn\u00fcr k\u0131l\u0131nd\u0131\u011f\u0131n\u0131, d\u00f6n\u00fc\u015ft\u00fcr\u00fcld\u00fc\u011f\u00fcn\u00fc ve yeniden yorumland\u0131\u011f\u0131n\u0131 tart\u0131\u015fmaya a\u00e7arak disiplinleraras\u0131 diyaloglar\u0131n geli\u015fmesine katk\u0131 sa\u011flad\u0131. \u0130stanbul Okan \u00dcniversitesi\u2019nin \u00f6nc\u00fcl\u00fc\u011f\u00fcnde d\u00fczenlenen sempozyum, akademisyenleri, sanat\u00e7\u0131lar\u0131 ve tasar\u0131mc\u0131lar\u0131 bir araya getirerek g\u00fcndelik olan\u0131n ta\u015f\u0131d\u0131\u011f\u0131 estetik ve d\u00fc\u015f\u00fcnsel potansiyellere odaklanan, yeni tart\u0131\u015fma alanlar\u0131 olu\u015fturdu.<\/p>\n<p>\u00a0<\/p>\n<p>Kaynak: (BYZHA) Beyaz Haber Ajans\u0131<\/p>\n","protected":false},"excerpt":{"rendered":"<p>\u0130stanbul Okan \u00dcniversitesi Sanat, Tasar\u0131m ve Mimarl\u0131k Fak\u00fcltesi ev sahipli\u011finde d\u00fczenlenen sempozyum, \u201cG\u00fcndelik Hayat: Sanat ve Tasar\u0131mda G\u00fcndelik Olan\u0131n Esteti\u011fi ve Politikas\u0131\u201d temas\u0131 etraf\u0131nda \u00fc\u00e7 g\u00fcn boyunca hem fiziksel hem \u00e7evrimi\u00e7i platformlarda zengin i\u00e7erikli oturumlara sahne oldu.<\/p>\n","protected":false},"author":1,"featured_media":3530,"comment_status":"open","ping_status":"open","sticky":false,"template":"","format":"standard","meta":{"footnotes":""},"categories":[20],"tags":[],"class_list":["post-3529","post","type-post","status-publish","format-standard","has-post-thumbnail","hentry","category-kultur-sanat"],"_links":{"self":[{"href":"https:\/\/busondakika.com.tr\/index.php?rest_route=\/wp\/v2\/posts\/3529","targetHints":{"allow":["GET"]}}],"collection":[{"href":"https:\/\/busondakika.com.tr\/index.php?rest_route=\/wp\/v2\/posts"}],"about":[{"href":"https:\/\/busondakika.com.tr\/index.php?rest_route=\/wp\/v2\/types\/post"}],"author":[{"embeddable":true,"href":"https:\/\/busondakika.com.tr\/index.php?rest_route=\/wp\/v2\/users\/1"}],"replies":[{"embeddable":true,"href":"https:\/\/busondakika.com.tr\/index.php?rest_route=%2Fwp%2Fv2%2Fcomments&post=3529"}],"version-history":[{"count":1,"href":"https:\/\/busondakika.com.tr\/index.php?rest_route=\/wp\/v2\/posts\/3529\/revisions"}],"predecessor-version":[{"id":3531,"href":"https:\/\/busondakika.com.tr\/index.php?rest_route=\/wp\/v2\/posts\/3529\/revisions\/3531"}],"wp:featuredmedia":[{"embeddable":true,"href":"https:\/\/busondakika.com.tr\/index.php?rest_route=\/wp\/v2\/media\/3530"}],"wp:attachment":[{"href":"https:\/\/busondakika.com.tr\/index.php?rest_route=%2Fwp%2Fv2%2Fmedia&parent=3529"}],"wp:term":[{"taxonomy":"category","embeddable":true,"href":"https:\/\/busondakika.com.tr\/index.php?rest_route=%2Fwp%2Fv2%2Fcategories&post=3529"},{"taxonomy":"post_tag","embeddable":true,"href":"https:\/\/busondakika.com.tr\/index.php?rest_route=%2Fwp%2Fv2%2Ftags&post=3529"}],"curies":[{"name":"wp","href":"https:\/\/api.w.org\/{rel}","templated":true}]}}