{"id":3541,"date":"2026-03-14T07:42:05","date_gmt":"2026-03-14T07:42:05","guid":{"rendered":"https:\/\/busondakika.com.tr\/?p=3541"},"modified":"2026-03-14T07:42:06","modified_gmt":"2026-03-14T07:42:06","slug":"buyuksehir-tarimsal-ekipman-destekleri-ile-ureticilerin-yuzunu-gulduruyor","status":"publish","type":"post","link":"https:\/\/busondakika.com.tr\/?p=3541","title":{"rendered":"B\u00fcy\u00fck\u015fehir tar\u0131msal ekipman destekleri ile \u00fcreticilerin y\u00fcz\u00fcn\u00fc g\u00fcld\u00fcr\u00fcyor"},"content":{"rendered":"\n<p style=\"border:none\"><span style=\"font-size:12pt\"><span style=\"background:white\"><span style=\"font-family:Cambria,serif\"><span lang=\"tr\" style=\",serif\"><span style=\"color:black\">Antalya B\u00fcy\u00fck\u015fehir Belediyesi Korkuteli&#8217;nin Yaz\u0131r Mahallesi&#8217;ne kazand\u0131rd\u0131\u011f\u0131 yem ezme ve k\u0131rma makinesi b\u00f6lgedeki \u00e7ift\u00e7ilere b\u00fcy\u00fck kolayl\u0131k sa\u011fl\u0131yor. Hayvan yemi i\u00e7in ay\u0131rd\u0131klar\u0131 tah\u0131llar\u0131 makine sayesinde h\u0131zl\u0131 bir \u015fekilde \u00f6\u011f\u00fcten \u00fcreticiler hem yem maliyetlerini azalt\u0131yor hem de hayvanlar\u0131n\u0131n verimliliklerini do\u011fal yollarla koruyor.<\/span><\/span><\/span><\/span><\/span><\/p>\n<p style=\"border:none\"><span style=\"font-size:12pt\"><span style=\"background:white\"><span style=\"font-family:Cambria,serif\"><span lang=\"tr\" style=\",serif\"><span style=\"color:black\">B\u00fcy\u00fck\u015fehir Belediyesi Tar\u0131msal Hizmetler Dairesi Ba\u015fkanl\u0131\u011f\u0131, Yaz\u0131r K\u00f6y\u00fc Tar\u0131msal Kalk\u0131nma Kooperatifi i\u015fbirli\u011fi ile Yaz\u0131r mahallesine kazand\u0131r\u0131lan yem ezme makinesi ekipman deste\u011fi b\u00f6lgedeki \u00fcreticilerin y\u00fcz\u00fcn\u00fc g\u00fcld\u00fcr\u00fcyor. Ula\u015f\u0131m kolayl\u0131\u011f\u0131 ve \u00e7ift\u00e7i dostu uygun fiyat politikas\u0131 ile hayvanc\u0131lara b\u00fcy\u00fck kolayl\u0131k sa\u011flayan makine sayesinde yaz-k\u0131\u015f ezme yem \u00fcretimi yap\u0131l\u0131yor. Saatte 3 ton yem \u00fcretimi kapasitesine makine ile \u00e7ift\u00e7iler depolad\u0131klar\u0131 tah\u0131llar\u0131 h\u0131zl\u0131 bir \u015fekilde hayvan yemine d\u00f6n\u00fc\u015ft\u00fcrebiliyor. Organik bir \u015fekilde kendi hammaddeler ile enerji ve protein y\u00f6n\u00fcnden dengeli yem \u00fcretebilen \u00e7ift\u00e7iler B\u00fcy\u00fck\u015fehir Belediyesi\u2019nin bu deste\u011finden b\u00fcy\u00fck bir memnuniyet duyuyor. <\/span><\/span><\/span><\/span><\/span><\/p>\n<p style=\"border:none\"><span style=\"font-size:12pt\"><span style=\"background:white\"><span style=\"font-family:Cambria,serif\"><span lang=\"tr\" style=\",serif\"><span style=\"color:black\">EK\u0130PMAN DESTE\u011e\u0130 \u0130LE \u00dcRET\u0130C\u0130LER KAZANIYOR<\/span><\/span><\/span><\/span><\/span><\/p>\n<p style=\"border:none\"><span style=\"font-size:12pt\"><span style=\"background:white\"><span style=\"font-family:Cambria,serif\"><span lang=\"tr\" style=\",serif\"><span style=\"color:black\">B\u00fcy\u00fck\u015fehir i\u015fbirli\u011fi ile b\u00f6lgedeki hayvanc\u0131l\u0131\u011fa \u00f6nemli bir destek sunuldu\u011funu belirten S.S. Yaz\u0131r K\u00f6y\u00fc Tar\u0131msal Kalk\u0131nma Kooperatifi Ba\u015fkan\u0131 Ya\u015far Kocao\u011flu \u201cBurada daha \u00f6nceden sadece k\u0131rma yapabiliyorduk. Sonra B\u00fcy\u00fck\u015fehir Belediyemizden talepte bulunarak ezme makinesini de ekledik. Art\u0131k herkes k\u00fc\u00e7\u00fckba\u015f ve b\u00fcy\u00fckba\u015f hayvanlar\u0131na ezme yem vermeye ba\u015flad\u0131. Vatanda\u015flar\u0131m\u0131z ellerinde ne varsa arpa, bu\u011fday, yulaf tah\u0131llar\u0131n\u0131 getiriyor. Ellerinde her zaman bulunduramayaca\u011f\u0131 ham maddeleri pamuk k\u00fcspesi, kepek ve m\u0131s\u0131r gibi ek \u00fcr\u00fcnleri de s\u00fcrekli elimizde bulundurarak biz temin ediyoruz. Vitamin ve tuzu da ekleyip fabrikada \u00fcretilen yemler gibi \u00fcretim yapabiliyoruz. Ekipman deste\u011finin b\u00f6lgemizdeki \u00fcreticilere katk\u0131s\u0131 olduk\u00e7a b\u00fcy\u00fck oldu. S\u00fcrekli ezme yem kullan\u0131ld\u0131\u011f\u0131 i\u00e7in hayvanlar\u0131n sindirimleri kolayla\u015f\u0131yor bu da verimin artmas\u0131na neden oluyor. B\u00fcy\u00fck\u015fehir Belediyemize te\u015fekk\u00fcr ederiz\u201d dedi. <\/span><\/span><\/span><\/span><\/span><\/p>\n<p style=\"border:none\"><span style=\"font-size:12pt\"><span style=\"background:white\"><span style=\"font-family:Cambria,serif\"><span lang=\"tr\" style=\",serif\"><span style=\"color:black\">KEND\u0130 YEM\u0130M\u0130Z\u0130 KEND\u0130M\u0130Z \u00dcRET\u0130YORUZ<\/span><\/span><\/span><\/span><\/span><\/p>\n<p style=\"border:none\"><span style=\"font-size:12pt\"><span style=\"background:white\"><span style=\"font-family:Cambria,serif\"><span lang=\"tr\" style=\",serif\"><span style=\"color:black\">Yaz\u0131r Mahallesi\u2019ndeki yem ezme tesisinin \u00e7evre mahallelerden de yo\u011fun ilgi g\u00f6rd\u00fc\u011f\u00fcn\u00fc s\u00f6yleyen Korkuteli Yaz\u0131r Mahalle Muhtar\u0131 Mehmet Kocao\u011flu ise \u201cBu ekipman deste\u011fi mahallemize kazand\u0131r\u0131lmadan \u00f6nce yemlerimizi haz\u0131r olarak al\u0131yorduk. Bu makine geldi\u011finden beri \u00e7ift\u00e7ilerimiz tah\u0131llar\u0131n\u0131 getirerek ezme i\u015flemi yap\u0131yor. Hayvanlara bu yem iyi geliyor. Ben kendim de hayvanc\u0131l\u0131k yap\u0131yorum. \u0130\u015fimizi kolayla\u015ft\u0131ran g\u00fczel bir hizmet. Bu \u00f6\u011f\u00fct\u00fcc\u00fc yokken il\u00e7e merkezine gitmek zorunda kal\u0131yorduk. Herkeste yemi ta\u015f\u0131yacak b\u00fcy\u00fck kapasitede vas\u0131ta olmad\u0131\u011f\u0131 i\u00e7in s\u00fcrekli gidip gelmek maliyetli ve zor oluyordu. \u015eimdi ise \u00e7evremizdeki sekiz dokuz mahalle ile birlikte buray\u0131 kullan\u0131yoruz\u201d diye konu\u015ftu. <\/span><\/span><\/span><\/span><\/span><\/p>\n<p style=\"border:none\"><span style=\"font-size:12pt\"><span style=\"background:white\"><span style=\"font-family:Cambria,serif\"><span lang=\"tr\" style=\",serif\"><span style=\"color:black\">B\u00dcY\u00dcK\u015eEH\u0130R\u2019E TE\u015eEKK\u00dcR <\/span><\/span><\/span><\/span><\/span><\/p>\n<p style=\"border:none\"><span style=\"font-size:12pt\"><span style=\"background:white\"><span style=\"font-family:Cambria,serif\"><span lang=\"tr\" style=\",serif\"><span style=\"color:black\">Kooperatif Ba\u015fkan\u0131 Kocao\u011flu, konu\u015fmas\u0131nda \u015funlara de\u011findi: \u201c\u00c7ift\u00e7ilik de yapt\u0131\u011f\u0131m\u0131z i\u00e7in her y\u0131l \u00e7e\u015fitli tah\u0131llar\u0131m\u0131z oluyor. Arpa, yulaf bu\u011fday, m\u0131s\u0131r gibi ham maddesi kendimizden \u00fcr\u00fcnlerimizi hayvanlar\u0131m\u0131z\u0131n ihtiyac\u0131na t\u00fcr\u00fcne g\u00f6re ba\u011fl\u0131 ziraat m\u00fchendislerimiz belirliyor. Fabrikada \u00fcretilen yemler gibi organik olarak ayn\u0131s\u0131n\u0131 burada kolayl\u0131kla \u00fcretebiliyoruz. En \u00f6nemlisi yemimizin i\u00e7inde ne var biliyoruz. Eme\u011fi ge\u00e7en herkese ve B\u00fcy\u00fck\u015fehir Belediyemize mahallemiz ad\u0131na \u00e7ok te\u015fekk\u00fcr ediyorum.\u201d <\/span><\/span><\/span><\/span><\/span><\/p>\n<p style=\"border:none\"><span style=\"font-size:12pt\"><span style=\"background:white\"><span style=\"font-family:Cambria,serif\"><span lang=\"tr\" style=\",serif\"><span style=\"color:black\">MAL\u0130YET\u0130 UYGUN<\/span><\/span><\/span><\/span><\/span><\/p>\n<p style=\"border:none\"><span style=\"font-size:12pt\"><span style=\"background:white\"><span style=\"font-family:Cambria,serif\"><span lang=\"tr\" style=\",serif\"><span style=\"color:black\">Yaz\u0131r Mahallesi\u2019ne 6 km uzakl\u0131ktaki Esenyurt Mahallesi\u2019nden gelerek tah\u0131llar\u0131n\u0131 \u00f6\u011f\u00fcten Recep Aksakal isimli \u00fcretici de \u201cYem ezme makinesinden son derece memnunuz. Hem yak\u0131n olmas\u0131 hem uygun fiyatl\u0131 olmas\u0131 bizim i\u00e7in b\u00fcy\u00fck avantaj sa\u011fl\u0131yor. Burada yem k\u0131rma makinesi yokken haz\u0131r yem kullan\u0131yorduk. Arpa, bu\u011fday gibi tah\u0131llar\u0131m\u0131z kendimizin oldu\u011fu i\u00e7in burada sadece \u00f6\u011f\u00fctme paras\u0131 vererek yemlerimizi \u00fcretiyoruz. Hayvanlar\u0131m\u0131za verdi\u011fimiz yemlerin i\u00e7erisine hangi katk\u0131lar\u0131 koydu\u011fumuzu g\u00f6z\u00fcm\u00fczle g\u00f6r\u00fcyoruz. Hayvanlar\u0131m\u0131z\u0131n verimi art\u0131yor destekleri i\u00e7in belediyemize te\u015fekk\u00fcr ederiz\u201d \u015feklinde konu\u015ftu.<\/span><\/span><\/span><\/span><\/span><\/p>\n<p style=\"border:none\">\u00a0<\/p>\n<p>Kaynak: (BYZHA) Beyaz Haber Ajans\u0131<\/p>\n","protected":false},"excerpt":{"rendered":"<p>Antalya B\u00fcy\u00fck\u015fehir Belediyesi Korkuteli&#8217;nin Yaz\u0131r Mahallesi&#8217;ne kazand\u0131rd\u0131\u011f\u0131 yem ezme ve k\u0131rma makinesi b\u00f6lgedeki \u00e7ift\u00e7ilere b\u00fcy\u00fck kolayl\u0131k sa\u011fl\u0131yor.<\/p>\n","protected":false},"author":1,"featured_media":3542,"comment_status":"open","ping_status":"open","sticky":false,"template":"","format":"standard","meta":{"footnotes":""},"categories":[21],"tags":[],"class_list":["post-3541","post","type-post","status-publish","format-standard","has-post-thumbnail","hentry","category-gundem"],"_links":{"self":[{"href":"https:\/\/busondakika.com.tr\/index.php?rest_route=\/wp\/v2\/posts\/3541","targetHints":{"allow":["GET"]}}],"collection":[{"href":"https:\/\/busondakika.com.tr\/index.php?rest_route=\/wp\/v2\/posts"}],"about":[{"href":"https:\/\/busondakika.com.tr\/index.php?rest_route=\/wp\/v2\/types\/post"}],"author":[{"embeddable":true,"href":"https:\/\/busondakika.com.tr\/index.php?rest_route=\/wp\/v2\/users\/1"}],"replies":[{"embeddable":true,"href":"https:\/\/busondakika.com.tr\/index.php?rest_route=%2Fwp%2Fv2%2Fcomments&post=3541"}],"version-history":[{"count":1,"href":"https:\/\/busondakika.com.tr\/index.php?rest_route=\/wp\/v2\/posts\/3541\/revisions"}],"predecessor-version":[{"id":3543,"href":"https:\/\/busondakika.com.tr\/index.php?rest_route=\/wp\/v2\/posts\/3541\/revisions\/3543"}],"wp:featuredmedia":[{"embeddable":true,"href":"https:\/\/busondakika.com.tr\/index.php?rest_route=\/wp\/v2\/media\/3542"}],"wp:attachment":[{"href":"https:\/\/busondakika.com.tr\/index.php?rest_route=%2Fwp%2Fv2%2Fmedia&parent=3541"}],"wp:term":[{"taxonomy":"category","embeddable":true,"href":"https:\/\/busondakika.com.tr\/index.php?rest_route=%2Fwp%2Fv2%2Fcategories&post=3541"},{"taxonomy":"post_tag","embeddable":true,"href":"https:\/\/busondakika.com.tr\/index.php?rest_route=%2Fwp%2Fv2%2Ftags&post=3541"}],"curies":[{"name":"wp","href":"https:\/\/api.w.org\/{rel}","templated":true}]}}