{"id":3580,"date":"2026-03-14T11:28:34","date_gmt":"2026-03-14T11:28:34","guid":{"rendered":"https:\/\/busondakika.com.tr\/?p=3580"},"modified":"2026-03-14T11:28:35","modified_gmt":"2026-03-14T11:28:35","slug":"osmangazi-kent-konseyi-ile-doruk-saglik-grubu-arasinda-saglikta-is-birligi-protokolu","status":"publish","type":"post","link":"https:\/\/busondakika.com.tr\/?p=3580","title":{"rendered":"Osmangazi Kent Konseyi ile Doruk Sa\u011fl\u0131k Grubu Aras\u0131nda Sa\u011fl\u0131kta \u0130\u015f Birli\u011fi Protokol\u00fc"},"content":{"rendered":"<p> <span style=\"font-size:12pt\"><span style=\",serif\"><span style=\"font-size:11.0pt\"><span style=\",serif\">Osmangazi Belediyesi b\u00fcnyesindeki Osmangazi Kent Konseyi ile Doruk Sa\u011fl\u0131k Grubu aras\u0131nda imzalanan i\u015f birli\u011fi protokol\u00fcyle Kent Konseyi \u00fcyeleri ve birinci derece yak\u0131nlar\u0131, Doruk Sa\u011fl\u0131k Grubu\u2019na ba\u011fl\u0131 t\u00fcm hastanelerde poliklinik muayenelerinde indirim hakk\u0131ndan faydalanacak. Protokol kapsam\u0131nda ayr\u0131ca sa\u011fl\u0131k alan\u0131nda e\u011fitim faaliyetleri ve sosyal sorumluluk projeleri de hayata ge\u00e7irilecek.<\/span><\/span><\/span><\/span><\/p>\n<p><span style=\"font-size:12pt\"><span style=\",serif\"><span style=\"font-size:11.0pt\"><span style=\",serif\">Osmangazi Belediyesi b\u00fcnyesinde faaliyetlerini g\u00f6steren Osmangazi Kent Konseyi ile Doruk Sa\u011fl\u0131k Grubu aras\u0131nda Osmangazi Belediye Ba\u015fkan Yard\u0131mc\u0131s\u0131 Mutlu Esendemir, Osmangazi Kent Konseyi Ba\u015fkan\u0131 Sevim Sakall\u0131, Doruk Sa\u011fl\u0131k Grubu Kurumsal \u0130leti\u015fim ve Pazarlama Direkt\u00f6r\u00fc G\u00f6ksel Sakarya ile Kurumsal Pazarlama Y\u00f6neticisi Elif Kahraman\u2019\u0131n kat\u0131l\u0131m\u0131yla \u00f6nemli bir i\u015f birli\u011fi protokol\u00fc imzaland\u0131. \u015ead\u0131rvanl\u0131 Han E\u011fitim Akademisi\u2019nde ger\u00e7ekle\u015fen protokol t\u00f6reniyle birlikte Osmangazi Kent Konseyi \u00fcyeleri ve birinci derece yak\u0131nlar\u0131, Doruk Sa\u011fl\u0131k Grubu\u2019na ba\u011fl\u0131 t\u00fcm hastanelerde poliklinik muayenelerinde y\u00fczde 30 indirim hakk\u0131ndan yararlanacak. Ger\u00e7ekle\u015ftirilen protokol kapsam\u0131nda ayn\u0131 zamanda iki kurum aras\u0131nda sa\u011fl\u0131k alan\u0131nda e\u011fitim faaliyetleri ve sosyal sorumluluk projeleri de hayata ge\u00e7irilecek. Yap\u0131lacak i\u015f birli\u011fiyle birlikte toplum sa\u011fl\u0131\u011f\u0131na y\u00f6nelik bilin\u00e7lendirme \u00e7al\u0131\u015fmalar\u0131, e\u011fitim toplant\u0131lar\u0131 ve \u00e7e\u015fitli sosyal sorumluluk etkinliklerinin d\u00fczenlenmesi planlan\u0131yor. Osmangazi Kent Konseyi \u00fcyelerinin sa\u011fl\u0131k hizmetlerine daha kolay ve avantajl\u0131 ko\u015fullarda eri\u015fimini sa\u011flayacak olan protokol, ayn\u0131 zamanda sa\u011fl\u0131k alan\u0131nda fark\u0131ndal\u0131k olu\u015fturacak \u00e7al\u0131\u015fmalar\u0131n da \u00f6n\u00fcn\u00fc a\u00e7acak.<\/span><\/span><\/span><\/span><\/p>\n<p><span style=\"font-size:12pt\"><span style=\",serif\"><b><span style=\"font-size:11.0pt\"><span style=\",serif\">Anla\u015fmadan Osmangazi Kent Konseyi\u2019ne Ba\u011fl\u0131 Herkes Faydalanacak<\/span><\/span><\/b><\/span><\/span><\/p>\n<p><span style=\"font-size:12pt\"><span style=\",serif\"><span style=\"font-size:11.0pt\"><span style=\",serif\">Anla\u015fman\u0131n hay\u0131rl\u0131 olmas\u0131 temennisinde bulunan Osmangazi Belediye Ba\u015fkan Yard\u0131mc\u0131s\u0131 Mutlu Esendemir, \u015f\u00f6yle konu\u015ftu:<\/span><\/span><\/span><\/span><\/p>\n<p><span style=\"font-size:12pt\"><span style=\",serif\"><span style=\"font-size:11.0pt\"><span style=\",serif\">\u201cOsmangazi Kent Konseyi ile birlikte kad\u0131n giri\u015fimcileri de dahil ettik bu anla\u015fmaya. Sa\u011f olsunlar, onlar da ho\u015fg\u00f6r\u00fcyle kar\u015f\u0131lad\u0131lar. Kad\u0131n giri\u015fimcilerimiz de burada, onlar\u0131n da i\u00e7inden g\u00f6\u011f\u00fcs taramas\u0131n\u0131 da ayn\u0131 \u015fekilde sa\u011fl\u0131ktan hizmet alamayan, sa\u011fl\u0131\u011fa ula\u015famayan pek \u00e7ok yurtta\u015f\u0131m\u0131z i\u00e7in sizden ricam\u0131z olsun.\u201d<\/span><\/span><\/span><\/span><\/p>\n<p><span style=\"font-size:12pt\"><span style=\",serif\"><b><span style=\"font-size:11.0pt\"><span style=\",serif\">\u201cOsmangazi Belediye\u2019mizin Her Zaman Yan\u0131nday\u0131z\u201d<\/span><\/span><\/b><\/span><\/span><\/p>\n<p><span style=\"font-size:12pt\"><span style=\",serif\"><span style=\"font-size:11.0pt\"><span style=\",serif\">Doruk Sa\u011fl\u0131k Grubu Kurumsal \u0130leti\u015fim ve Pazarlama Direkt\u00f6r\u00fc G\u00f6ksel Sakarya da yapt\u0131\u011f\u0131 a\u00e7\u0131klamada, \u201cBu yap\u0131lan anla\u015fman\u0131n hay\u0131rl\u0131, u\u011furlu olmas\u0131n\u0131 temenni ediyorum. Ba\u015fta Erkan Ayd\u0131n ba\u015fkan\u0131m\u0131z nezdinde Mutlu Esendemir ba\u015fkan\u0131m\u0131za i\u015f birli\u011fimizden dolay\u0131 \u00e7ok te\u015fekk\u00fcr ediyorum. Osmangazi Kent Konseyi\u2019nin b\u00fct\u00fcn \u00fcyelerine ve birinci derece yak\u0131nlar\u0131na ayaktan tedavilerde belli oranlarda hizmetimiz var fakat biz bu anla\u015fman\u0131n yan\u0131nda, nas\u0131l Osmangazi Belediyesi Bursa\u2019n\u0131n bir markas\u0131ysa, Doruk Sa\u011fl\u0131k Grubu da Bursa\u2019n\u0131n bir markas\u0131 oldu\u011fundan dolay\u0131, her t\u00fcrl\u00fc sa\u011fl\u0131k i\u015f birli\u011finde, her t\u00fcrl\u00fc sosyal projelerde Osmangazi Belediye\u2019mizin her zaman yan\u0131nday\u0131z. Dolay\u0131s\u0131yla Osmangazi Kent Konseyi\u2019mizin de yan\u0131nda olmaktan her zaman mutluluk duyaca\u011f\u0131z.\u201d ifadelerini kulland\u0131.<\/span><\/span><\/span><\/span><\/p>\n<p><span style=\"font-size:12pt\"><span style=\",serif\"><span style=\"font-size:11.0pt\"><span style=\",serif\">Osmangazi Kent Konseyi Ba\u015fkan\u0131 Sevim Sakall\u0131 da, anla\u015fman\u0131n hay\u0131rl\u0131 olmas\u0131 dile\u011finde bulunarak, muayene avantajlar\u0131ndan faydalan\u0131laca\u011f\u0131n\u0131 kaydetti. Elif Kahraman da yapt\u0131\u011f\u0131 a\u00e7\u0131klamada, hem muayene hizmetlerinden yararlan\u0131laca\u011f\u0131n\u0131, hem de sosyal fark\u0131ndal\u0131k projelerinde ger\u00e7ekle\u015fecek i\u015f birli\u011finden \u00f6t\u00fcr\u00fc memnuniyet duyduklar\u0131n\u0131 dile getirdi. <\/span><\/span><\/span><\/span><\/p>\n<p>\u00a0<\/p>\n<p>Kaynak: (BYZHA) Beyaz Haber Ajans\u0131<\/p>\n","protected":false},"excerpt":{"rendered":"<p>Osmangazi Belediyesi b\u00fcnyesindeki Osmangazi Kent Konseyi ile Doruk Sa\u011fl\u0131k Grubu aras\u0131nda imzalanan i\u015f birli\u011fi protokol\u00fcyle Kent Konseyi \u00fcyeleri ve birinci derece yak\u0131nlar\u0131, Doruk Sa\u011fl\u0131k Grubu\u2019na ba\u011fl\u0131 t\u00fcm hastanelerde poliklinik muayenelerinde indirim hakk\u0131ndan faydalanacak.<\/p>\n","protected":false},"author":1,"featured_media":3581,"comment_status":"open","ping_status":"open","sticky":false,"template":"","format":"standard","meta":{"footnotes":""},"categories":[21],"tags":[],"class_list":["post-3580","post","type-post","status-publish","format-standard","has-post-thumbnail","hentry","category-gundem"],"_links":{"self":[{"href":"https:\/\/busondakika.com.tr\/index.php?rest_route=\/wp\/v2\/posts\/3580","targetHints":{"allow":["GET"]}}],"collection":[{"href":"https:\/\/busondakika.com.tr\/index.php?rest_route=\/wp\/v2\/posts"}],"about":[{"href":"https:\/\/busondakika.com.tr\/index.php?rest_route=\/wp\/v2\/types\/post"}],"author":[{"embeddable":true,"href":"https:\/\/busondakika.com.tr\/index.php?rest_route=\/wp\/v2\/users\/1"}],"replies":[{"embeddable":true,"href":"https:\/\/busondakika.com.tr\/index.php?rest_route=%2Fwp%2Fv2%2Fcomments&post=3580"}],"version-history":[{"count":1,"href":"https:\/\/busondakika.com.tr\/index.php?rest_route=\/wp\/v2\/posts\/3580\/revisions"}],"predecessor-version":[{"id":3582,"href":"https:\/\/busondakika.com.tr\/index.php?rest_route=\/wp\/v2\/posts\/3580\/revisions\/3582"}],"wp:featuredmedia":[{"embeddable":true,"href":"https:\/\/busondakika.com.tr\/index.php?rest_route=\/wp\/v2\/media\/3581"}],"wp:attachment":[{"href":"https:\/\/busondakika.com.tr\/index.php?rest_route=%2Fwp%2Fv2%2Fmedia&parent=3580"}],"wp:term":[{"taxonomy":"category","embeddable":true,"href":"https:\/\/busondakika.com.tr\/index.php?rest_route=%2Fwp%2Fv2%2Fcategories&post=3580"},{"taxonomy":"post_tag","embeddable":true,"href":"https:\/\/busondakika.com.tr\/index.php?rest_route=%2Fwp%2Fv2%2Ftags&post=3580"}],"curies":[{"name":"wp","href":"https:\/\/api.w.org\/{rel}","templated":true}]}}