{"id":3583,"date":"2026-03-14T11:28:35","date_gmt":"2026-03-14T11:28:35","guid":{"rendered":"https:\/\/busondakika.com.tr\/?p=3583"},"modified":"2026-03-14T11:28:36","modified_gmt":"2026-03-14T11:28:36","slug":"12-turkishwin-genc-kadin-kariyer-zirvesi-gerceklesti","status":"publish","type":"post","link":"https:\/\/busondakika.com.tr\/?p=3583","title":{"rendered":"12. TurkishWIN Gen\u00e7 Kad\u0131n Kariyer Zirvesi Ger\u00e7ekle\u015fti"},"content":{"rendered":"<p> \u00a0Her y\u0131l y\u00fczlerce genci ilham veren konu\u015fmac\u0131lar ve \u015firketlerle bulu\u015fturan\u00a0<strong>TurkishWIN Gen\u00e7 Kad\u0131n Kariyer Zirvesi\u2019nin\u00a0<\/strong>12\u2019ncisi Vodafone\u2019un evsahipli\u011finde ger\u00e7ekle\u015fti. T\u00fcrkiye\u2019nin kad\u0131n odakl\u0131 ilk ve tek kariyer etkinli\u011finde, \u00fcniversite \u00f6\u011frencileri ve \u00e7al\u0131\u015fan kad\u0131nlar, kariyer yolculuklar\u0131nda \u201cBen de var\u0131m\u201d diyerek yerlerini ald\u0131. \u201cO yaparsa ben de yapar\u0131m\u201d slogan\u0131yla yola \u00e7\u0131kan TurkishWIN, i\u015f d\u00fcnyas\u0131ndan bir\u00e7ok \u00f6nemli ismi, i\u015f hayat\u0131na at\u0131lmaya haz\u0131rlanan \u00fcniversiteli gen\u00e7 kad\u0131nlar\u0131, kad\u0131n yeteneklere yat\u0131r\u0131m yapan \u015firketleri ve i\u015f hayat\u0131nda k\u0131z karde\u015flik i\u00e7in \u201cBen de var\u0131m\u201d diyen \u00e7al\u0131\u015fan kad\u0131nlar\u0131 bir araya getirdi. Zirvede; \u201cGelecek Senin\u201d, \u201cHikayeni Yaz\u201d, \u201cO Yaparsa Sen de Yapars\u0131n\u201d temalar\u0131nda 29 ki\u015fi ilham verici konu\u015fmalar yapt\u0131.\u00a0<\/p>\n<p>Etkinlikte konu\u015fan<strong>\u00a0Vodafone T\u00fcrkiye \u0130cra Kurulu Ba\u015fkan Yard\u0131mc\u0131s\u0131 Hana Jalel Milesi<\/strong>, \u015funlar\u0131 s\u00f6yledi:\u00a0<\/p>\n<p>\u201cVodafone olarak, kad\u0131nlar\u0131n potansiyelini ortaya \u00e7\u0131karan, \u00f6nlerindeki engelleri kald\u0131ran ve e\u015fit f\u0131rsatlar yaratan bir ortam olu\u015fturmay\u0131 \u00f6nceliklendiriyoruz; \u00e7\u00fcnk\u00fc biliyoruz ki kad\u0131nlar\u0131n g\u00fc\u00e7lenmesi, daha iyi i\u015f sonu\u00e7lar\u0131, daha g\u00fc\u00e7l\u00fc ekipler ve en \u00f6nemlisi, daha sa\u011fl\u0131kl\u0131 bir toplum demek.\u00a0McKinsey\u2019in \u20182023 Diversity Matters Even More\u2019 ara\u015ft\u0131rmas\u0131na g\u00f6re, \u00fcst y\u00f6netimde toplumsal cinsiyet \u00e7e\u015fitlili\u011fi y\u00fcksek olan \u015firketlerin finansal olarak daha iyi performans g\u00f6sterme ihtimali %39 daha fazla. Kad\u0131nlar g\u00fc\u00e7lendik\u00e7e, toplum da, ekonomi de g\u00fc\u00e7lenir. Kad\u0131nlar, \u00e7o\u011fu zaman yeni bir role ad\u0131m atmak i\u00e7in tam haz\u0131r olmay\u0131 bekliyor. Oysa bazen %80 haz\u0131r olmak yeterli, \u00e7\u00fcnk\u00fc deneyim yolda kazan\u0131l\u0131r. Tam bu noktada mentorluk, rol modeller, kad\u0131n dayan\u0131\u015fmas\u0131 ve \u00e7ekinmeden destek istemek, bizi b\u00fcy\u00fct\u00fcr; yaln\u0131z olmad\u0131\u011f\u0131m\u0131z\u0131 hissettirir ve \u2018Ben de yapar\u0131m\u2019 g\u00fcvenini getirir. Kad\u0131nlar\u0131n i\u00e7ten gelen g\u00fcc\u00fc, dayan\u0131kl\u0131l\u0131\u011f\u0131, empatisi, \u00e7ok y\u00f6nl\u00fcl\u00fc\u011f\u00fc, birlikte hareket etti\u011finde katlanarak art\u0131yor. TurkishWIN gibi platformlar, kad\u0131nlar\u0131n birbirine omuz verdi\u011fi alan\u0131 b\u00fcy\u00fct\u00fcyor; dayan\u0131\u015fmay\u0131 g\u00f6r\u00fcn\u00fcr ve s\u00fcrd\u00fcr\u00fclebilir k\u0131l\u0131yor.\u201d<\/p>\n<p><strong>TurkishWIN Kurucusu Melek Pulatkonak<\/strong>\u00a0ise \u015f\u00f6yle konu\u015ftu:<\/p>\n<p>\u201cGen\u00e7 kad\u0131nlar\u0131n sevdikleri meslekleri ke\u015ffetmeleri i\u00e7in ihtiya\u00e7 duyduklar\u0131 rol model, mentor ve network \u2014 k\u0131saca \u2018hayat okulu\u2019 eksiklerini tamamlamak i\u00e7in biz buraday\u0131z. Hep birlikte 7 Mart, 8 Mart, 9 Mart ve y\u0131l\u0131n 365 g\u00fcn\u00fc i\u015fte f\u0131rsat e\u015fitli\u011fini sa\u011flamak i\u00e7in yan yana, omuz omuza, birlikteyiz.\u201d\u00a0<\/p>\n<p><strong>\u0130lham veren konu\u015fmac\u0131lar kat\u0131ld\u0131<\/strong><\/p>\n<p>12. TurkishWIN Gen\u00e7 Kad\u0131n Kariyer Zirvesi\u2019nde SEDEFED Ba\u015fkan\u0131\u00a0<strong>Emine Erdem<\/strong>, Oyuncu, Senarist ve Yap\u0131mc\u0131\u00a0<strong>Defne Kayalar<\/strong>, N\u00f6ro Sa\u011fl\u0131k Beyin Ara\u015ft\u0131rma Uygulama Merkezi ve London School of Mind kurucusu\u00a0<strong>Kerem D\u00fcndar<\/strong>, Vodafone T\u00fcrkiye \u0130cra Kurulu Ba\u015fkan Yard\u0131mc\u0131s\u0131\u00a0<strong>Meltem Bakiler \u015eahin<\/strong>, NeuroVision AI Tech Inc. Kurucu CEO\u2019su ve Teknoloji Lideri\u00a0<strong>Z\u00fclal Tannur<\/strong>, Gazeteci\u00a0<strong>Bahar Ak\u0131nc\u0131<\/strong>, \u0130SPER Y\u00f6netim Kurulu Ba\u015fkan\u0131 ve A\u011fa\u00e7 ve Peyzaj A.\u015e. Genel M\u00fcd\u00fcr Vekili\u00a0<strong>Banu Sara\u00e7lar<\/strong>, Logo Grup Finansal Teknolojiler ve Perakende \u00c7\u00f6z\u00fcmler Genel M\u00fcd\u00fcr\u00fc\u00a0<strong>Ba\u015fak Kural Uslu<\/strong>, BAT T\u00fcrkiye \/ Kuzey K\u0131br\u0131s \u0130\u015f Geli\u015ftirme ve S\u00fcrd\u00fcr\u00fclebilirlik Direkt\u00f6r\u00fc\u00a0<strong>Selcen Bu\u011fday G\u00f6kalp<\/strong>\u00a0No108 Production Sanat\u00e7\u0131s\u0131, S\u00f6z Yazar\u0131 ve Besteci\u00a0<strong>Dilek Torgut<\/strong>, M\u00fczisyen\u00a0<strong>Ozan Ko\u00e7<\/strong>, M\u00fczisyen\u00a0<strong>Muharrem Sal\u0131n<\/strong>, F\u00fct\u00fcrist\u00a0<strong>Eray Y\u00fcksek<\/strong>, Youthall Kurucu Orta\u011f\u0131\u00a0<strong>Elis Y\u0131lmaz<\/strong>, Wellbees Kurucu CEO\u2019su\u00a0<strong>Melis Abac\u0131o\u011flu<\/strong>, Klinik Psikolog, Ay\u0131k Kafa Podcast Sunucusu ve Giri\u015fimci\u00a0<strong>Esra \u00c7avu\u015fo\u011flu PhD<\/strong>, Vodafone T\u00fcrkiye Merkezi Kurulum ve Saha Operasyonlar\u0131 K\u0131demli Y\u00f6neticisi\u00a0<strong>Funda Aydar,<\/strong>\u00a0TurkishWIN Mentorluk Programlar\u0131 Lideri\u00a0<strong>\u015eevval Erol Fergana<\/strong>, Bah\u00e7e\u015fehir \u00dcniversitesi \u00d6\u011frencisi\u00a0<strong>Zeynep Ar\u0131kan<\/strong>, Yapay Zeka Lideri\u00a0<strong>Sezen Feleko\u011flu<\/strong>, Vodafone T\u00fcrkiye B\u00fcy\u00fck Veri ve Yapay Zeka K\u0131demli M\u00fcd\u00fcr\u00fc\u00a0<strong>Ecem S\u00f6zeri<\/strong>, Lagalugac\u0131lar CEO\u2019su\u00a0<strong>At\u0131l \u00dcnal<\/strong>, Business Networking Akademi Kurucusu<strong>\u00a0Ertu\u011frul Belen<\/strong>, Beba \u0130novasyon ve Giri\u015fimcilik Vakf\u0131 Genel M\u00fcd\u00fcr\u00fc\u00a0<strong>Korhan Beba<\/strong>, Bluechip Creative Events &amp; Global DMC Ajans Kurucu Ba\u015fkan\u0131\u00a0<strong>Elmas \u00d6zler,<\/strong>\u00a0Royal Canin Kilit M\u00fc\u015fteriler M\u00fcd\u00fcr\u00fc\u00a0<strong>Tu\u011f\u00e7e Erdem<\/strong>, \u00d6\u011fretmen Akademisi Vakf\u0131 Genel M\u00fcd\u00fcr\u00fc\u00a0<strong>Arzu Atasoy<\/strong>, TEGEP Y\u00f6netim Kurulu Ba\u015fkan\u0131 ve Akbankl\u0131 Deneyimi ve Akademi B\u00f6l\u00fcm Ba\u015fkan\u0131\u00a0<strong>Selda \u00d6z\u00e7al\u0131k\u00a0<\/strong>yer ald\u0131.<\/p>\n<p>\u00a0<\/p>\n<p>\u00a0<\/p>\n<p>Kaynak: (BYZHA) Beyaz Haber Ajans\u0131<\/p>\n","protected":false},"excerpt":{"rendered":"<p>\u00a0Her y\u0131l y\u00fczlerce genci ilham veren konu\u015fmac\u0131lar ve \u015firketlerle bulu\u015fturan\u00a0TurkishWIN Gen\u00e7 Kad\u0131n Kariyer Zirvesi\u2019nin\u00a012\u2019ncisi Vodafone\u2019un evsahipli\u011finde ger\u00e7ekle\u015fti.<\/p>\n","protected":false},"author":1,"featured_media":3584,"comment_status":"open","ping_status":"open","sticky":false,"template":"","format":"standard","meta":{"footnotes":""},"categories":[21],"tags":[],"class_list":["post-3583","post","type-post","status-publish","format-standard","has-post-thumbnail","hentry","category-gundem"],"_links":{"self":[{"href":"https:\/\/busondakika.com.tr\/index.php?rest_route=\/wp\/v2\/posts\/3583","targetHints":{"allow":["GET"]}}],"collection":[{"href":"https:\/\/busondakika.com.tr\/index.php?rest_route=\/wp\/v2\/posts"}],"about":[{"href":"https:\/\/busondakika.com.tr\/index.php?rest_route=\/wp\/v2\/types\/post"}],"author":[{"embeddable":true,"href":"https:\/\/busondakika.com.tr\/index.php?rest_route=\/wp\/v2\/users\/1"}],"replies":[{"embeddable":true,"href":"https:\/\/busondakika.com.tr\/index.php?rest_route=%2Fwp%2Fv2%2Fcomments&post=3583"}],"version-history":[{"count":1,"href":"https:\/\/busondakika.com.tr\/index.php?rest_route=\/wp\/v2\/posts\/3583\/revisions"}],"predecessor-version":[{"id":3585,"href":"https:\/\/busondakika.com.tr\/index.php?rest_route=\/wp\/v2\/posts\/3583\/revisions\/3585"}],"wp:featuredmedia":[{"embeddable":true,"href":"https:\/\/busondakika.com.tr\/index.php?rest_route=\/wp\/v2\/media\/3584"}],"wp:attachment":[{"href":"https:\/\/busondakika.com.tr\/index.php?rest_route=%2Fwp%2Fv2%2Fmedia&parent=3583"}],"wp:term":[{"taxonomy":"category","embeddable":true,"href":"https:\/\/busondakika.com.tr\/index.php?rest_route=%2Fwp%2Fv2%2Fcategories&post=3583"},{"taxonomy":"post_tag","embeddable":true,"href":"https:\/\/busondakika.com.tr\/index.php?rest_route=%2Fwp%2Fv2%2Ftags&post=3583"}],"curies":[{"name":"wp","href":"https:\/\/api.w.org\/{rel}","templated":true}]}}