{"id":3586,"date":"2026-03-14T11:28:38","date_gmt":"2026-03-14T11:28:38","guid":{"rendered":"https:\/\/busondakika.com.tr\/?p=3586"},"modified":"2026-03-14T11:28:39","modified_gmt":"2026-03-14T11:28:39","slug":"deuden-2025te-rekor-sayida-sosyal-sorumluluk-projesi","status":"publish","type":"post","link":"https:\/\/busondakika.com.tr\/?p=3586","title":{"rendered":"DE\u00dc\u2019den 2025\u2019te Rekor Say\u0131da Sosyal Sorumluluk Projesi"},"content":{"rendered":"<p> Y\u00fcksek\u00f6\u011fretim Kurulu (Y\u00d6K) taraf\u0131ndan yap\u0131lan yaz\u0131l\u0131 a\u00e7\u0131klamada, T\u00fcrkiye\u2019de devlet ve vak\u0131f \u00fcniversiteleri taraf\u0131ndan toplam 15 bin 395 sosyal sorumluluk projesinin hayata ge\u00e7irildi\u011fi ifade edildi.<\/p>\n<p>B\u00fct\u00e7esi, hedefi ve \u00e7\u0131kt\u0131s\u0131 bulunan ve en az iki ay s\u00fcren projelerin de\u011ferlendirmeye al\u0131nd\u0131\u011f\u0131 s\u0131ralamada, toplumsal katk\u0131 alan\u0131nda \u00f6nemli bir rol \u00fcstlenen \u00fcniversiteler aras\u0131nda Dokuz Eyl\u00fcl \u00dcniversitesi \u00fclke s\u0131ralamas\u0131nda 4. s\u0131rada yer ald\u0131.<\/p>\n<p>2024 y\u0131l\u0131nda 164 sosyal sorumluluk projesi ger\u00e7ekle\u015ftiren DE\u00dc, 2025 y\u0131l\u0131nda proje say\u0131s\u0131n\u0131 \u00f6nemli \u00f6l\u00e7\u00fcde art\u0131rarak bu alanda 294 proje ger\u00e7ekle\u015ftirdi. \u00dcniversitenin k\u0131sa s\u00fcrede elde etti\u011fi bu art\u0131\u015f, topluma y\u00f6nelik \u00e7al\u0131\u015fmalar\u0131n kurumsal bir anlay\u0131\u015fla ve geni\u015f bir kat\u0131l\u0131mla s\u00fcrd\u00fcr\u00fcld\u00fc\u011f\u00fcn\u00fc ortaya koydu.<\/p>\n<p>Konuya ili\u015fkin de\u011ferlendirmelerde bulunan DE\u00dc Rekt\u00f6r\u00fc Prof. Dr.\u00a0Bayram Y\u0131lmaz, \u00fcniversitelerin yaln\u0131zca e\u011fitim ve ara\u015ft\u0131rma faaliyetleriyle de\u011fil, topluma sa\u011flad\u0131klar\u0131 katk\u0131larla da \u00f6n plana \u00e7\u0131kt\u0131\u011f\u0131n\u0131 ifade etti.<\/p>\n<p><b>\u201cAKADEM\u0130K B\u0130R\u0130K\u0130M\u0130M\u0130Z\u0130 TOPLUMLA BULU\u015eTURMAYI \u00d6NCEL\u0130KL\u0130 SORUMLULU\u011eUMUZ OLARAK G\u00d6R\u00dcYORUZ\u201d<\/b><\/p>\n<p>DE\u00dc Rekt\u00f6r\u00fc Prof. Dr. Bayram Y\u0131lmaz yapt\u0131\u011f\u0131 a\u00e7\u0131klamada \u015fu ifadelere yer verdi:<\/p>\n<p>\u201cDokuz Eyl\u00fcl \u00dcniversitesi olarak sa\u011fl\u0131k, m\u00fchendislik ve sosyal bilimler alan\u0131nda fak\u00fcltelerimizde, meslek y\u00fcksekokullar\u0131m\u0131zda ve enstit\u00fclerimizde y\u00fcr\u00fctt\u00fc\u011f\u00fcm\u00fcz \u00e7al\u0131\u015fmalar\u0131n ve ara\u015ft\u0131rmalar\u0131n temelinde\u00a0kamusal yarar\u0131 g\u00f6zetmekteyiz. Bilimsel bilgi ve akademik birikimimizi toplumun ihtiya\u00e7lar\u0131yla bulu\u015fturmay\u0131 \u00f6ncelikli sorumluluklar\u0131m\u0131z aras\u0131nda g\u00f6r\u00fcyoruz.\u201d<\/p>\n<p>\u00dcniversitenin toplumsal katk\u0131 vizyonu do\u011frultusunda \u00f6\u011frenciler ve akademisyenlerin geni\u015f kat\u0131l\u0131m\u0131yla \u00e7ok say\u0131da proje y\u00fcr\u00fct\u00fcld\u00fc\u011f\u00fcn\u00fc kaydeden Rekt\u00f6r Y\u0131lmaz, \u201cE\u011fitimden sa\u011fl\u0131\u011fa, \u00e7evre fark\u0131ndal\u0131\u011f\u0131ndan dezavantajl\u0131 gruplara y\u00f6nelik destek \u00e7al\u0131\u015fmalar\u0131na kadar bir\u00e7ok alanda hayata ge\u00e7irilen projelerle toplumla g\u00fc\u00e7l\u00fc ba\u011flar kuruyoruz. \u00d6\u011frencilerimizin sosyal sorumluluk bilinciyle yeti\u015fmesi ve akademik \u00e7al\u0131\u015fmalar\u0131n toplum yarar\u0131na d\u00f6n\u00fc\u015fmesi bizim i\u00e7in b\u00fcy\u00fck \u00f6nem ta\u015f\u0131yor,\u201d ifadelerini kulland\u0131.<\/p>\n<p><b>\u201cTOPLUMUN FARKLI KES\u0130MLER\u0130NE DOKUNMAYA DEVAM EDECE\u011e\u0130Z\u201d<\/b><\/p>\n<p>DE\u00dc\u2019n\u00fcn toplumsal fayday\u0131 merkeze alan projeler \u00fcretmeye devam edece\u011fini vurgulayan Rekt\u00f6r Y\u0131lmaz, \u00fcniversitenin yerel, ulusal ve uluslararas\u0131 payda\u015flarla i\u015f birli\u011fi i\u00e7inde sosyal sorumluluk faaliyetlerini daha da geli\u015ftirmeyi hedefledi\u011fini belirtti.<\/p>\n<p>\u201c\u00dcniversitemizde y\u00fcr\u00fct\u00fclen sosyal sorumluluk projeleri; akademisyenlerimizin bilgi birikimi, \u00f6\u011frencilerimizin dinamizmi ve kurumumuzun g\u00fc\u00e7l\u00fc altyap\u0131s\u0131 sayesinde her ge\u00e7en y\u0131l daha geni\u015f kitlelere ula\u015f\u0131yor. \u00d6n\u00fcm\u00fczdeki d\u00f6nemde de toplumun farkl\u0131 kesimlerine dokunan, s\u00fcrd\u00fcr\u00fclebilir ve etkisi y\u00fcksek projeler \u00fcretmeye devam edece\u011fiz,\u201d s\u00f6zleriyle a\u00e7\u0131klamalar\u0131n\u0131 tamamlayan Rekt\u00f6r Y\u0131lmaz, bu ba\u015far\u0131da eme\u011fi bulunan t\u00fcm akademisyenlere, \u00f6\u011frencilere ve payda\u015flara te\u015fekk\u00fcr etti.<\/p>\n<p>\u00a0<\/p>\n<p>\u00a0<\/p>\n<p>Kaynak: (BYZHA) Beyaz Haber Ajans\u0131<\/p>\n","protected":false},"excerpt":{"rendered":"<p>Y\u00fcksek\u00f6\u011fretim Kurulu (Y\u00d6K) taraf\u0131ndan yap\u0131lan yaz\u0131l\u0131 a\u00e7\u0131klamada, T\u00fcrkiye\u2019de devlet ve vak\u0131f \u00fcniversiteleri taraf\u0131ndan toplam 15 bin 395 sosyal sorumluluk projesinin hayata ge\u00e7irildi\u011fi ifade edildi.<\/p>\n","protected":false},"author":1,"featured_media":3587,"comment_status":"open","ping_status":"open","sticky":false,"template":"","format":"standard","meta":{"footnotes":""},"categories":[21],"tags":[],"class_list":["post-3586","post","type-post","status-publish","format-standard","has-post-thumbnail","hentry","category-gundem"],"_links":{"self":[{"href":"https:\/\/busondakika.com.tr\/index.php?rest_route=\/wp\/v2\/posts\/3586","targetHints":{"allow":["GET"]}}],"collection":[{"href":"https:\/\/busondakika.com.tr\/index.php?rest_route=\/wp\/v2\/posts"}],"about":[{"href":"https:\/\/busondakika.com.tr\/index.php?rest_route=\/wp\/v2\/types\/post"}],"author":[{"embeddable":true,"href":"https:\/\/busondakika.com.tr\/index.php?rest_route=\/wp\/v2\/users\/1"}],"replies":[{"embeddable":true,"href":"https:\/\/busondakika.com.tr\/index.php?rest_route=%2Fwp%2Fv2%2Fcomments&post=3586"}],"version-history":[{"count":1,"href":"https:\/\/busondakika.com.tr\/index.php?rest_route=\/wp\/v2\/posts\/3586\/revisions"}],"predecessor-version":[{"id":3588,"href":"https:\/\/busondakika.com.tr\/index.php?rest_route=\/wp\/v2\/posts\/3586\/revisions\/3588"}],"wp:featuredmedia":[{"embeddable":true,"href":"https:\/\/busondakika.com.tr\/index.php?rest_route=\/wp\/v2\/media\/3587"}],"wp:attachment":[{"href":"https:\/\/busondakika.com.tr\/index.php?rest_route=%2Fwp%2Fv2%2Fmedia&parent=3586"}],"wp:term":[{"taxonomy":"category","embeddable":true,"href":"https:\/\/busondakika.com.tr\/index.php?rest_route=%2Fwp%2Fv2%2Fcategories&post=3586"},{"taxonomy":"post_tag","embeddable":true,"href":"https:\/\/busondakika.com.tr\/index.php?rest_route=%2Fwp%2Fv2%2Ftags&post=3586"}],"curies":[{"name":"wp","href":"https:\/\/api.w.org\/{rel}","templated":true}]}}