{"id":3595,"date":"2026-03-14T11:37:36","date_gmt":"2026-03-14T11:37:36","guid":{"rendered":"https:\/\/busondakika.com.tr\/?p=3595"},"modified":"2026-03-14T11:37:37","modified_gmt":"2026-03-14T11:37:37","slug":"ogrenciler-ara-tatilde-genc-yakada-bulusacak","status":"publish","type":"post","link":"https:\/\/busondakika.com.tr\/?p=3595","title":{"rendered":"\u00d6\u011frenciler ara tatilde \u2018Gen\u00e7 Yaka\u2019da bulu\u015facak"},"content":{"rendered":"<p> <b>Bostanl\u0131\u2019da hizmete a\u00e7\u0131lan Kar\u015f\u0131yaka Belediyesi Gen\u00e7 Yaka Kafe ve Gen\u00e7lik Merkezi, k\u0131sa zamanda en \u00e7ok tercih edilen sosyal tesislerden biri haline geldi. \u00d6zellikle hafta sonlar\u0131 yo\u011fun ilgi g\u00f6ren merkez, bu ara tatilde de gen\u00e7lerin bulu\u015fma noktas\u0131 olacak. Belediye Ba\u015fkan\u0131 Y\u0131ld\u0131z \u00dcnsal \u201cT\u00fcm gen\u00e7lerimizi, arkada\u015flar\u0131yla birlikte e\u011flenip sosyalle\u015febilecekleri Gen\u00e7 Yaka\u2019ya bekliyoruz\u201d dedi.<\/b><\/p>\n<p>Kar\u015f\u0131yaka Belediyesi taraf\u0131ndan kente kazand\u0131r\u0131lan Gen\u00e7 Yaka Kafe ve Gen\u00e7lik Merkezi, birbirinden e\u011flenceli oyun ve aktivite alanlar\u0131yla gen\u00e7lerin g\u00f6zdesi oldu. Ge\u00e7en Ocak ay\u0131ndan bu yana, Kar\u015f\u0131yaka ba\u015fta olmak \u00fczere \u0130zmir\u2019in d\u00f6rt bir yan\u0131ndan y\u00fczlerce genci a\u011f\u0131rlayan tesis, 16-20 Mart tarihleri aras\u0131ndaki ara tatilde de e\u011flenmek ve sosyalle\u015fmek isteyen \u00f6\u011frencilerin adresi olacak.<\/p>\n<p><b>\u0130\u015e MAK\u0130NES\u0130 PARKURU \u00c7OK SEV\u0130LD\u0130<\/b><br \/>Bostanl\u0131 U\u011fur Mumcu Park\u0131 i\u00e7erisinde yer alan Gen\u00e7 Yaka; oyun, sosyalle\u015fme ve \u00e7al\u0131\u015fma alanlar\u0131n\u0131 bir arada sunuyor. Masa tenisi, dart, karaoke ve \u00e7e\u015fitli kutu oyunlar\u0131n\u0131n yan\u0131 s\u0131ra Gen\u00e7 Yaka\u2019da; \u00e7al\u0131\u015fma masalar\u0131 ve \u00fccretsiz internet imk\u00e2n\u0131 da bulunuyor. Merkezin en \u00e7ok ilgi g\u00f6ren alanlar\u0131n\u0131n ba\u015f\u0131nda ise \u0130zmir\u2019de bir belediye b\u00fcnyesinde ilk olan i\u015f makinesi oyun parkuru geliyor. Kumandal\u0131 ara\u00e7larla kum havuzunda oynanan \u015fantiye temal\u0131 bu \u00f6zel alandan 15 ya\u015f ve \u00fczeri t\u00fcm vatanda\u015flar yararlanabiliyor. Konuklar\u0131 i\u00e7in sosyalle\u015fme, e\u011flenme ve birlikte \u00fcretme ortam\u0131 yaratan Gen\u00e7 Yaka, il\u00e7e merkezindeki konumuyla kolay ula\u015f\u0131m imkan\u0131 da sunuyor.<\/p>\n<p><b>\u201cT\u00dcM GEN\u00c7LER\u0130 BEKL\u0130YORUZ\u201d<\/b><br \/>Kar\u015f\u0131yaka Belediye Ba\u015fkan\u0131 Y\u0131ld\u0131z \u00dcnsal, \u201cGen\u00e7 Yaka sadece bir bina ya da kafe de\u011fil; gen\u00e7lerimizin kendilerini ifade edebilece\u011fi, sosyalle\u015febilece\u011fi ve \u00fcretebilece\u011fi bir ya\u015fam alan\u0131 olarak tasarland\u0131. Bu yenilik\u00e7i merkezin k\u0131sa s\u00fcrede b\u00fcy\u00fck bir ilgi ve be\u011feniyle kar\u015f\u0131lanmas\u0131ndan mutluluk duyuyoruz. Her zaman oldu\u011fu gibi bu ara tatilde de \u00f6\u011frencilerimizi burada a\u011f\u0131rlamak i\u00e7in sab\u0131rs\u0131zlan\u0131yoruz. T\u00fcm gen\u00e7leri, arkada\u015flar\u0131yla birlikte e\u011flenip sosyalle\u015febilecekleri Gen\u00e7 Yaka\u2019ya bekliyoruz\u201d diye konu\u015ftu.<\/p>\n<p>Kaynak: (BYZHA) Beyaz Haber Ajans\u0131<\/p>\n","protected":false},"excerpt":{"rendered":"<p>Bostanl\u0131\u2019da hizmete a\u00e7\u0131lan Kar\u015f\u0131yaka Belediyesi Gen\u00e7 Yaka Kafe ve Gen\u00e7lik Merkezi, k\u0131sa zamanda en \u00e7ok tercih edilen sosyal tesislerden biri haline geldi.<\/p>\n","protected":false},"author":1,"featured_media":3596,"comment_status":"open","ping_status":"open","sticky":false,"template":"","format":"standard","meta":{"footnotes":""},"categories":[21],"tags":[],"class_list":["post-3595","post","type-post","status-publish","format-standard","has-post-thumbnail","hentry","category-gundem"],"_links":{"self":[{"href":"https:\/\/busondakika.com.tr\/index.php?rest_route=\/wp\/v2\/posts\/3595","targetHints":{"allow":["GET"]}}],"collection":[{"href":"https:\/\/busondakika.com.tr\/index.php?rest_route=\/wp\/v2\/posts"}],"about":[{"href":"https:\/\/busondakika.com.tr\/index.php?rest_route=\/wp\/v2\/types\/post"}],"author":[{"embeddable":true,"href":"https:\/\/busondakika.com.tr\/index.php?rest_route=\/wp\/v2\/users\/1"}],"replies":[{"embeddable":true,"href":"https:\/\/busondakika.com.tr\/index.php?rest_route=%2Fwp%2Fv2%2Fcomments&post=3595"}],"version-history":[{"count":1,"href":"https:\/\/busondakika.com.tr\/index.php?rest_route=\/wp\/v2\/posts\/3595\/revisions"}],"predecessor-version":[{"id":3597,"href":"https:\/\/busondakika.com.tr\/index.php?rest_route=\/wp\/v2\/posts\/3595\/revisions\/3597"}],"wp:featuredmedia":[{"embeddable":true,"href":"https:\/\/busondakika.com.tr\/index.php?rest_route=\/wp\/v2\/media\/3596"}],"wp:attachment":[{"href":"https:\/\/busondakika.com.tr\/index.php?rest_route=%2Fwp%2Fv2%2Fmedia&parent=3595"}],"wp:term":[{"taxonomy":"category","embeddable":true,"href":"https:\/\/busondakika.com.tr\/index.php?rest_route=%2Fwp%2Fv2%2Fcategories&post=3595"},{"taxonomy":"post_tag","embeddable":true,"href":"https:\/\/busondakika.com.tr\/index.php?rest_route=%2Fwp%2Fv2%2Ftags&post=3595"}],"curies":[{"name":"wp","href":"https:\/\/api.w.org\/{rel}","templated":true}]}}